{"id":184831,"date":"2026-05-20T19:16:08","date_gmt":"2026-05-20T19:16:08","guid":{"rendered":"https:\/\/www.europesays.com\/ro\/184831\/"},"modified":"2026-05-20T19:16:08","modified_gmt":"2026-05-20T19:16:08","slug":"inca-o-plecare-de-la-craiova-conducerea-oltenilor-a-anuntat-despartirea-de-un-fundas-experimentat-se-pregatesc-noi-transferuri","status":"publish","type":"post","link":"https:\/\/www.europesays.com\/ro\/184831\/","title":{"rendered":"\u00cenc\u0103 o plecare de la Craiova.\u00a0Conducerea oltenilor a anun\u021bat desp\u0103r\u021birea de un funda\u0219 experimentat \u00bb Se preg\u0103tesc noi transferuri"},"content":{"rendered":"<ul class=\"bullets\">&#13;<\/p>\n<li>Sorin C\u00e2r\u021bu (70 de ani), pre\u0219edintele de onoare al Universit\u0103\u021bii Craiova, a vorbit despre campania de transferuri din var\u0103 \u0219i a anun\u021bat c\u0103 un juc\u0103tor va p\u0103r\u0103si noua campioan\u0103 a Rom\u00e2niei.<\/li>\n<p>&#13;<br \/>\n&#13;<\/p>\n<li>Despre cine este vorba \u0219i pe cine a pus ochii Sorin C\u00e2r\u021bu, mai jos \u00een articol.<\/li>\n<p>&#13;\n<\/ul>\n<p class=\"\">Universitatea Craiova a c\u00e2\u0219tigat titlul dup\u0103 o a\u0219teptare de 35 de ani \u0219i va evolua \u00een preliminariile Ligii Campionilor, acolo unde <a target=\"_blank\" href=\"https:\/\/golazo.ro\/universitatea-craiova-sanse-calificare-preliminarii-liga-campionilor-174652\" rel=\"nofollow noopener\">va fi cap de serie \u00een primul tur<\/a>. <\/p>\n<p class=\"\">Conducerea oltenilor se g\u00e2nde\u0219te deja la noile transferuri din var\u0103 pentru a putea creiona un lot valoros pentru cupele europene.<\/p>\n<p>Sorin C\u00e2r\u021bu: \u201eDin ap\u0103rare \u00ee\u0163i pleac\u0103 Mogo\u015f\u201d<\/p>\n<p class=\"\">Sorin C\u00e2r\u021bu a precizat c\u0103 ac\u021bionarii de la Craiova, printre care \u0219i Mihai Rotaru, vor s\u0103 f\u0103c\u0103 investi\u0163ii importante la clubul oltean \u00een perioada urm\u0103toare \u0219i a mai precizat c\u0103 Vasile Mogo\u0219 (33 de ani) va p\u0103r\u0103si echipa, dar se vor efectua mai multe transferuri la finalul sezonului.<\/p>\n<p class=\"\">\u201eTot ce \u00eenseamn\u0103 grupul de investitori la Craiova g\u00e2ndesc investi\u0163iile \u015fi vor ac\u0163iona. Nu au venit doar s\u0103 ia campionatul. Se va da un restart \u015fi anul \u0103sta se va face altfel. <\/p>\n<p class=\"\">Am stat printre ei \u015fi \u015ftiu c\u0103 sunt oameni poten\u0163i. Vor da c\u00e2t trebuie. Au 5%, domnul Rotaru are 51%, dar vor ac\u0163iona f\u0103r\u0103 niciun fel de fric\u0103. Se \u00eencearc\u0103 s\u0103 se ac\u0163ioneze pozitiv.<\/p>\n<p class=\"\">Nu vreau s\u0103 spun pe cine a\u015f lua. Azi (n.r. mar\u021bi) i-am spus domnului Rotaru c\u0103-mi place din Rom\u00e2nia un st\u00e2ngaci care se mi\u015fc\u0103 foarte bine, dar nu vreau s\u0103 se aud\u0103, ca dup\u0103 s\u0103 se \u00eenceap\u0103 o licita\u0163ie. Sunt juc\u0103tori \u015fi din Rom\u00e2nia care ar face fa\u0163\u0103. E de la o echip\u0103 care nu prea are nevoie de bani<\/p>\n<p class=\"\">Din ap\u0103rare \u00ee\u0163i pleac\u0103 Mogo\u015f, <a target=\"_blank\" href=\"https:\/\/golazo.ro\/lyes-houri-universitatea-craiova-superliga-despartire-contract-171182\" rel=\"nofollow noopener\">a plecat Houri de la mijloc<\/a> \u015fi ne trebuie ceva pe specificul \u0103sta. Patru, cinci juc\u0103tori nu e r\u0103u s\u0103 aduci la echip\u0103, pentru c\u0103 e altfel te desf\u0103\u015fori \u00een campionat. <\/p>\n<p class=\"\">S\u0103 nu umbli la lotul \u0103sta \u015fi tot faci o figur\u0103 frumoas\u0103 \u00een campionat. Targetul ac\u0163ionarilor este chestia asta interna\u0163ional\u0103, c\u0103 tot ce s-a \u00eent\u00e2mplat anul trecut a fost ceva de nesperat\u201d, a declarat Sorin C\u00e2r\u021bu la Prima Sport, citat de <a target=\"_blank\" href=\"https:\/\/orangesport.ro\/cartu-a-dezvaluit-despartirea-a-fost-sufletul-petrecerii-dar-pleaca-de-la-universitatea-craiova-ce-planuiesc-investitorii-clubului-as-lua-cinci-fotbalisti-22450361\" rel=\"nofollow noopener\">orangesport.ro<\/a>.<\/p>\n<blockquote class=\"quote\"><p>\n    \u00cemi plac mul\u0163i juc\u0103tori. Uite c\u0103 n-am avut niciun reper despre Coubi\u015f. Ni s-a spus c\u0103 nu e de noi, nu din club, ci din contactele de afar\u0103. Coubi\u015f \u00eemi place, iar U Cluj a f\u0103cut o alegere foarte bun\u0103, un fotbalist foarte bun. \u00cel v\u0103d \u015fi de progres mare, dar noi avem funda\u015fi centrali. Vorbesc despre juc\u0103torii care pot ap\u0103rea. Sorin C\u00e2r\u021bu, pre\u0219edintele de onoare al Universit\u0103\u021bii Craiova\n<\/p><\/blockquote>\n<p class=\"\">Vasile Mogo\u0219 a fost transferat de Craiova \u00een luna februarie a anului trecut de la CFR Cluj. \u00cen tot acest timp, funda\u0219ul a jucat 32 de meciuri \u00een tricoul oltenilor, reu\u0219ind s\u0103 \u00eenscrie o singur\u0103 dat\u0103.<\/p>\n<p class=\"\">\u00cen acest sezon, Mogo\u0219 a jucat \u00een 21 de partide, dar \u00een play-off a bifat doar 12 minute, \u00een partida cu U Cluj, scor 5-0, victoria care a adus titlul \u00een B\u0103nie. <\/p>\n<p>450.000 de euro<\/p>\n<p>este cota de pia\u021b\u0103 a lui Vasile Mogo\u0219, conform Transfermarkt<\/p>\n<p class=\"\">\u00cen plus, <a target=\"_blank\" href=\"https:\/\/golazo.ro\/stefan-baiaram-plecare-u-craiova-titlu-liga-1-174439\" rel=\"nofollow noopener\">la finalul sezonului ar putea pleca \u0219i \u0218tefan Baiaram<\/a>, atacantul Craiovei. Acesta a precizat c\u0103 vrea s\u0103 \u00ee\u0219i g\u0103seasc\u0103 o alt\u0103 echip\u0103, dup\u0103 cei 7 ani petrecu\u021bi \u00een B\u0103nie.<\/p>\n<p>    <img decoding=\"async\" src=\"https:\/\/www.europesays.com\/ro\/wp-content\/uploads\/2026\/05\/jucatorii-craiovei-pe-scena-in-fata-a-peste-15-000-de-fani-5.jpeg\" alt=\"Juc\u0103torii Craiovei, pe scen\u0103 \u00een fa\u021ba a peste 15.000 de fani \/ foto: GOLAZO.ro\" data-blur=\"https:\/\/www.europesays.com\/ro\/wp-content\/uploads\/2026\/05\/jucatorii-craiovei-pe-scena-in-fata-a-peste-15-000-de-fani-5.jpeg\" width=\"684\" height=\"879\" class=\"blur\" loading=\"lazy\"\/><\/p>\n<p>            <img decoding=\"async\" src=\"https:\/\/www.europesays.com\/ro\/wp-content\/uploads\/2026\/05\/1779304568_111_jucatorii-craiovei-pe-scena-in-fata-a-peste-15-000-de-fani-5.jpeg\" loading=\"lazy\" alt=\"Juc\u0103torii Craiovei, pe scen\u0103 \u00een fa\u021ba a peste 15.000 de fani \/ foto: GOLAZO.ro\" width=\"684\" height=\"879\"\/><\/p>\n<p>        Galerie foto (22 imagini)<\/p>\n<p>                    <a href=\"https:\/\/golazo.ro\/jucatorii-craiovei-pe-scena-in-fata-a-peste-15000-de-fani-foto-golazoro-174573-g1?articleSource=174713\" class=\"gallery-link\" aria-label=\"Show gallery\" rel=\"nofollow noopener\" target=\"_blank\"><\/p>\n<p>                +22 Foto<br \/>\n            <\/a><\/p>\n<p>    <a href=\"https:\/\/golazo.ro\/jucatorii-craiovei-pe-scena-in-fata-a-peste-15000-de-fani-foto-golazoro-174573-g1\/jucatorii-craiovei-pe-scena-in-fata-a-peste-15000-de-fani-foto-golazoro-436430?articleSource=174713\" class=\"link\" rel=\"nofollow noopener\" target=\"_blank\">labels.photo-gallery<\/a><\/p>\n<p>Cite\u0219te \u0219i<\/p>\n<p>VIDEO: cele mai noi imagini din sport<\/p>\n","protected":false},"excerpt":{"rendered":"&#13; Sorin C\u00e2r\u021bu (70 de ani), pre\u0219edintele de onoare al Universit\u0103\u021bii Craiova, a vorbit despre campania de transferuri&hellip;\n","protected":false},"author":2,"featured_media":184832,"comment_status":"","ping_status":"","sticky":false,"template":"","format":"standard","meta":{"footnotes":"","_share_on_mastodon":"0"},"categories":[20],"tags":[1621,4842,51,41,40,38,39,5456,185,184,44809],"class_list":["post-184831","post","type-post","status-publish","format-standard","has-post-thumbnail","category-sport","tag-craiova","tag-despartire","tag-liga-1","tag-ro","tag-romana","tag-romania","tag-romanian","tag-sorin-cartu","tag-sport","tag-sports","tag-vasile-mogos"],"share_on_mastodon":{"url":"https:\/\/pubeurope.com\/@ro\/116608511883464794","error":""},"_links":{"self":[{"href":"https:\/\/www.europesays.com\/ro\/wp-json\/wp\/v2\/posts\/184831","targetHints":{"allow":["GET"]}}],"collection":[{"href":"https:\/\/www.europesays.com\/ro\/wp-json\/wp\/v2\/posts"}],"about":[{"href":"https:\/\/www.europesays.com\/ro\/wp-json\/wp\/v2\/types\/post"}],"author":[{"embeddable":true,"href":"https:\/\/www.europesays.com\/ro\/wp-json\/wp\/v2\/users\/2"}],"replies":[{"embeddable":true,"href":"https:\/\/www.europesays.com\/ro\/wp-json\/wp\/v2\/comments?post=184831"}],"version-history":[{"count":0,"href":"https:\/\/www.europesays.com\/ro\/wp-json\/wp\/v2\/posts\/184831\/revisions"}],"wp:featuredmedia":[{"embeddable":true,"href":"https:\/\/www.europesays.com\/ro\/wp-json\/wp\/v2\/media\/184832"}],"wp:attachment":[{"href":"https:\/\/www.europesays.com\/ro\/wp-json\/wp\/v2\/media?parent=184831"}],"wp:term":[{"taxonomy":"category","embeddable":true,"href":"https:\/\/www.europesays.com\/ro\/wp-json\/wp\/v2\/categories?post=184831"},{"taxonomy":"post_tag","embeddable":true,"href":"https:\/\/www.europesays.com\/ro\/wp-json\/wp\/v2\/tags?post=184831"}],"curies":[{"name":"wp","href":"https:\/\/api.w.org\/{rel}","templated":true}]}}