{"id":184907,"date":"2026-05-20T20:54:08","date_gmt":"2026-05-20T20:54:08","guid":{"rendered":"https:\/\/www.europesays.com\/ro\/184907\/"},"modified":"2026-05-20T20:54:08","modified_gmt":"2026-05-20T20:54:08","slug":"mi-a-fost-clar-robert-ilyes-a-dezvaluit-de-ce-a-plecat-de-la-csikszereda-clubul-revelatie-din-superliga-le-am-spus-ce-vreau","status":"publish","type":"post","link":"https:\/\/www.europesays.com\/ro\/184907\/","title":{"rendered":"\u201eMi-a fost clar\u201d \u00bb Robert Ilye\u0219 a dezv\u0103luit de ce a plecat de la Csikszereda, clubul-revela\u021bie din Superliga: \u201eLe-am spus ce vreau\u201d"},"content":{"rendered":"<p>\n            Articol de <a rel=\"author nofollow noopener\" href=\"https:\/\/www.gsp.ro\/autor\/marius-margarit-89.html\" target=\"_blank\">Marius M\u0103rg\u0103rit<\/a>            &#8211; Publicat miercuri, 20 mai 2026,  22:11            \/ Actualizat miercuri, 20 mai 2026 22:16                    <\/p>\n<p>Dup\u0103 ce a reu\u0219it s\u0103 salveze Csikszereda de la o retrogradare pe care mul\u021bi o vedeau ca sigur\u0103, ajung\u00e2nd la final la numai un punct de barajul pentru Conference League, Robert Ilye\u0219 a decis s\u0103 pun\u0103 punct aventurii la forma\u021bia ciucan\u0103.<\/p>\n<p class=\"do-not-hide\">O decizie care a surprins, \u00een condi\u021biile \u00een care, f\u0103r\u0103 un buget de transferuri prea generos, tehnicianul a izbutit, cu un lot \u00een mare majoritate format din juc\u0103torii care reu\u0219iser\u0103 promovarea la pas din Liga 2, s\u0103 ridice echipa dincolo de statutul de victim\u0103 sigur\u0103.<\/p>\n<p>Robert Ilye\u0219: \u201eA fost prea dur\u0103 ciocnirea cu Superliga, \u00eencasam prea multe goluri\u201d<\/p>\n<p>Csikszereda \u00eencepuse greu sezonul. S-a izbit de Superlig\u0103 ca de zid. \u0218i dup\u0103 debutul cu o remiz\u0103 cu Dinamo (2-2) a \u00eencasat o lovitur\u0103 \u00een plex, un 1-6 crunt la Slobozia. Dup\u0103 care au urmat 4 \u00eenfr\u00e2ngeri \u0219i 5 remize.<\/p>\n<p>Prima victorie a venit t\u00e2rziu, abia \u00een runda a 12-a, un succes nea\u0219teptat cu U Cluj, 2-1 acas\u0103. De atunci, drumul a \u0219erpuit tot \u00een sus. Iar \u00een 2026, echipa a reu\u0219it ca din 8 partide acas\u0103 s\u0103 nu piard\u0103, acumul\u00e2nd 7 victorii.<\/p>\n<p>Aflat deja \u00een vacan\u021b\u0103, dup\u0103 un sezon extrem de solicitant, antrenorul spune c\u0103 \u201em\u0103 a\u0219teptam s\u0103 avem probleme la \u00eenceput, fiindc\u0103 nu am adus juc\u0103tori, iar cei pe care \u00eei aveam nu f\u0103ceau fa\u021b\u0103. E diferen\u021b\u0103 mare \u00eentre liga secund\u0103 \u0219i Superliga.<\/p>\n<p>A fost un pas prea mare, chiar dac\u0103 dominaser\u0103m e\u0219alonul secund \u0219i promovaser\u0103m matematic cu 5 etape \u00eenainte. Iar c\u00e2nd am \u00eenceput \u00een Superlig\u0103, m\u0103 uitam la meciuri, le analizam \u0219i mi-am dat seama c\u0103 avem mari probleme pe faza defensiv\u0103.<\/p>\n<p>De\u0219i jucam cu 3 stoperi, \u00eencasam prea multe goluri. A\u0219a am ajuns la concluzia c\u0103 nu trebuie s\u0103 mai joc a\u0219a deschis, chiar dac\u0103 \u0103sta este stilul meu, s\u0103 fim combinativi, s\u0103 atac\u0103m, s\u0103 ne cre\u0103m ocazii\u201d.<\/p>\n<p>\u201eTrebuia s\u0103 schimb ceva, aveam nevoie de echilibru defensiv\u201d<\/p>\n<p>A\u0219a a \u00een\u021beles c\u0103 trebuie s\u0103 schimbe tot \u00een pauza de iarn\u0103. Ilye\u0219 poveste\u0219te c\u0103 \u201e\u00een acel cantonament m-am axat numai pe organizarea fazei defensive. Am vrut s\u0103 fac o echip\u0103 compact\u0103, s\u0103 joc numai pe tranzi\u021bii pozitive, pe contraatac.<\/p>\n<p>Chiar dac\u0103 nu aveam juc\u0103tori rapizi \u00een benzi. \u00cen afar\u0103 de Anderson Ceara, nu prea aveam fotbali\u0219ti de valoare sau de vitez\u0103. Am schimbat \u0219i sistemul, de la 3-4-3 la 4-2-3-1, am adus un plus de echilibru defensiv. <\/p>\n<p>Am mai adus \u0219i juc\u0103tori. Cea mai bun\u0103 achizi\u021bie a fost Trif, care ne-a dat \u0219i el echilibru pe st\u00e2nga, \u0219i a\u0219a am putut s\u0103-l folosesc pe Paszka pe dreapta, chiar dac\u0103 el era de picior st\u00e2ng.<\/p>\n<p>Apoi ne-a ajutat mult \u0219i kosovarul Kabashi, c\u00e2t timp n-a avut probleme medicale. \u0218i \u00een rest am mers cam tot pe ce aveam de la promovare. Dar important e c\u0103 b\u0103ie\u021bii au \u00een\u021beles \u0219i am reu\u0219it\u201d.<\/p>\n<p>\u201eAm promovat cei mai mul\u021bi juniori din Academie dintre toate echipele de Liga 1\u201d<\/p>\n<p>Se m\u00e2ndre\u0219te c\u0103 Csikszereda a fost clubul care a promovat cei mai mul\u021bi tineri din propria pepinier\u0103. Robert poveste\u0219te c\u0103 \u201edac\u0103 tot n-am putut transfera juc\u0103tori, am debutat mul\u021bi din Academie. Aveam 10 p\u00e2n\u0103 spre finalul campionatului. Iar \u00een ultima rund\u0103 l-am folosit \u0219i pe al 11-lea, pe Nyyita Szabolcs, de numai 17 ani.<\/p>\n<p>Noi nu aveam juniori de 2004 sau 2005, am fost nevoi\u021bi s\u0103 folosim juc\u0103tori mult mai tineri, de 2006, 2007, chiar 2008. De\u0219i nu erau ei cop\u021bi pentru prima lig\u0103.<\/p>\n<p>Am fost chiar \u0219i peste cei de la Hagi la acest capitol, al num\u0103rului de juc\u0103tori promova\u021bi la prima echip\u0103. Din c\u00e2te \u0219tiu, clubul a \u0219i c\u00e2\u0219tigat ni\u0219te bani pentru asta. Dar nu \u0219tiu c\u00e2t, c\u0103 niciodat\u0103 nu m-au interesat lucrurile acestea\u201d.<\/p>\n<p>\u201eNu mai eram compatibili!\u201d<\/p>\n<p>C\u00e2nd \u00eel \u00eentrebi de ce pleac\u0103 totu\u0219i, Robert Ilyes nuan\u021beaz\u0103 lucrurile. E clar c\u0103 nu poate spune tot ce s-a \u00eent\u00e2mplat, \u201efiindc\u0103 am m\u00e2ncat o p\u00e2ine la acest club \u0219i nu sunt genul care s\u0103 dea cu noroi dup\u0103 ce pleac\u0103.<\/p>\n<p>Dar mi-a fost clar, de mult\u0103 vreme, c\u0103 modul \u00een care vedeam eu fotbalul nu era compatibil cu cel al clubului. Adic\u0103 eu voiam mai mult, \u0219tiu c\u0103 pot mai mult. Aveam \u00eens\u0103 nevoie de juc\u0103tori de valoare, s\u0103 fac o echip\u0103 cum voiam eu, s\u0103 pot aduce juc\u0103tori cu calit\u0103\u021bi care s\u0103 se muleze pe viziunea mea.<\/p>\n<p>\u00cen timp ce clubul voia s\u0103 mizeze mai mult pe tineri, pe juc\u0103tori din zon\u0103. E greu a\u0219a. \u0218i mie \u00eemi place s\u0103 promovez tineri, dovad\u0103 c\u0103 am \u0219i facut-o, dar ai nevoie \u0219i de experien\u021b\u0103, de valoare. Noi, \u00een afar\u0103 de Anderson, nu aveam un juc\u0103tor care s\u0103 poat\u0103 face diferen\u021ba.<\/p>\n<p>\u0102sta este adev\u0103rul. Eu am lucrat pe concep\u021bia clubului, cu ce mi s-a pus la dispozi\u021bie. Nu am putut s\u0103 aduc pe cine mi-a\u0219 fi dorit. \u0218i dac\u0103 sim\u021bi c\u0103 nu e\u0219ti dorit, e bine s\u0103 faci un pas \u00eenainte, s\u0103 mergi mai departe.<\/p>\n<p>Dup\u0103 3 ani, mi s-a terminat contractul, dar nu a venit nimeni s\u0103-mi propun\u0103 nimic pentru o prelungire. E clar c\u0103 cei din club au alte planuri. A\u0219a c\u0103 acum a\u0219tept, sunt deschis la orice oferte. \u0218tiu ce pot \u0219i sunt \u00eencrez\u0103tor c\u0103 voi reveni mai puternic\u201d.<\/p>\n<p>Ungurul Szabo Istvan e favorit<\/p>\n<p>Surse apropiate clubului ciucan confirm\u0103 c\u0103, \u00een ciuda rezultatelor, rela\u021biile dintre antrenorul Robert Ilye\u0219 \u0219i pre\u0219edintele Zoltan Szondi erau foarte reci. \u0218i c\u0103, de la \u00eenceputul acestui an, la 5-6 meciuri de acas\u0103 ale celor de la Csikszereda a fost v\u0103zut \u00een tribune antrenorul ungur Szabo Istvan (59 ani). <\/p>\n<p>Cel care e liber de contract, dup\u0103 desp\u0103r\u021birea de Ny\u00edregyh\u00e1za, din octombrie 2025. Cel mai probabil, el ar urma s\u0103 preia echipa pentru urm\u0103torul sezon.<\/p>\n<p>Au s\u0103rb\u0103torit cu manele<\/p>\n<p>Dup\u0103 victoria cu FCSB (1-0), Csikszereda \u0219i-a asigurat matematic men\u021binerea \u00een Superlig\u0103, la prima prezen\u021b\u0103 din istorie pe prima scen\u0103 a fotbalului rom\u00e2nesc.<\/p>\n<p>Ilye\u0219 a povestit c\u0103 \u201e\u00eenainte de ultimul meci, cu FC Boto\u0219ani, am organizat o petrecere cu toat\u0103 echipa, cu familiile, cu copii, la o caban\u0103 din mun\u021bii Harghitei. Am petrecut pe manele, c\u0103 b\u0103ie\u021bii au adus o forma\u021bie din Sibiu.<\/p>\n<p>A fost frumos, juc\u0103torii meritau asta, to\u021bi cei din club meritau. Fiindc\u0103 ce am reu\u0219it a fost fabulos, la ce lot am avut. To\u021bi merit\u0103 felicit\u0103ri \u0219i respect!\u201d<\/p>\n<p>Acum, Robert se preg\u0103te\u0219te s\u0103 joace s\u0103pt\u0103m\u00e2na viitoare \u00een meciul revan\u0219\u0103, dup\u0103 20 de ani de la acel sfert de final\u0103 din Cupa UEFA dintre FCSB \u0219i Rapid: \u201eNu m-am \u00eengr\u0103\u0219at prea mult de c\u00e2nd jucam. Am doar vreo 7 kilograme \u00een plus, dar pot s\u0103 fac fa\u021b\u0103. \u0218i avem de luat o revan\u0219\u0103!\u201d<\/p>\n<blockquote>\n<p>\u201eAm \u00eenv\u0103\u021bat de la \u0219coala de antrenori c\u0103 noi trebuie s\u0103 fim echilibra\u021bi, nu conflictuali. De aceea nu am intrat niciodat\u0103 \u00een vestiar dup\u0103 o \u00eenfr\u00e2ngere. Nu voiam s\u0103 vorbesc la cald, s\u0103 spun lucruri pe care s\u0103 le regret. M\u0103 duceam acas\u0103, revedeam meciul, s\u0103 v\u0103d unde \u0219i cine a gre\u0219it. Abia a doua zi vorbeam cu juc\u0103torii, fiindc\u0103 \u00een Rom\u00e2nia, dac\u0103 le spui ceva, fotbali\u0219tii fie \u00ee\u021bi r\u0103spund, fie nu accept\u0103 critica. <\/p>\n<p>Eu f\u0103ceam altfel, veneam cu imagini, le ar\u0103tam clar unde gre\u0219eau \u0219i atunci nu mai puteau spune nimic. Dar \u0219i ei au fost receptivi. N-am avut probleme dec\u00e2t o dat\u0103, cu un juc\u0103tor. La un antrenament l-am pus s\u0103 joace pe un alt post \u0219i mi-a r\u0103spuns, \u00een fa\u021ba grupului. L-am scos, m-am dus la domnul pre\u0219edinte Szondi, a \u00een\u021beles \u0219i l-a scos din lot. Din punctul acesta de vedere, am avut tot sprijinul. Dar eu controlam vestiarul, lucrurile se rezolvau \u00eenainte s\u0103 ajung\u0103 la conducere.<\/p>\n<p>S\u0103 fim sinceri, nu aveam noi lot s\u0103 ne batem \u00een barajul de Conference League cu FCSB sau cu Dinamo. C\u00e2t despre o eventual\u0103 prezen\u021b\u0103 \u00een tururile preliminare, nici vorb\u0103. Nu am avut probleme cu banii, totul s-a pl\u0103tit la timp. Nu \u0219tiu dac\u0103 au influen\u021bat cu ceva, legat de finan\u021barea clubului, alegerile din Ungaria. Niciodat\u0103 nu m-a interesat a\u0219a ceva.<\/p>\n<p>Eu n-am cerut niciodat\u0103 comision pentru c\u0103 am promovat un t\u00e2n\u0103r sau fiindc\u0103 am adus vreun juc\u0103tor. N-o s\u0103 fac niciodat\u0103 a\u0219a ceva. Eu sunt antrenor \u0219i punct! Nu vreau s\u0103 m\u0103 p\u0103tez, s\u0103 iau bani fiindc\u0103 am debutat un juc\u0103tor t\u00e2n\u0103r. Dac\u0103 iei o dat\u0103 bani de la un pre\u0219edinte, gata, e\u0219ti la m\u00e2na lui, nu mai ai credibilitate, te arat\u0103 lumea cu degetul! Iar eu nu am muncit at\u00e2t ca s\u0103-mi p\u0103tez cariera\u201d<br \/>Robert Ilyes, fost antrenor Csikszereda<\/p>\n<\/blockquote>\n","protected":false},"excerpt":{"rendered":"Articol de Marius M\u0103rg\u0103rit &#8211; Publicat miercuri, 20 mai 2026, 22:11 \/ Actualizat miercuri, 20 mai 2026 22:16&hellip;\n","protected":false},"author":2,"featured_media":184908,"comment_status":"","ping_status":"","sticky":false,"template":"","format":"standard","meta":{"footnotes":"","_share_on_mastodon":"0"},"categories":[20],"tags":[1268,4842,41,3554,40,38,39,185,184],"class_list":["post-184907","post","type-post","status-publish","format-standard","has-post-thumbnail","category-sport","tag-csikszereda","tag-despartire","tag-ro","tag-robert-ilyes","tag-romana","tag-romania","tag-romanian","tag-sport","tag-sports"],"share_on_mastodon":{"url":"https:\/\/pubeurope.com\/@ro\/116608897014414258","error":""},"_links":{"self":[{"href":"https:\/\/www.europesays.com\/ro\/wp-json\/wp\/v2\/posts\/184907","targetHints":{"allow":["GET"]}}],"collection":[{"href":"https:\/\/www.europesays.com\/ro\/wp-json\/wp\/v2\/posts"}],"about":[{"href":"https:\/\/www.europesays.com\/ro\/wp-json\/wp\/v2\/types\/post"}],"author":[{"embeddable":true,"href":"https:\/\/www.europesays.com\/ro\/wp-json\/wp\/v2\/users\/2"}],"replies":[{"embeddable":true,"href":"https:\/\/www.europesays.com\/ro\/wp-json\/wp\/v2\/comments?post=184907"}],"version-history":[{"count":0,"href":"https:\/\/www.europesays.com\/ro\/wp-json\/wp\/v2\/posts\/184907\/revisions"}],"wp:featuredmedia":[{"embeddable":true,"href":"https:\/\/www.europesays.com\/ro\/wp-json\/wp\/v2\/media\/184908"}],"wp:attachment":[{"href":"https:\/\/www.europesays.com\/ro\/wp-json\/wp\/v2\/media?parent=184907"}],"wp:term":[{"taxonomy":"category","embeddable":true,"href":"https:\/\/www.europesays.com\/ro\/wp-json\/wp\/v2\/categories?post=184907"},{"taxonomy":"post_tag","embeddable":true,"href":"https:\/\/www.europesays.com\/ro\/wp-json\/wp\/v2\/tags?post=184907"}],"curies":[{"name":"wp","href":"https:\/\/api.w.org\/{rel}","templated":true}]}}