{"id":185422,"date":"2026-05-21T12:30:12","date_gmt":"2026-05-21T12:30:12","guid":{"rendered":"https:\/\/www.europesays.com\/ro\/185422\/"},"modified":"2026-05-21T12:30:12","modified_gmt":"2026-05-21T12:30:12","slug":"armele-pe-care-dam-miliarde-dar-prezinta-risc-pentru-vietile-militarilor-in-razboi-general-nato-exista-solutii-mai-ieftine-si-mai-sigure","status":"publish","type":"post","link":"https:\/\/www.europesays.com\/ro\/185422\/","title":{"rendered":"Armele pe care d\u0103m miliarde, dar prezint\u0103 risc pentru vie\u021bile militarilor \u00een r\u0103zboi. General NATO: \u201eExist\u0103 solu\u021bii mai ieftine \u0219i mai sigure\u201d"},"content":{"rendered":"<p>Rom\u00e2nia d\u0103 miliarde pe arme, dar unele ar putea deveni inutile pe termen mediu \u0219i lung, avertizeaz\u0103 generalul (r) Dorin Toma, fost comandant al Comandamentului Diviziei Multina\u0163ionale Sud-Est a NATO. El explic\u0103 cine ar fi trebuit s\u0103 se ocupe de strategia militar\u0103 a Rom\u00e2niei, care nu exist\u0103 p\u00e2n\u0103 azi.<\/p>\n<p>\t\t\t<img decoding=\"async\" src=\"https:\/\/www.europesays.com\/ro\/wp-content\/uploads\/2026\/05\/1779366610_547_index.jpeg\" alt=\"Rom\u00e2nia investe\u0219te \u00een arme care nu e clar ce rol pot avea \u00een r\u0103zboiul viitorului\" width=\"1400\" height=\"750\" loading=\"eager\" fetchpriority=\"high\" class=\"svelte-h45upf\"\/><\/p>\n<p>Elicopterele multirol H-225M ar urma s\u0103 \u00eenlocuiasc\u0103 elicopterele IAR-330 Puma. FOTO: Airbus<\/p>\n<p>publicitate&#8221;); background-position: center center; background-repeat: no-repeat;&#8221;&gt;<\/p>\n<p>\nRom\u00e2nia<br \/>\nvrea s\u0103 acceseze prin programul SAFE aproape 17 miliarde de euro,<br \/>\nbani \u00eemprumuta\u021bi de la Uniunea European\u0103 la dob\u00e2nzi reduse, dar<br \/>\ncare vor trebui ulterior restitui\u021bi. Cu toate acestea, exist\u0103<br \/>\nexper\u021bi care contest\u0103 o partea capacit\u0103\u021bilor care vor fi<br \/>\nachizi\u021bionate \u00een urm\u0103torii ani, pentru simplul fapt c\u0103 printre ele se afl\u0103 \u0219i arme care deja risc\u0103 s\u0103 fie dep\u0103\u0219ite \u00een lupt\u0103. Unele dintre acestea pot pune chiar \u00een pericol via\u021ba<br \/>\nmilitarilor, \u00eentr-un prezumtiv r\u0103zboi. Fost comandant al Comandamentului Diviziei<br \/>\nMultina\u0163ionale Sud-Est a NATO, generalul (r) Dorin Toma explic\u0103,<br \/>\n\u00eentr-un interviu pentru \u201eAdev\u0103rul\u201d, unde se gre\u0219e\u0219te \u0219i de<br \/>\nce Rom\u00e2nia nu este \u00een stare s\u0103 aib\u0103 o strategie militar\u0103 de 37<br \/>\nde ani.<\/p>\n<p>\nAdev\u0103rul:<br \/>\nMai mul\u021bi anali\u0219ti militari insist\u0103 c\u0103 Rom\u00e2niei \u00eei lipse\u0219te<br \/>\n\u00eenc\u0103 o strategie militar\u0103 \u0219i c\u0103 s-ar impune \u0219i o redefinire a<br \/>\ncadrului doctrinar? Ce \u00eenseamn\u0103 acest cadru doctrinar?<\/p>\n<p>\nGeneralul<br \/>\nDorin Toma: Cadrul<br \/>\ndoctrinar include<br \/>\nstrategii de ap\u0103rare, doctrine opera\u021bionale \u0219i tactice aprobate la<br \/>\nnivel de stat sau la nivelul NATO. \u00cen esen\u021b\u0103, define\u0219te modul \u00een<br \/>\ncare for\u021bele armate se organizeaz\u0103, se instruiesc \u0219i lupt\u0103. \u00cen<br \/>\nzilele noastre, din cauza noilor provoc\u0103ri geopolitice la nivel<br \/>\nstrategic p\u00e2n\u0103 la schimbarea de paradigm\u0103 \u00een planificarea \u0219i<br \/>\ndesf\u0103\u0219urarea ac\u021biunilor militare la nivel tactic datorat\u0103<br \/>\napari\u021biei noilor tehnologii pe c\u00e2mpul de lupt\u0103, se impune<br \/>\nrevederea cadrului doctrinar. Primul<br \/>\npas \u00een revederea acestui cadru doctrinar, putem spune, a fost f\u0103cut<br \/>\nodat\u0103 cu aprobarea noii Strategii Na\u021bionale de Ap\u0103rare a <a href=\"https:\/\/adevarul.ro\/stiri-interne\/parca-o-iau-razna-cat-a-ajuns-sa-coste-mancarea-2529212.html\" rel=\"nofollow noopener\" target=\"_blank\">Rom\u00e2niei,<\/a><br \/>\nanul trecut.<\/p>\n<p>publicitate&#8221;); background-position: center center; background-repeat: no-repeat;&#8221;&gt;<\/p>\n<p>Strategia Militar\u0103 a Rom\u00e2niei e sublim\u0103, dar lipse\u0219te cu des\u0103v\u00e2r\u0219ire<\/p>\n<p>\nDe<br \/>\nce nu are Armata Rom\u00e2n\u0103 o strategie militar\u0103, la 37 de ani de la<br \/>\nRevolu\u021bie, \u0219i cine ar fi trebuit s\u0103 o elaboreze?<\/p>\n<p>\nUrm\u0103torul<br \/>\npas ar fi trebuit s\u0103 fie promovarea de c\u0103tre Guvern, la \u0219ase luni<br \/>\nde la investire, a Cartei Albe a Ap\u0103r\u0103rii, ceea ce nu s-a<br \/>\n\u00eent\u00e2mplat. Prin acest document se<br \/>\nstabilesc obiectivele politicii de ap\u0103rare, resursele alocate,<br \/>\npriorit\u0103\u021bile de \u00eenzestrare etc., pe termen mediu. Ulterior, MApN<br \/>\navea obliga\u021bia s\u0103 redacteze Strategia Militar\u0103 a <a href=\"https:\/\/adevarul.ro\/stiri-interne\/evenimente\/ce-castiga-romania-dupa-summitul-b9-expert-avem-2529503.html\" rel=\"nofollow noopener\" target=\"_blank\">Rom\u00e2niei<\/a>, lucru<br \/>\ncare, de asemenea, nu s-a \u00eent\u00e2mplat. Prin strategia militar\u0103,<br \/>\narmata trebuie s\u0103 stabileasc\u0103 modul concret \u00een care for\u021bele<br \/>\narmate vor ac\u021biona pe timp de pace, \u00een situa\u021bii de criz\u0103 sau la<br \/>\nr\u0103zboi, s\u0103 stabileasc\u0103 priorit\u0103\u021bile de \u00eenzestrare \u0219i<br \/>\nrestructurare a structurilor etc. Ulterior, doctrinele la nivel<br \/>\noperativ \u0219i tactic ar trebui s\u0103 intre \u00een acest proces de<br \/>\nrevizuire.<\/p>\n<p>\nCine<br \/>\na decis p\u00e2n\u0103 acum ce fel de capabilit\u0103\u021bi sunt necesare \u0219i cum e<br \/>\nposibil s\u0103 se stabileasc\u0103 acest lucru f\u0103r\u0103 a avea o strategie \u0219i<br \/>\nun cadru doctrinar clar?<\/p>\n<p>\nDup\u0103<br \/>\ncum se poate observa, guvernul \u0219i armata au stabilit priorit\u0103\u021bile<br \/>\nde \u00eenzestrare, alocarea fondurilor, inclusiv prin programul SAFE,<br \/>\nf\u0103r\u0103 a avea acest cadru doctrinar definit. \u00cen concluzie, nimeni nu<br \/>\npoate s\u0103 spun\u0103 de ce s-a pus accent pe ini\u021bierea unor programe de<br \/>\n\u00eenzestrare, pe achizi\u021bia unor anumite tipuri de platforme,<br \/>\nechipamente at\u00e2ta timp c\u00e2t doctrinar nu este clar \u00een ce direc\u021bie<br \/>\ntrebuie s\u0103 se \u00eendrepte armata din perspectiva organiz\u0103rii,<br \/>\n\u00eenzestr\u0103rii, instruirii astfel \u00eenc\u00e2t s\u0103 \u00ee\u0219i poat\u0103 \u00eendeplini<br \/>\nmisiunea.<\/p>\n<p>\nPrintre<br \/>\ncapabilit\u0103\u021bile militare pe care Rom\u00e2nia urm\u0103re\u0219te s\u0103 le<br \/>\ndezvolte se num\u0103r\u0103 \u0219i unele care ar putea s\u0103 nu ne mai fie de<br \/>\nfolos peste 10-20 de ani. Unde crede\u021bi c\u0103 ar fi putut fi mai bine g\u00e2ndit programul de achizi\u021bii, inclusiv SAFE?<\/p>\n<p>publicitate&#8221;); background-position: center center; background-repeat: no-repeat;&#8221;&gt;<\/p>\n<p>\n\u00cen<br \/>\nopinia mea personal\u0103 consider c\u0103 asist\u0103m la o schimbare de<br \/>\nparadigm\u0103 \u00een modul de planificare \u0219i desf\u0103\u0219urare a ac\u021biunilor<br \/>\nmilitare la nivel operativ, dar \u00een special la nivel tactic. Este<br \/>\ncert c\u0103 efortul principal trebuie s\u0103 \u00eel reprezinte dotarea armatei<br \/>\ncu noile sisteme, de la posibilitatea de a lovi \u00een ad\u00e2ncime cu<br \/>\ndrone sau rachete de croazier\u0103 p\u00e2n\u0103 la utilizarea diferitelor<br \/>\ndrone la nivel tactic, a\u0219a numite FPV sau muni\u021bie loitering, a<br \/>\nmijloacelor de combatere a acestor tipuri de muni\u021bii sau a<br \/>\ninteligen\u021bei artificiale. Din cauza unei subfinan\u021b\u0103ri cronice a<br \/>\narmatei \u00een ultimii 20 de ani, a ap\u0103rut nevoia de a continua<br \/>\nprocesul de achizi\u021bie a unor platforme, s\u0103 le spunem standard,<br \/>\ngrele specifice r\u0103zboiului anterior conflictului din Ucraina.<br \/>\nFondurile fiind limitate, este clar c\u0103 nu au putut fi alocate, cel<br \/>\npu\u021bin deocamdat\u0103, toate resursele necesare pentru dezvoltarea \u0219i<br \/>\nachizi\u021bia de noi tehnologii. A\u0219a cum am mai spus intervine \u0219i<br \/>\nlipsa actualiz\u0103rii cadrului doctrinar, cum vei lupta pentru a-\u021bi<br \/>\n\u00eendeplini misiunea, ap\u0103rarea teritoriului na\u021bional, peste 5, 10<br \/>\nani.<\/p>\n<p>\t\t\t<img decoding=\"async\" src=\"https:\/\/www.europesays.com\/ro\/wp-content\/uploads\/2026\/04\/1777497608_252_index.jpeg\" alt=\"Generalul Dorin Toma\" width=\"1400\" height=\"750\" loading=\"lazy\" class=\"svelte-h45upf\"\/><\/p>\n<p>Generalul Dorin Toma<\/p>\n<p>publicitate&#8221;); background-position: center center; background-repeat: no-repeat;&#8221;&gt;<\/p>\n<p>\nLec\u021biile<br \/>\n\u00eenv\u0103\u021bate din R\u0103zboiul din Ucraina, \u00een special dac\u0103 ne uit\u0103m la<br \/>\narmata ucrainean\u0103 pentru c\u0103 aceasta se afl\u0103 \u00een defensiv\u0103, ne pot<br \/>\nar\u0103ta c\u0103 relevan\u021ba unor platforme de lupt\u0103 cum ar fi tancul,<br \/>\nelicopterul de atac, ma\u0219ina de lupt\u0103 a infanteriei, sistemele de<br \/>\nartilerie nu foarte mobile s-a redus. \u00cen schimb, a\u0219a cum am mai<br \/>\nspus, sisteme de rachete, platforme ISR, drone, muni\u021bie loitering au<br \/>\ndevenit esen\u021biale pe c\u00e2mpul de lupt\u0103. Sprijinul logistic trebuie<br \/>\ns\u0103 fac\u0103 fa\u021b\u0103 unor provoc\u0103ri deosebite. A devenit aproape<br \/>\nimposibil, folosind mijloace clasice \u2013 camioane de transport &#8211; s\u0103<br \/>\n\u00ee\u021bi aprovizionezi solda\u021bii din prima linie. De asemenea, evacuarea<br \/>\nr\u0103ni\u021bilor folosind platforme standard MEDEVAC este aproape<br \/>\nimposibil\u0103. Ast\u0103zi, \u00een Ucraina pentru aprovizion\u0103ri sau evacu\u0103ri<br \/>\nse folosesc tot mai mult drone terestre, a\u0219a numitele UGV sau chiar<br \/>\ndrone aeriene.<\/p>\n<p>\t\t\tR\u0103zboiul evolueaz\u0103<\/p>\n<p>\nCare<br \/>\ncrede\u021bi c\u0103 va fi pe viitor rolul militarului, al infanteristului<br \/>\nsimplu \u0219i \u00een ce m\u0103sur\u0103 se va diminua acesta \u00een favoarea<br \/>\nrobo\u021bilor \u0219i a tehnologiilor AI?<\/p>\n<p>\n\u00centotdeauna<br \/>\nrolul militarului, infanteristului va fi esen\u021bial pentru ocuparea<br \/>\nsau men\u021binerea unui aliniament, unei pozi\u021bii de ap\u0103rare. Num\u0103rul<br \/>\nde militari de pe aliniamentul de contact, putem observa \u0219i \u00een<br \/>\nUcraina, este mult mai redus dec\u00e2t \u00een trecut. Problema se pune cum<br \/>\nse vor integra, cum vor coopera militarii cu toate aceste tehnologii<br \/>\nautonome de pe c\u00e2mpul de lupt\u0103 care func\u021bioneaz\u0103 conform unor<br \/>\nalgoritmi, factorul uman juc\u00e2nd un rol tot mai redus. Cu alte<br \/>\ncuvinte, ieri soldatul \u0219tia c\u0103 se bazeaz\u0103 pe camaradul de l\u00e2ng\u0103<br \/>\nel, ast\u0103zi trebuie s\u0103 coopereze cu un astfel de sistem autonom<br \/>\n(robot) pentru a-\u0219i \u00eendeplini misiunea.<\/p>\n<p>\t\t\t<a class=\"related-inline svelte-1t8qpgs\" data-gtrack=\"{&quot;event&quot;:&quot;utm_click&quot;,&quot;data&quot;:{&quot;event_category&quot;:&quot;article_related&quot;}}\" href=\"https:\/\/adevarul.ro\/stiri-interne\/evenimente\/ce-se-ascunde-in-spatele-noului-buget-istoric-al-2528933.html\" title=\"Alt articol de interes pentru tine\" rel=\"nofollow noopener\" target=\"_blank\"><br \/>\n                    Ce se ascunde \u00een spatele noului buget istoric al UE. Avertisment: taxele noastre ar putea merge doar pe dob\u00e2nzi<\/p>\n<p>                <\/a><\/p>\n<p>\nExist\u0103<br \/>\nun \u201emanual al soldatului\u201d \u00een Armata Rom\u00e2n\u0103, poate un ghid de<br \/>\ninstruire prin care s\u0103 fie crescute \u0219ansele de supravie\u021buire ale<br \/>\nmilitarilor, \u00een condi\u021biile unor situa\u021bii de criz\u0103?<\/p>\n<p>\n\u00centotdeauna<br \/>\na existat un manual al lupt\u0103torului, indiferent de specializarea<br \/>\nacestuia. \u0218i la nivel individ, soldat sunt transform\u0103ri radicale.<br \/>\nDe exemplu, m\u0103surile individuale de protec\u021bie \u00eempotriva dronelor,<br \/>\nechipamentul individual din dotare, capacitatea de a acorda primul<br \/>\najutor pe c\u00e2mpul de  lupt\u0103 camaradului de l\u00e2ng\u0103 tine, toate<br \/>\nacestea pentru a cre\u0219te rata de supravie\u021buire, trebuie s\u0103 fie<br \/>\ndefinite altfel. Inclusiv capacitatea de a dirija drone ar trebui s\u0103<br \/>\ndevin\u0103 o regul\u0103 pentru fiecare militar, nu o excep\u021bie.\n<\/p>\n<p>publicitate&#8221;); background-position: center center; background-repeat: no-repeat;&#8221;&gt;<\/p>\n<p>\nExist\u0103<br \/>\nvoci care spun c\u0103 chiar \u0219i avioanele militare, fie ele F-16 din<br \/>\ndotarea armatei sau chiar F-35 pe care urmeaz\u0103 s\u0103 le lu\u0103m, \u00ee\u0219i<br \/>\nvor pierde relevan\u021ba \u0219i vor deveni tot mai vulnerabile \u00een fa\u021ba<br \/>\ndronelor. Ce e de f\u0103cut?<\/p>\n<p>\nPentru<br \/>\norice tip de platform\u0103, aerian\u0103, terestr\u0103 sau maritim\u0103, trebuie<br \/>\nrealizat\u0103 o analiz\u0103 opera\u021bional\u0103, probabil rolul unora, a\u0219a cum<br \/>\nspuneam, se va reduce, pentru altele vor fi formulate alte cerin\u021be<br \/>\nopera\u021bionale. Sunt exemple numeroase \u00een acest sens. Armata<br \/>\namerican\u0103 a renun\u021bat la un upgrade al tancului Abrams, \u00een schimb<br \/>\ndezvolt\u0103 o nou\u0103 genera\u021bie de tancuri mai u\u0219oare, cu echipaj<br \/>\nredus, turela automat\u0103, cu propulsie<br \/>\nhibrid\u0103 diesel-electric\u0103.<\/p>\n<p>\t\t\tElicopterele care \u201eexpir\u0103\u201d\u00a0<\/p>\n<p>\nCu<br \/>\nat\u00e2t mai mult ar fi de discutat \u0219i despre elicopterele  pe care le<br \/>\nvom achizi\u021biona prin SAFE, un contract de aproape un miliard de<br \/>\neuro. Ce \u0219anse ar avea \u0219i c\u00e2t de expuse ar fi fa\u021ba dronelor \u0219i<br \/>\nrachetelor unui ipotetic inamic?<\/p>\n<p>\nPentru<br \/>\nelicopterele de atac sau multirol misiunea principal\u0103 este aceea de<br \/>\na distruge blindatele adversarului. Acum se utilizeaz\u0103 muni\u021bie<br \/>\nloitering sau drone pentru o astfel de misiune, dac\u0103 aceste blindate<br \/>\nmai sunt \u00een raza de ac\u021biune. Mai nou se \u00eencearc\u0103, folosind \u0219i<br \/>\nexperien\u021ba din Ucraina, s\u0103 fie folosite ca platforme pentru<br \/>\ncombaterea dronelor tip Shaded \/ Geran. A\u0219a cum spuneam, vorbim de<br \/>\neventuala redefinire a cerin\u021belor opera\u021bionale. Elicopterele<br \/>\nfolosite ca platforme de evacuare medical\u0103 \u00een trecut, de exemplu,<br \/>\n\u0219i-au pierdut utilitatea de asemenea. Pentru aceea\u0219i misiune sunt<br \/>\nsolu\u021bii alternative, mai ieftine, f\u0103r\u0103 echipaj uman la bord.<br \/>\nPentru elicoptere, exista un mare risc \u0219i anterior odat\u0103 cu<br \/>\nperfec\u021bionarea sistemelor de rachete antiaeriene cu b\u0103taie<br \/>\napropiat\u0103 sau MANPAD.<\/p>\n<p>publicitate&#8221;); background-position: center center; background-repeat: no-repeat;&#8221;&gt;<\/p>\n<p>\nDar<br \/>\nelicopterele de atac?<\/p>\n<p>\nDe<br \/>\nfapt, elicopterele de atac care ac\u021bioneaz\u0103 la contact \u0219i a c\u0103ror<br \/>\nmisiune este de a sprijini for\u021bele lupt\u0103toare care sunt efectiv \u00een<br \/>\ncontact cu inamicul, nu mai au succes la ora actual\u0103. Sunt<br \/>\nvulnerabile. Sunt platforme \u00een primul r\u00e2nd cu personal la bord, cu<br \/>\nechipaj la bord \u0219i, \u00een afar\u0103 de faptul c\u0103 sunt foarte<br \/>\ncostisitoare \u0219i pot fi dobor\u00e2te cu o dron\u0103 interceptoare sau<br \/>\nieftin\u0103, cu un cost redus, este vorba \u0219i de echipajul uman de la<br \/>\nbord.<\/p>\n<p>\t\t\tNu \u021binem pasul cu evolu\u021biile<\/p>\n<p>\nCum<br \/>\nar trebui s\u0103 privim per ansamblu programul SAFE al Rom\u00e2niei,<br \/>\nreprezint\u0103 sau nu un succes?<\/p>\n<p>\nA\u0219a<br \/>\ncum spuneam anterior nu \u0219tim care sunt aceste obiective, at\u00e2ta timp<br \/>\nc\u00e2t documente strategice foarte importante nu au fost elaborate nici<br \/>\np\u00e2n\u0103 ast\u0103zi. Putem avea opinii personale. A\u0219a cum am mai spus,<br \/>\ncel pu\u021bin deocamdat\u0103, nu se fac eforturi suficiente pentru<br \/>\nintroducerea noilor tehnologii care redefinesc spa\u021biul de lupt\u0103. \u0218i<br \/>\nnu este vorba numai de achizi\u021bia de noi echipamente, este vorba \u0219i<br \/>\nde reorganizarea structurilor, instruirea militarilor, preg\u0103tirea<br \/>\nliderilor. Dac\u0103 la \u00eenceputul r\u0103zboiului din Ucraina, armatele NATO<br \/>\npreg\u0103teau militari ucraineni, ast\u0103zi instructori ucraineni<br \/>\nparticip\u0103 la activit\u0103\u021bi de instruire a militarilor din diferite<br \/>\narmate NATO.<\/p>\n<p>\t\t\t<a class=\"related-inline svelte-1t8qpgs\" data-gtrack=\"{&quot;event&quot;:&quot;utm_click&quot;,&quot;data&quot;:{&quot;event_category&quot;:&quot;article_related&quot;}}\" href=\"https:\/\/adevarul.ro\/stiri-interne\/parca-o-iau-razna-cat-a-ajuns-sa-coste-mancarea-2529212.html\" title=\"Alt articol de interes pentru tine\" rel=\"nofollow noopener\" target=\"_blank\"><br \/>\n                    \u201eParc\u0103 o iau razna\u201d. C\u00e2t a ajuns s\u0103 coste m\u00e2ncarea pe rafturile magazinelor \u0219i de ce anun\u021b\u0103 exper\u021bii noi scumpiri<\/p>\n<p>                <\/a><\/p>\n<p>\nReferindu-ne<br \/>\ntot la SAFE, considera\u021bi c\u0103 raportul armelor fabricate \u00een Rom\u00e2nia<br \/>\ncomparativ cu cele din import e unul rezonabil? Cum crede\u021bi c\u0103 ar<br \/>\nfi trebuit procedat?<\/p>\n<p>\nSe<br \/>\nvorbe\u0219te foarte mult de procente, c\u00e2nd se discut\u0103 integrarea \u00een<br \/>\nindustria na\u021bional\u0103 a acestor programe de \u00eenzestrare. Sunt<br \/>\nimportante procentele, de\u0219i \u0219i aici nu este clar care va fi gradul<br \/>\nde integrare. Ultima variant\u0103 este de 50%, personal cred c\u0103 va fi<br \/>\nmai pu\u021bin. Este important s\u0103 facem \u0219i distinc\u021bia \u00eentre produc\u021bie<br \/>\n\u0219i asamblare. Trebuie s\u0103 \u021binem cont c\u0103 pentru orice platform\u0103<br \/>\ncomplex\u0103 vor fi furnizori interna\u021bionali dar important este ca, pe<br \/>\ntermen lung, industria na\u021bional\u0103 de ap\u0103rare s\u0103 devin\u0103 parte a<br \/>\nunui ecosistem european. Altfel, la sf\u00e2r\u0219itul programului, \u00een anul<br \/>\n2031, aceste fabrici de asamblare se vor \u00eenchide \u0219i, eventual, vor<br \/>\nr\u0103m\u00e2ne facilit\u0103\u021bi de asigurare a mentenan\u021bei.<\/p>\n<p>publicitate&#8221;); background-position: center center; background-repeat: no-repeat;&#8221;&gt;<\/p>\n<p>For\u021bele Navale Rom\u00e2ne, cele mai descoperite<\/p>\n<p>\nC\u00e2te<br \/>\ndintre platformele militare pe care le vom achizi\u021biona cu cele 17<br \/>\nmiliarde de euro prin SAFE ne vor fi cu adev\u0103rat de folos?<\/p>\n<p>\nNe<br \/>\nputem raporta la diferite strategii pe care alte state europene le-au<br \/>\ndezvoltat pentru a-\u0219i dezvolta noile capabilit\u0103\u021bi militare pe<br \/>\ntermen scurt sau pe termen mediu. Modelul britanic \u201e20-40-40\u201d<br \/>\nreprezint\u0103 inova\u021bia noii doctrine \u0219i a strategiei de achizi\u021bii a<br \/>\narmatei av\u00e2nd scopul de a cre\u0219te exponen\u021bial letalitatea<br \/>\nsistemelor de armament f\u0103r\u0103 a cre\u0219te substan\u021bial num\u0103rul de<br \/>\nmilitari.\n<\/p>\n<p>\nAstfel,<br \/>\n20%<br \/>\ndin resurse sunt alocate achizi\u021biei de platforme tradi\u021bionale<br \/>\ngrele, cu echipaj uman (tancuri, ma\u0219ini de lupt\u0103, artilerie<br \/>\nautopropulsat\u0103 etc.), 40% pentru sisteme autonome \u0219i tehnologie<br \/>\nreutilizabil\u0103 sau reconfigurabil\u0103<br \/>\n(sisteme de culegere de informa\u021bii, supraveghere, pentru executarea<br \/>\nloviturilor \u00een ad\u00e2ncime etc.). 40%<br \/>\npentru sisteme de unic\u0103 folosin\u021b\u0103 (consumabile), la pre\u021b redus<br \/>\n(roiuri de drone, muni\u021bii kamikaze etc.).<\/p>\n<p>\nCare<br \/>\nsunt for\u021bele armate cele mai dezvantajate \u00een acest moment \u0219i ce ar<br \/>\nmai fi de f\u0103cut?<\/p>\n<p>\nSe<br \/>\npare c\u0103 For\u021bele Navale vor continua s\u0103 aib\u0103 un deficit<br \/>\nsemnificativ de capabilit\u0103\u021bi iar modalitatea prin care vor fi<br \/>\nconstruite noile nave de patrulare, prin programul SAFE, este \u00eenc\u0103<br \/>\nneclar\u0103. Despre corvete, submarine nu se mai discut\u0103 iar despre<br \/>\ndrone maritime se discut\u0103 prea pu\u021bin. Sisteme de ap\u0103rare<br \/>\nantiaerian\u0103 IRIS-T sunt prev\u0103zute \u00een SAFE dar pentru sistemele<br \/>\nantiaeriene Spyder nu a fost \u00eenc\u0103 semnat contractul. \u00cen ceea ce<br \/>\nprive\u0219te ap\u0103rarea anti-dron\u0103, nu sunt foarte multe date, se fac<br \/>\ntot felul de test\u0103ri, dar nu este clar care este strategia MApN.<\/p>\n<p>publicitate&#8221;); background-position: center center; background-repeat: no-repeat;&#8221;&gt;<\/p>\n","protected":false},"excerpt":{"rendered":"Rom\u00e2nia d\u0103 miliarde pe arme, dar unele ar putea deveni inutile pe termen mediu \u0219i lung, avertizeaz\u0103 generalul&hellip;\n","protected":false},"author":2,"featured_media":185423,"comment_status":"","ping_status":"","sticky":false,"template":"","format":"standard","meta":{"footnotes":"","_share_on_mastodon":"0"},"categories":[10],"tags":[9394,954,32,33,31,572,1753,36,37,48657,27,230,34,35,6273,25,41,40,38,39,5832,8457,26,28,29,30],"class_list":["post-185422","post","type-post","status-publish","format-standard","has-post-thumbnail","category-romania","tag-arme","tag-avioane","tag-breaking-news","tag-breakingnews","tag-cele-mai-populare-subiecte","tag-drone","tag-elicoptere","tag-featured-news","tag-featurednews","tag-generalul-dorin-toma","tag-headlines","tag-interviu","tag-latest-news","tag-latestnews","tag-miliarde","tag-news","tag-ro","tag-romana","tag-romania","tag-romanian","tag-safe","tag-solutii","tag-stiri","tag-titluri","tag-top-stories","tag-topstories"],"share_on_mastodon":{"url":"https:\/\/pubeurope.com\/@ro\/116612577923529282","error":""},"_links":{"self":[{"href":"https:\/\/www.europesays.com\/ro\/wp-json\/wp\/v2\/posts\/185422","targetHints":{"allow":["GET"]}}],"collection":[{"href":"https:\/\/www.europesays.com\/ro\/wp-json\/wp\/v2\/posts"}],"about":[{"href":"https:\/\/www.europesays.com\/ro\/wp-json\/wp\/v2\/types\/post"}],"author":[{"embeddable":true,"href":"https:\/\/www.europesays.com\/ro\/wp-json\/wp\/v2\/users\/2"}],"replies":[{"embeddable":true,"href":"https:\/\/www.europesays.com\/ro\/wp-json\/wp\/v2\/comments?post=185422"}],"version-history":[{"count":0,"href":"https:\/\/www.europesays.com\/ro\/wp-json\/wp\/v2\/posts\/185422\/revisions"}],"wp:featuredmedia":[{"embeddable":true,"href":"https:\/\/www.europesays.com\/ro\/wp-json\/wp\/v2\/media\/185423"}],"wp:attachment":[{"href":"https:\/\/www.europesays.com\/ro\/wp-json\/wp\/v2\/media?parent=185422"}],"wp:term":[{"taxonomy":"category","embeddable":true,"href":"https:\/\/www.europesays.com\/ro\/wp-json\/wp\/v2\/categories?post=185422"},{"taxonomy":"post_tag","embeddable":true,"href":"https:\/\/www.europesays.com\/ro\/wp-json\/wp\/v2\/tags?post=185422"}],"curies":[{"name":"wp","href":"https:\/\/api.w.org\/{rel}","templated":true}]}}