{"id":185496,"date":"2026-05-21T14:09:23","date_gmt":"2026-05-21T14:09:23","guid":{"rendered":"https:\/\/www.europesays.com\/ro\/185496\/"},"modified":"2026-05-21T14:09:23","modified_gmt":"2026-05-21T14:09:23","slug":"de-ce-a-plecat-robert-ilyes-antrenorul-da-vina-pe-o-lipsa-de-compatibilitate-cu-csikszereda-eu-voiam-mai-mult-cine-il-va-inlocui","status":"publish","type":"post","link":"https:\/\/www.europesays.com\/ro\/185496\/","title":{"rendered":"De ce a plecat Robert Ilye\u0219.\u00a0Antrenorul d\u0103 vina pe o \u201elips\u0103 de compatibilitate\u201d cu Csikszereda:\u00a0\u201eEu voiam mai mult\u201d + Cine \u00eel va \u00eenlocui"},"content":{"rendered":"<ul class=\"bullets\">&#13;<\/p>\n<li>Robert Ilye\u0219 (52 de ani) a pus punct aventurii de la Csikszereda, dup\u0103 un sezon \u00een care a reu\u0219it s\u0103 men\u021bin\u0103 echipa \u00een Superlig\u0103 la prima prezen\u021b\u0103 din istorie pe prima scen\u0103 a fotbalului rom\u00e2nesc.<\/li>\n<p>&#13;<br \/>\n&#13;<\/p>\n<li>Ilye\u0219 a confirmat desp\u0103r\u021birea dup\u0103 victoria cu FC Boto\u0219ani, <a target=\"_blank\" href=\"https:\/\/golazo.ro\/liga-1-etapa-9-play-off-play-out-live-174121\" rel=\"nofollow noopener\">scor 2-0<\/a>, din ultima etap\u0103 a play-out-ului.\u00a0<\/li>\n<p>&#13;\n<\/ul>\n<p class=\"\">Forma\u021bia din Miercurea Ciuc a \u00eencheiat campionatul pe locul 11, de\u0219i la \u00eenceputul sezonului era v\u0103zut\u0103 drept una dintre echipele cu cele mai mari \u0219anse s\u0103 retrogradeze.<\/p>\n<p>Robert Ilye\u0219, explica\u021bii dup\u0103 desp\u0103r\u021birea de Csikszereda: \u201eNu mai eram compatibili. Eu voiam mai mult\u201d<\/p>\n<p class=\"\">\u201eMi-a fost clar, de mult\u0103 vreme, c\u0103 modul \u00een care vedeam eu fotbalul nu era compatibil cu cel al clubului.\u00a0Adic\u0103 eu voiam mai mult, \u0219tiu c\u0103 pot mai mult. Aveam \u00eens\u0103 nevoie de juc\u0103tori de valoare, s\u0103 fac o echip\u0103 cum voiam eu, s\u0103 pot aduce juc\u0103tori cu calit\u0103\u021bi care s\u0103 se muleze pe viziunea mea.<\/p>\n<p class=\"\">\u00cen timp ce clubul voia s\u0103 mizeze mai mult pe tineri, pe juc\u0103tori din zon\u0103. E greu a\u0219a. \u0218i mie \u00eemi place s\u0103 promovez tineri, dovad\u0103 c\u0103 am \u0219i f\u0103cut-o, dar ai nevoie \u0219i de experien\u021b\u0103, de valoare. Noi, \u00een afar\u0103 de Anderson, nu aveam un juc\u0103tor care s\u0103 poat\u0103 face diferen\u021ba.<\/p>\n<p class=\"\">\u0102sta este adev\u0103rul. Eu am lucrat pe concep\u021bia clubului, cu ce mi s-a pus la dispozi\u021bie. Nu am putut s\u0103 aduc pe cine mi-a\u0219 fi dorit. \u0218i dac\u0103 sim\u021bi c\u0103 nu e\u0219ti dorit, e bine s\u0103 faci un pas \u00eenainte,\u00a0s\u0103 mergi mai departe\u201d, a spus Ilye\u0219, conform<a target=\"_blank\" href=\"https:\/\/www.gsp.ro\/fotbal\/liga-1\/robert-ilyes-plecare-csikszereda-a-fost-clar-939622.html\" rel=\"nofollow noopener\"> gsp.ro.<\/a><\/p>\n<blockquote class=\"quote\"><p>\n    Dup\u0103 3 ani, mi s-a terminat contractul, dar nu a venit nimeni s\u0103-mi propun\u0103 nimic pentru o prelungire. E clar c\u0103 cei din club au alte planuri. A\u0219a c\u0103 acum a\u0219tept, sunt deschis la orice oferte. \u0218tiu ce pot \u0219i sunt \u00eencrez\u0103tor c\u0103 voi reveni mai puternic. Robert Ilye\u0219, fostul antrenor al celor de la Csikszereda\n<\/p><\/blockquote>\n<p>Csikszereda nu c\u00e2\u0219tigase niciun meci \u00een primele 11 etape: \u201eSuperliga a fost un pas prea mare\u201d<\/p>\n<p class=\"\">Antrenorul a explicat c\u0103 decizia vine dup\u0103 un sezon foarte solicitant. \u00cen primele 11 etape, echipa nu ob\u021binuse nicio victorie. Primul succes a venit abia \u00een etapa #12, 2-1 cu U Cluj, pe teren propriu.<\/p>\n<p class=\"\">\u201eM\u0103 a\u0219teptam s\u0103 avem probleme la \u00eenceput, fiindc\u0103 nu am adus juc\u0103tori, iar cei pe care \u00eei aveam nu f\u0103ceau fa\u021b\u0103. E diferen\u021b\u0103 mare \u00eentre liga secund\u0103 \u0219i Superliga. A fost un pas prea mare, chiar dac\u0103 dominaser\u0103m e\u0219alonul secund \u0219i promovaser\u0103m matematic cu 5 etape \u00eenainte.<\/p>\n<p class=\"\">C\u00e2nd am \u00eenceput \u00een Superliga, m\u0103 uitam la meciuri, le analizam \u0219i mi-am dat seama c\u0103 avem mari probleme pe faza defensiv\u0103.<\/p>\n<p class=\"\">De\u0219i jucam cu 3 stoperi, \u00eencasam prea multe goluri. A\u0219a am ajuns la concluzia c\u0103 nu trebuie s\u0103 mai joc a\u0219a deschis, chiar dac\u0103 \u0103sta este stilul meu, s\u0103 fim combinativi, s\u0103 atac\u0103m, s\u0103 ne cre\u0103m ocazii\u201d, a mai spus acesta. <\/p>\n<blockquote class=\"quote\"><p>\n    M-am axat numai pe organizarea fazei defensive.\u00a0Am vrut s\u0103 fac o echip\u0103 compact\u0103, s\u0103 joc numai pe tranzi\u021bii pozitive, pe contraatac. Chiar dac\u0103 nu aveam juc\u0103tori rapizi \u00een benzi. \u00cen afar\u0103 de Anderson Ceara, nu prea aveam fotbali\u0219ti de valoare sau de vitez\u0103. Am schimbat \u0219i sistemul, de la 3-4-3 la 4-2-3-1, am adus un plus de echilibru defensiv. Am mai adus \u0219i juc\u0103tori. Robert Ilye\u0219, fostul antrenor al celor de la Csikszereda\n<\/p><\/blockquote>\n<p class=\"\">Unul dintre motivele de m\u00e2ndrie pentru fostul antrenor al ciucanilor a fost faptul c\u0103 a promovat juc\u0103tori tineri.<\/p>\n<p class=\"\">\u201eN-am putut transfera juc\u0103tori, am debutat mul\u021bi din Academie. Aveam 10 p\u00e2n\u0103 spre finalul campionatului. Iar \u00een ultima rund\u0103 l-am folosit \u0219i pe al 11-lea, pe Nyyita Szabolcs, de numai 17 ani.<\/p>\n<p class=\"\">Noi nu aveam juniori de 2004 sau 2005, am fost nevoi\u021bi s\u0103 folosim juc\u0103tori mult mai tineri, de 2006, 2007, chiar 2008.\u00a0De\u0219i nu erau ei cop\u021bi pentru prima lig\u0103.<\/p>\n<p class=\"\">Am fost chiar \u0219i peste cei de la Hagi la acest capitol, al num\u0103rului de juc\u0103tori promova\u021bi la prima echip\u0103. Din c\u00e2te \u0219tiu, clubul a \u0219i c\u00e2\u0219tigat ni\u0219te bani pentru asta. Dar nu \u0219tiu c\u00e2t, c\u0103 niciodat\u0103 nu m-au interesat lucrurile acestea\u201d.<\/p>\n<p class=\"\">Antrenorul, care a adunat 113 meciuri pe banca \u201eciucanilor\u201d, a explicat c\u0103 nu poate oferi foarte multe detalii despre desp\u0103r\u021bire. <\/p>\n<p class=\"\">\u201eAm m\u00e2ncat o p\u00e2ine la acest club \u0219i nu sunt genul care s\u0103 dea cu noroi dup\u0103 ce pleac\u0103\u201d, a mai spus Ilye\u0219. <\/p>\n<p>FOTO. Csikszereda &#8211; FCSB 1-0<\/p>\n<p>    <img decoding=\"async\" src=\"https:\/\/www.europesays.com\/ro\/wp-content\/uploads\/2026\/05\/csikszereda-fcsb-meci-foto-sportpictures-3.jpg\" alt=\"Csikszereda - FCSB, meci FOTO Sportpictures (3).jpg\" data-blur=\"https:\/\/www.europesays.com\/ro\/wp-content\/uploads\/2026\/05\/csikszereda-fcsb-meci-foto-sportpictures-3.jpg\" width=\"684\" height=\"879\" class=\"blur\" loading=\"lazy\"\/><\/p>\n<p>            <img decoding=\"async\" src=\"https:\/\/www.europesays.com\/ro\/wp-content\/uploads\/2026\/05\/1779372561_549_csikszereda-fcsb-meci-foto-sportpictures-3.jpg\" loading=\"lazy\" alt=\"Csikszereda - FCSB, meci FOTO Sportpictures (3).jpg\" width=\"684\" height=\"879\"\/><\/p>\n<p>        Galerie foto (10 imagini)<\/p>\n<p>                    <a href=\"https:\/\/golazo.ro\/csikszereda-fcsb-meci-foto-sportpictures-172632-g1?articleSource=174819\" class=\"gallery-link\" aria-label=\"Show gallery\" rel=\"nofollow noopener\" target=\"_blank\"><\/p>\n<p>                +10 Foto<br \/>\n            <\/a><\/p>\n<p>    <a href=\"https:\/\/golazo.ro\/csikszereda-fcsb-meci-foto-sportpictures-172632-g1\/csikszereda-fcsb-meci-foto-sportpictures-3jpg-427929?articleSource=174819\" class=\"link\" rel=\"nofollow noopener\" target=\"_blank\">labels.photo-gallery<\/a><\/p>\n<p>Istvan Szabo \u00eel va \u00eenlocui<\/p>\n<p class=\"\">Desp\u0103r\u021birea vine dup\u0103 mai bine de trei ani \u00een care Robert Ilye\u0219 a contribuit la ascensiunea clubului. Pentru \u00eenlocuirea sa, favorit este Istvan Szabo, antrenor maghiar liber de contract dup\u0103 desp\u0103r\u021birea de Nyiregyhaza (locukl 9 \u00een prima lig\u0103 din Ungaria).<\/p>\n<p class=\"\">\u201ePractic mai lipse\u0219te doar semnarea contractului. Dup\u0103 aceea, Szabo ar urma s\u0103 fie anun\u021bat oficial pe 3 iunie ca noul antrenor principal al echipei care a \u00eencheiat pe locul 11 primul s\u0103u sezon \u00een prima lig\u0103 din Rom\u00e2nia\u201d, a notat <a target=\"_blank\" href=\"https:\/\/www.nemzetisport.hu\/minden-mas-foci\/2026\/05\/a-kecskemet-es-a-nyiregyhaza-korabbi-trenere-csikszeredaba-tart\" rel=\"nofollow noopener\">presa maghiar\u0103.<\/a><\/p>\n<p class=\"\">Antrenorul ar fi \u00eenceput deja s\u0103 caute solu\u021bii pentru lot \u0219i ar fi discutat cu mai mul\u021bi fo\u0219ti juc\u0103tori ai s\u0103i din Ungaria despre o posibil\u0103 venire la Csikszereda, conform sursei citate. <\/p>\n<p>        <img decoding=\"async\" src=\"https:\/\/www.europesays.com\/ro\/wp-content\/uploads\/2026\/05\/ed493040-6ccd-4159-a1cf-110248c8fafa.webp\" alt=\"Istvan Szabo\/ Foto: captura ecran Youtube\" width=\"684\" height=\"879\" class=\"blur\" loading=\"lazy\"\/><br \/>\n        <img decoding=\"async\" src=\"https:\/\/golazo.ro\/storage\/2026-05-13\/433489\/ed493040-6ccd-4159-a1cf-110248c8fafa\" alt=\"Istvan Szabo\/ Foto: captura ecran Youtube\" width=\"684\" height=\"879\" class=\"photo-in-article__main\" loading=\"lazy\"\/><\/p>\n<p>            Istvan Szabo\/ Foto: captura ecran Youtube<\/p>\n<p class=\"\">De-a lungul carierei, antrenorul maghiar a preg\u0103tit doar echipe din Ungaria: Cegled, Tiszakecske, Dabas, Kecskemeti \u0219i Nyiregyhaza Spartacus.<\/p>\n<p>Cite\u0219te \u0219i<\/p>\n<p>VIDEO: cele mai noi imagini din sport<\/p>\n","protected":false},"excerpt":{"rendered":"&#13; Robert Ilye\u0219 (52 de ani) a pus punct aventurii de la Csikszereda, dup\u0103 un sezon \u00een care&hellip;\n","protected":false},"author":2,"featured_media":185497,"comment_status":"","ping_status":"","sticky":false,"template":"","format":"standard","meta":{"footnotes":"","_share_on_mastodon":"0"},"categories":[5],"tags":[32,33,31,1268,4842,36,37,27,52822,34,35,25,41,3554,40,38,39,26,55,28,29,30],"class_list":["post-185496","post","type-post","status-publish","format-standard","has-post-thumbnail","category-titluri","tag-breaking-news","tag-breakingnews","tag-cele-mai-populare-subiecte","tag-csikszereda","tag-despartire","tag-featured-news","tag-featurednews","tag-headlines","tag-istvan-szabo","tag-latest-news","tag-latestnews","tag-news","tag-ro","tag-robert-ilyes","tag-romana","tag-romania","tag-romanian","tag-stiri","tag-superliga","tag-titluri","tag-top-stories","tag-topstories"],"share_on_mastodon":{"url":"https:\/\/pubeurope.com\/@ro\/116612967207821892","error":""},"_links":{"self":[{"href":"https:\/\/www.europesays.com\/ro\/wp-json\/wp\/v2\/posts\/185496","targetHints":{"allow":["GET"]}}],"collection":[{"href":"https:\/\/www.europesays.com\/ro\/wp-json\/wp\/v2\/posts"}],"about":[{"href":"https:\/\/www.europesays.com\/ro\/wp-json\/wp\/v2\/types\/post"}],"author":[{"embeddable":true,"href":"https:\/\/www.europesays.com\/ro\/wp-json\/wp\/v2\/users\/2"}],"replies":[{"embeddable":true,"href":"https:\/\/www.europesays.com\/ro\/wp-json\/wp\/v2\/comments?post=185496"}],"version-history":[{"count":0,"href":"https:\/\/www.europesays.com\/ro\/wp-json\/wp\/v2\/posts\/185496\/revisions"}],"wp:featuredmedia":[{"embeddable":true,"href":"https:\/\/www.europesays.com\/ro\/wp-json\/wp\/v2\/media\/185497"}],"wp:attachment":[{"href":"https:\/\/www.europesays.com\/ro\/wp-json\/wp\/v2\/media?parent=185496"}],"wp:term":[{"taxonomy":"category","embeddable":true,"href":"https:\/\/www.europesays.com\/ro\/wp-json\/wp\/v2\/categories?post=185496"},{"taxonomy":"post_tag","embeddable":true,"href":"https:\/\/www.europesays.com\/ro\/wp-json\/wp\/v2\/tags?post=185496"}],"curies":[{"name":"wp","href":"https:\/\/api.w.org\/{rel}","templated":true}]}}