{"id":185746,"date":"2026-05-21T17:53:10","date_gmt":"2026-05-21T17:53:10","guid":{"rendered":"https:\/\/www.europesays.com\/ro\/185746\/"},"modified":"2026-05-21T17:53:10","modified_gmt":"2026-05-21T17:53:10","slug":"diana-buzoianu-ii-raspunde-lui-florin-prunea-dupa-acuzatiile-de-videochat-genul-asta-de-atac-furibund-arata-disperarea","status":"publish","type":"post","link":"https:\/\/www.europesays.com\/ro\/185746\/","title":{"rendered":"Diana Buzoianu \u00eei r\u0103spunde lui Florin Prunea dup\u0103 acuza\u021biile de \u201evideochat\u201d: \u201eGenul \u0103sta de atac furibund arat\u0103 disperarea\u201d"},"content":{"rendered":"<p>Diana Buzoianu, ministrul interimar al Mediului, reac\u021bioneaz\u0103 ferm dup\u0103 ce fostul portar Florin Prunea a afirmat public c\u0103 aceasta ar fi f\u0103cut \u201evideochat \u00een adolescen\u021b\u0103\u201d.<\/p>\n<p>\t\t\t<img decoding=\"async\" src=\"https:\/\/www.europesays.com\/ro\/wp-content\/uploads\/2026\/04\/1776570008_117_index.jpeg\" alt=\"Diana Buzoianu respinge acuza\u021biile lui Prunea FOTO FB Diana Buzoianu\" width=\"1400\" height=\"750\" loading=\"eager\" fetchpriority=\"high\" class=\"svelte-h45upf\"\/><\/p>\n<p>Diana Buzoianu respinge acuza\u021biile lui Prunea FOTO FB Diana Buzoianu<\/p>\n<p>publicitate&#8221;); background-position: center center; background-repeat: no-repeat;&#8221;&gt;<\/p>\n<p>Diana\u00a0Buzoianu a respins joi, 21 mai, \u00eentr-un interviu la<a href=\"https:\/\/www.europafm.ro\/live\/\" rel=\"nofollow noopener\" target=\"_blank\">\u00a0Europa FM<\/a>,\u00a0<a href=\"https:\/\/adevarul.ro\/sport\/florin-prunea-remarci-nepotrivite-la-adresa-2516380.html\" rel=\"nofollow noopener\" target=\"_blank\">acuza\u021biile lui Florin Prunea<\/a>\u00a0\u0219i a explicat contextul \u00een care astfel de atacuri apar \u00een politic\u0103.<\/p>\n<p>\u00centrebat\u0103 direct despre afirma\u021biile lui Prunea, ministrul a spus c\u0103 nu crede nicio clip\u0103 c\u0103 declara\u021bia a fost f\u0103cut\u0103 \u201ede capul lui\u201d, suger\u00e2nd c\u0103 atacul ar fi fost orchestrat:<\/p>\n<p>\u201eGenul \u0103sta de atac furibund, \u00een care inventezi pur \u0219i simplu o realitate paralel\u0103, arat\u0103 disperarea lor, c\u0103 n-au niciun fel de fir de unde s\u0103 m\u0103 trag\u0103, de unde s\u0103 \u00eenceap\u0103 s\u0103 descoas\u0103 ca s\u0103 se \u00eent\u00e2mple ceva. Nu exist\u0103. Nu exist\u0103\u201d.<\/p>\n<p>\t\t\t\u201eEste foarte dificil s\u0103 \u00een\u021beleag\u0103 c\u0103 o femeie ar putea s\u0103 fac\u0103 politic\u0103\u201d<\/p>\n<p>Diana Buzoianu a vorbit \u0219i despre dificult\u0103\u021bile suplimentare cu care se confrunt\u0103 femeile \u00een politic\u0103, subliniind c\u0103 misoginismul \u00eenc\u0103 este prezent \u00een mediul public.<\/p>\n<p>\u201ePentru foarte mul\u021bi b\u0103rba\u021bi din politic\u0103 le este foarte dificil s\u0103 \u00een\u021beleag\u0103 c\u0103<a href=\"https:\/\/adevarul.ro\/politica\/ziua-si-situatiile-halucinante-ministrul-2527014.html\" rel=\"nofollow noopener\" target=\"_blank\"> o femeie ar putea s\u0103 fac\u0103 politic\u0103<\/a>, s\u0103 fie mai bun\u0103 dec\u00e2t ei \u0219i s\u0103 nu aib\u0103 pe nimeni \u00een spate\u201d, a declarat \u00een aceea\u0219i emisiune.<\/p>\n<p>Ministra a explicat c\u0103 atacurile personale sunt folosite atunci c\u00e2nd adversarii politici nu g\u0103sesc vulnerabilit\u0103\u021bi reale:<\/p>\n<p>\u201eTrebuie s\u0103 fie din ce \u00een ce mai mul\u021bi oameni care s\u0103 trezeasc\u0103 aceast\u0103 disperare \u00een ei. Haide\u021bi s\u0103 aducem c\u00e2t mai mul\u021bi oameni \u00een politic\u0103, care s\u0103 trezeasc\u0103 o enervare real\u0103 a celor care sunt \u00een sistem, c\u0103 n-au de unde s\u0103-i prind\u0103, n-au ce s\u0103 le fac\u0103\u201d.<\/p>\n<p>publicitate&#8221;); background-position: center center; background-repeat: no-repeat;&#8221;&gt;<\/p>\n<p>Diana Buzoianu a mai spus c\u0103 astfel de episoade nu o vor descuraja \u0219i c\u0103 \u00ee\u0219i continu\u0103 activitatea cu aceea\u0219i determinare.<\/p>\n<p>\t\t\tPrunea: \u201e\u00cemi prezint public scuze pentru acest moment, pe care \u00eel regret\u201d<\/p>\n<p>Acuza\u021biile lui Florin Prunea au fost intens mediatizate, iar publica\u021biile care l-au citat au ajuns la aceea\u0219i concluzie: afirma\u021bia era fals\u0103, provenea dintr-un clip trucat de pe TikTok, iar Prunea \u0219i\u2011a cerut scuze public.<\/p>\n<p>\u201eAm v\u0103zut postarea cuiva pe TikTok \u0219i am spus ce am v\u0103zut.\u00a0Ar fi trebuit s\u0103 specific asta. Nu o cunosc personal pe doamna ministru \u0219i vreau s\u0103 spun clar c\u0103 nu am nimic cu d\u00e2nsa. \u00cemi prezint public scuze pentru acest moment, pe care \u00eel regret\u201d,\u00a0a spus Prunea \u00een emisiunea sportiv\u0103 iAMsport LIVE.<\/p>\n","protected":false},"excerpt":{"rendered":"Diana Buzoianu, ministrul interimar al Mediului, reac\u021bioneaz\u0103 ferm dup\u0103 ce fostul portar Florin Prunea a afirmat public c\u0103&hellip;\n","protected":false},"author":2,"featured_media":160502,"comment_status":"","ping_status":"","sticky":false,"template":"","format":"standard","meta":{"footnotes":"","_share_on_mastodon":"0"},"categories":[5],"tags":[32,33,31,717,36,37,1287,27,34,35,8558,25,41,40,38,39,26,28,29,30,12504],"class_list":["post-185746","post","type-post","status-publish","format-standard","has-post-thumbnail","category-titluri","tag-breaking-news","tag-breakingnews","tag-cele-mai-populare-subiecte","tag-diana-buzoianu","tag-featured-news","tag-featurednews","tag-florin-prunea","tag-headlines","tag-latest-news","tag-latestnews","tag-misoginism","tag-news","tag-ro","tag-romana","tag-romania","tag-romanian","tag-stiri","tag-titluri","tag-top-stories","tag-topstories","tag-videochat"],"share_on_mastodon":{"url":"https:\/\/pubeurope.com\/@ro\/116613847666436135","error":""},"_links":{"self":[{"href":"https:\/\/www.europesays.com\/ro\/wp-json\/wp\/v2\/posts\/185746","targetHints":{"allow":["GET"]}}],"collection":[{"href":"https:\/\/www.europesays.com\/ro\/wp-json\/wp\/v2\/posts"}],"about":[{"href":"https:\/\/www.europesays.com\/ro\/wp-json\/wp\/v2\/types\/post"}],"author":[{"embeddable":true,"href":"https:\/\/www.europesays.com\/ro\/wp-json\/wp\/v2\/users\/2"}],"replies":[{"embeddable":true,"href":"https:\/\/www.europesays.com\/ro\/wp-json\/wp\/v2\/comments?post=185746"}],"version-history":[{"count":0,"href":"https:\/\/www.europesays.com\/ro\/wp-json\/wp\/v2\/posts\/185746\/revisions"}],"wp:featuredmedia":[{"embeddable":true,"href":"https:\/\/www.europesays.com\/ro\/wp-json\/wp\/v2\/media\/160502"}],"wp:attachment":[{"href":"https:\/\/www.europesays.com\/ro\/wp-json\/wp\/v2\/media?parent=185746"}],"wp:term":[{"taxonomy":"category","embeddable":true,"href":"https:\/\/www.europesays.com\/ro\/wp-json\/wp\/v2\/categories?post=185746"},{"taxonomy":"post_tag","embeddable":true,"href":"https:\/\/www.europesays.com\/ro\/wp-json\/wp\/v2\/tags?post=185746"}],"curies":[{"name":"wp","href":"https:\/\/api.w.org\/{rel}","templated":true}]}}