{"id":185965,"date":"2026-05-21T21:18:10","date_gmt":"2026-05-21T21:18:10","guid":{"rendered":"https:\/\/www.europesays.com\/ro\/185965\/"},"modified":"2026-05-21T21:18:10","modified_gmt":"2026-05-21T21:18:10","slug":"prunea-comandat-de-sistem-ministrul-usr-ii-raspunde-taios-lui-florin-prunea-dupa-acuzatiile-scandaloase-pentru-care-a-fost-nevoit-sa-si-ceara-scuze","status":"publish","type":"post","link":"https:\/\/www.europesays.com\/ro\/185965\/","title":{"rendered":"Prunea, \u201ecomandat de sistem\u201d? Ministrul USR \u00eei r\u0103spunde t\u0103ios lui Florin Prunea, dup\u0103 acuza\u021biile scandaloase pentru care a fost nevoit s\u0103-\u0219i cear\u0103 scuze"},"content":{"rendered":"<ul class=\"bullets\">&#13;<\/p>\n<li>Diana Buzoianu (31 de ani), Ministrul Mediului, a reac\u021bionat la acuza\u021biile formulate de fostul fotbalist Florin Prunea (57 de ani)<\/li>\n<p>&#13;\n<\/ul>\n<p class=\"\">Acesta spusese acum dou\u0103 luni c\u0103 Buzoianu a f\u0103cut videochat \u00een Slobozia, sus\u021bin\u00e2nd ulterior c\u0103 a fost informat prost de pe TikTok. <\/p>\n<p class=\"\">Diana Buzoianu este politician USR \u0219i avocat de profesie, deputat din 2020 \u0219i una dintre vocile tinerei genera\u021bii din politica rom\u00e2neasc\u0103. <\/p>\n<p class=\"\">S-a remarcat prin ini\u021biative legate de protec\u021bia mediului, digitalizare \u0219i transparen\u021b\u0103 administrativ\u0103, iar din 2025 ocup\u0103 func\u021bia de ministru al Mediului.<\/p>\n<p class=\"\">Ea a comentat azi cele declarate de Prunea, pentru care ex-portarul \u0219i-a cerut apoi scuze. <\/p>\n<p>Diana Buzoianu: \u201eM-a \u0219ocat partea aceasta de fake news-uri\u201d<\/p>\n<p class=\"\">\u201eGenul \u0103sta de atac furibund, care sigur c\u0103 vine comandat din spate&#8230; Nu, nu cred c\u0103 a spus-o de capul lui. <\/p>\n<p class=\"\">Genul \u0103sta de atac furibund, \u00een care inventezi pur \u0219i simplu o realitate paralel\u0103, arat\u0103 disperarea lor, pentru c\u0103 n-au niciun fel de fir de unde s\u0103 m\u0103 trag\u0103, de unde s\u0103 \u00eenceap\u0103 s\u0103 descoas\u0103 ca s\u0103 se \u00eent\u00e2mple ceva. Nu exist\u0103! <\/p>\n<p class=\"\">Eu cred c\u0103 trebuie s\u0103 fie din ce \u00een ce mai mul\u021bi oameni care s\u0103 trezeasc\u0103 aceast\u0103 disperare \u00een ei. <\/p>\n<p class=\"\">Haide\u021bi s\u0103 aducem \u00een politic\u0103 mai mul\u021bi oameni care s\u0103 trezeasc\u0103 o enervare a celor care sunt \u00een sistem pentru c\u0103 n-au de unde s\u0103-i prind\u0103, n-au ce s\u0103 le fac\u0103. <\/p>\n<p class=\"\">M-a \u0219ocat partea aceasta de fake news-uri. E absolut halucinant c\u00e2t de u\u0219or pot fi manipulate \u0219i \u00eempinse foarte rapid campanii coordonate\u201d, a declarat Diana Buzoianu azi, la Europa FM. <\/p>\n<p>Ce declarase Florin Prunea despre Diana Buzoianu<\/p>\n<p class=\"\">\u201eCine-i, m\u0103, Buzoianu? Aia de la Mediu? Auzi, ia bag\u0103 pe Google s\u0103 vezi de Buzoianu. Stai s\u0103 vezi ce a f\u0103cut \u00eenainte, m\u00e2nca-\u021bi-a\u0219! Ia vezi ce g\u0103se\u0219ti acolo. A f\u0103cut, m\u0103, videochat. <\/p>\n<p class=\"\">Ia bag\u0103 s\u0103 vezi! S\u0103 vedem dac\u0103 e adev\u0103rat, nu \u0219tiu. Nu e pe nic\u0103ieri? Acum mi-am adus aminte. Stai c\u0103 \u00ee\u021bi zic \u0219i \u00een ce ora\u0219. Nu pot s\u0103 spun de unde \u0219tiu. <\/p>\n<p class=\"\">\u00cen Slobozia a f\u0103cut, m\u0103! Mi-am adus aminte. La Slobozia 100%, mi-am adus aminte. Bomb\u0103 de pres\u0103! Tefeli\u0219tii\u2026 v-am pornit! V-am zg\u00e2nd\u0103rit. N-am spus c\u0103 e adev\u0103rat\u201d, afirmase Florin Prunea.<\/p>\n<p class=\"\">\u201eAm v\u0103zut postarea cuiva pe TikTok \u0219i am spus ce am v\u0103zut. Ar fi trebuit s\u0103 specific asta. Nu o cunosc personal pe doamna ministru \u0219i vreau s\u0103 spun clar c\u0103 nu am nimic cu d\u00e2nsa. \u00cemi prezint public scuze pentru acest moment, pe care \u00eel regret\u201d, a declarat Florin Prunea pentru <a target=\"_blank\" href=\"https:\/\/iamsport.ro\/\" rel=\"nofollow noopener\">iamsport.ro<\/a>.<\/p>\n<p>Cite\u0219te \u0219i<\/p>\n<p>VIDEO: cele mai noi imagini din sport<\/p>\n","protected":false},"excerpt":{"rendered":"&#13; Diana Buzoianu (31 de ani), Ministrul Mediului, a reac\u021bionat la acuza\u021biile formulate de fostul fotbalist Florin Prunea&hellip;\n","protected":false},"author":2,"featured_media":185966,"comment_status":"","ping_status":"","sticky":false,"template":"","format":"standard","meta":{"footnotes":"","_share_on_mastodon":"0"},"categories":[20],"tags":[324,717,14544,1287,2171,41,40,38,39,185,184,890,12504],"class_list":["post-185965","post","type-post","status-publish","format-standard","has-post-thumbnail","category-sport","tag-acuzatii","tag-diana-buzoianu","tag-fake-news","tag-florin-prunea","tag-reactie","tag-ro","tag-romana","tag-romania","tag-romanian","tag-sport","tag-sports","tag-usr","tag-videochat"],"share_on_mastodon":{"url":"https:\/\/pubeurope.com\/@ro\/116614653932709392","error":""},"_links":{"self":[{"href":"https:\/\/www.europesays.com\/ro\/wp-json\/wp\/v2\/posts\/185965","targetHints":{"allow":["GET"]}}],"collection":[{"href":"https:\/\/www.europesays.com\/ro\/wp-json\/wp\/v2\/posts"}],"about":[{"href":"https:\/\/www.europesays.com\/ro\/wp-json\/wp\/v2\/types\/post"}],"author":[{"embeddable":true,"href":"https:\/\/www.europesays.com\/ro\/wp-json\/wp\/v2\/users\/2"}],"replies":[{"embeddable":true,"href":"https:\/\/www.europesays.com\/ro\/wp-json\/wp\/v2\/comments?post=185965"}],"version-history":[{"count":0,"href":"https:\/\/www.europesays.com\/ro\/wp-json\/wp\/v2\/posts\/185965\/revisions"}],"wp:featuredmedia":[{"embeddable":true,"href":"https:\/\/www.europesays.com\/ro\/wp-json\/wp\/v2\/media\/185966"}],"wp:attachment":[{"href":"https:\/\/www.europesays.com\/ro\/wp-json\/wp\/v2\/media?parent=185965"}],"wp:term":[{"taxonomy":"category","embeddable":true,"href":"https:\/\/www.europesays.com\/ro\/wp-json\/wp\/v2\/categories?post=185965"},{"taxonomy":"post_tag","embeddable":true,"href":"https:\/\/www.europesays.com\/ro\/wp-json\/wp\/v2\/tags?post=185965"}],"curies":[{"name":"wp","href":"https:\/\/api.w.org\/{rel}","templated":true}]}}