{"id":186095,"date":"2026-05-22T03:37:08","date_gmt":"2026-05-22T03:37:08","guid":{"rendered":"https:\/\/www.europesays.com\/ro\/186095\/"},"modified":"2026-05-22T03:37:08","modified_gmt":"2026-05-22T03:37:08","slug":"gina-pistol-dezvaluiri-despre-smiley-dincolo-de-scena-e-un-pic-mai-inchis-fata-de-mine","status":"publish","type":"post","link":"https:\/\/www.europesays.com\/ro\/186095\/","title":{"rendered":"Gina Pistol, dezv\u0103luiri despre Smiley dincolo de scen\u0103: \u201eE un pic mai \u00eenchis fa\u021b\u0103 de mine\u201d"},"content":{"rendered":"<p class=\"svelte-1crgxm8\"><a href=\"https:\/\/click.ro\/vedete\/vedete-romanesti\/preparatul-fabulos-cu-care-gina-pistol-si-smiley-2270666.html\" rel=\"nofollow noopener\" target=\"_blank\">Gina Pistol<\/a>\u00a0a f\u0103cut dezv\u0103luiri rare despre personalitatea \u0219i comportamentul so\u021bului s\u0103u, Smiley, unul dintre cei mai aprecia\u021bi arti\u0219ti din Rom\u00e2nia. Invitat\u0103 \u00een podcastul \u201eTot ce nu spunem\u201d, moderat de Sore, prezentatoarea \u201eMasterChef\u201d a vorbit deschis despre via\u021ba de familie \u0219i despre dinamica rela\u021biei lor.<\/p>\n<p>          <img decoding=\"async\" src=\"https:\/\/www.europesays.com\/ro\/wp-content\/uploads\/2026\/05\/1779421027_798_index.jpeg\" alt=\"Gina Pistol \u0219i Smiley. Foto: social media\" width=\"1400\" height=\"750\" loading=\"eager\" fetchpriority=\"high\" class=\"svelte-h45upf\"\/><\/p>\n<p>Gina Pistol \u0219i Smiley. Foto: social media<\/p>\n<p>          Ce spune Gina Pistol despre Smiley\u00a0<\/p>\n<p class=\"svelte-1crgxm8\">\u00centrebat\u0103 care sunt calit\u0103\u021bile partenerului s\u0103u, Gina Pistol a oferit detalii mai pu\u021bin cunoscute despre<a href=\"https:\/\/click.ro\/vedete\/vedete-romanesti\/smiley-mesaj-ingrijorator-inainte-de-nunta-cu-2270660.html\" rel=\"nofollow noopener\" target=\"_blank\"> Smiley<\/a>\u00a0dincolo de imaginea artistului de pe scen\u0103. Vedeta l-a descris drept un om introvertit, calculat \u0219i extrem de diplomat, subliniind totodat\u0103 c\u00e2t de implicat \u0219i afectuos este \u00een rolul de tat\u0103 pentru fiica lor, Josephine.<\/p>\n<p class=\"svelte-1crgxm8\">Sore: \u201eCare sunt calit\u0103\u021bile pe care noi nu le \u0219tim?\u201d<\/p>\n<p class=\"svelte-1crgxm8\">Gina Pistol: \u201eS\u0103 \u0219tii c\u0103 \u00eemi place foarte mult de el ca tat\u0103, pentru c\u0103 stau \u0219i analizez, stau \u0219i urm\u0103resc ce cuvinte folose\u0219te, c\u00e2t\u0103 r\u0103bdare are. De\u0219i el, pe scen\u0103, eman\u0103 c\u0103ldur\u0103, este solar \u0219i e un om bl\u00e2nd \u0219i bun, e un pic mai \u00eenchis fa\u021b\u0103 de mine, e pu\u021bin mai introvertit. Eu sunt ca o carte deschis\u0103, eu n-am \u00abpoker face\u00bb. \u0218tii c\u00e2nd sunt fericit\u0103, c\u00e2nd sunt mai pu\u021bin fericit\u0103.<\/p>\n<p class=\"svelte-1crgxm8\">Andrei, \u00een schimb, \u0219tie s\u0103 \u021bin\u0103 toat\u0103 lumea \u0219i energiile celorlal\u021bi la distan\u021b\u0103. Dar e un om bun. El, ca Andrei Tiberiu Maria, este alt om. Acas\u0103 \u00eemi place foarte mult cum se joac\u0103 cu Josephine. Practic, se pune la mintea ei. \u0218i m\u0103 uit la el dup\u0103 ce vine de la concert \u2014 el, care pe scen\u0103 e star \u2014 \u0219i apoi acas\u0103 se joac\u0103 cu fiica mea \u0219i fac balet&#8230; M\u0103 distreaz\u0103 \u0219i \u00eemi place foarte mult rela\u021bia pe care o au ei \u0219i cum este el ca tat\u0103.\u201d<\/p>\n<p>          Gina Pistol despre fiica ei: \u201eS\u0103 mo\u0219teneasc\u0103 zv\u00e2cul \u0103sta de r\u0103zboinic\u0103\u201d<\/p>\n<p>        <img decoding=\"async\" src=\"https:\/\/www.europesays.com\/ro\/wp-content\/uploads\/2026\/05\/1779421028_357_index.png\" alt=\"Gina Pistol, Smiley \u0219i Josephine. Foto: social media\" width=\"1400\" height=\"750\" loading=\"lazy\" class=\"svelte-h45upf\"\/><\/p>\n<p>Gina Pistol, Smiley \u0219i Josephine. Foto: social media<\/p>\n<p class=\"svelte-1crgxm8\">Smiley \u0219i Gina Pistol formeaz\u0103 unul dintre cele mai apreciate cupluri din showbiz, iar venirea pe lume a micu\u021bei\u00a0<a href=\"https:\/\/click.ro\/vedete\/vedete-romanesti\/gina-pistol-imagini-rare-cu-josephine-cum-a-fost-2530207.html\" rel=\"nofollow noopener\" target=\"_blank\">Josephine<\/a>, \u00een urm\u0103 cu cinci ani, le-a schimbat \u0219i \u00eenfrumuse\u021bat via\u021ba. Fiica lor este talentat\u0103 \u0219i creativ\u0103, \u00eens\u0103 prezentatoarea \u0219i-ar dori ca aceasta s\u0103 mo\u0219teneasc\u0103 anumite calit\u0103\u021bi at\u00e2t de la ea, c\u00e2t \u0219i de la tat\u0103l s\u0103u.<\/p>\n<p class=\"svelte-1crgxm8\">Sore: \u201e\u0218i acum, c\u0103 am revenit \u0219i am f\u0103cut tot triunghiul, ce \u00ee\u021bi dore\u0219ti s\u0103 mo\u0219teneasc\u0103 Josephine de la ambii p\u0103rin\u021bi \u00een viitor? Ceva ce \u00eenc\u0103 tu n-ai observat \u00een dezvoltarea ei.\u201d<\/p>\n<p class=\"svelte-1crgxm8\">Gina Pistol: \u201eM\u0103i, de la mine, sincer, a\u0219 dori s\u0103 mo\u0219teneasc\u0103 zv\u00e2cul \u0103sta de r\u0103zboinic\u0103. Dar, na, ea are alt parcurs, cel pu\u021bin p\u00e2n\u0103 acum, \u00een compara\u021bie cu copil\u0103ria mea. E total diferit.\u201d<\/p>\n<p class=\"svelte-1crgxm8\">Sore: \u201eDoamne, ce bine!\u201d<\/p>\n<p class=\"svelte-1crgxm8\">Gina Pistol: \u201eDa, ce bine! \u0218i eu cred c\u0103 partea asta de r\u0103zboinic\u0103 o am pentru c\u0103 n-am avut \u00eencotro, \u0219tii? Dar a\u0219 vrea s\u0103 aib\u0103 \u0219i ea pu\u021bin din asta, s\u0103 nu fie&#8230; Adic\u0103 e un copil foarte bun \u0219i, la un moment dat, m\u0103 uitam la ea \u0219i m\u0103 g\u00e2ndeam: \u00abB\u0103i, mam\u0103, ce femeie mi\u0219to o s\u0103 fii\u00bb. E \u0219i funny, e \u0219i empatic\u0103, e \u0219i istea\u021b\u0103. Dar a\u0219 vrea s\u0103 aib\u0103 \u0219i zv\u00e2cul \u0103sta de r\u0103zboinic\u0103, partea asta mai dr\u0103coas\u0103, a\u0219a, \u0219tii?<\/p>\n<p class=\"svelte-1crgxm8\">\u0218i de la Andrei mi-a\u0219 dori s\u0103 mo\u0219teneasc\u0103 partea asta foarte ra\u021bional\u0103. Andrei este foarte calculat, nu vorbe\u0219te impulsiv. Eu sunt&#8230; dac\u0103 m-am enervat, spun tot ce am pe suflet, n-am filtru.\u201d<\/p>\n<p class=\"svelte-1crgxm8\">Sore: \u201eEl zice dup\u0103 dou\u0103 s\u0103pt\u0103m\u00e2ni.\u201d<\/p>\n<p class=\"svelte-1crgxm8\">Gina Pistol: \u201eDa, el zice \u0219i, cumva, le spune trecute printr-un filtru, \u0219tii? E foarte diplomat. Eu nu sunt. Cred c\u0103 diploma\u021bia de la Andrei.\u201d<\/p>\n<p>          Cine cedeaz\u0103 primul \u00een momentele conflictuale?\u00a0<\/p>\n<p class=\"svelte-1crgxm8\">Un alt subiect abordat de prezentatoarea TV a fost cel al ne\u00een\u021belegerilor din cuplu \u0219i al persoanei care face primul pas spre \u00eemp\u0103care.<\/p>\n<p class=\"svelte-1crgxm8\">Sore: \u201eDar sunt curioas\u0103: \u00een certuri \u2014 m\u0103 rog, ceart\u0103 e mult spus \u2014 \u00een discu\u021biile \u00een contradictoriu dintre tine \u0219i Andrei, cine cedeaz\u0103 primul?\u201d<\/p>\n<p class=\"svelte-1crgxm8\">Gina Pistol: \u201eEl. Pentru c\u0103 e diplomat \u0219i se \u00een\u021belege mai bine, e mai a\u0219ezat cu picioarele pe p\u0103m\u00e2nt. Eu m\u0103 duc&#8230; c\u0103 eu, \u00een trei minute, spun c\u0103 te iubesc \u0219i c\u0103 plec \u00een lume \u0219i c\u0103 nu mai vreau&#8230; Sunt exact ca un foc de paie. M\u0103 aprind imediat, ard tot \u00een jurul meu \u0219i apoi m\u0103 calmez.\u201d<\/p>\n<p>            Mai multe pentru tine<\/p>\n","protected":false},"excerpt":{"rendered":"Gina Pistol\u00a0a f\u0103cut dezv\u0103luiri rare despre personalitatea \u0219i comportamentul so\u021bului s\u0103u, Smiley, unul dintre cei mai aprecia\u021bi arti\u0219ti&hellip;\n","protected":false},"author":2,"featured_media":186096,"comment_status":"","ping_status":"","sticky":false,"template":"","format":"standard","meta":{"footnotes":"","_share_on_mastodon":"0"},"categories":[18],"tags":[171,170,8318,53060,41,40,38,39,2009,81],"class_list":["post-186095","post","type-post","status-publish","format-standard","has-post-thumbnail","category-divertisment","tag-divertisment","tag-entertainment","tag-gina-pistol","tag-josephine","tag-ro","tag-romana","tag-romania","tag-romanian","tag-smiley","tag-video"],"share_on_mastodon":{"url":"https:\/\/pubeurope.com\/@ro\/116616144316340885","error":""},"_links":{"self":[{"href":"https:\/\/www.europesays.com\/ro\/wp-json\/wp\/v2\/posts\/186095","targetHints":{"allow":["GET"]}}],"collection":[{"href":"https:\/\/www.europesays.com\/ro\/wp-json\/wp\/v2\/posts"}],"about":[{"href":"https:\/\/www.europesays.com\/ro\/wp-json\/wp\/v2\/types\/post"}],"author":[{"embeddable":true,"href":"https:\/\/www.europesays.com\/ro\/wp-json\/wp\/v2\/users\/2"}],"replies":[{"embeddable":true,"href":"https:\/\/www.europesays.com\/ro\/wp-json\/wp\/v2\/comments?post=186095"}],"version-history":[{"count":0,"href":"https:\/\/www.europesays.com\/ro\/wp-json\/wp\/v2\/posts\/186095\/revisions"}],"wp:featuredmedia":[{"embeddable":true,"href":"https:\/\/www.europesays.com\/ro\/wp-json\/wp\/v2\/media\/186096"}],"wp:attachment":[{"href":"https:\/\/www.europesays.com\/ro\/wp-json\/wp\/v2\/media?parent=186095"}],"wp:term":[{"taxonomy":"category","embeddable":true,"href":"https:\/\/www.europesays.com\/ro\/wp-json\/wp\/v2\/categories?post=186095"},{"taxonomy":"post_tag","embeddable":true,"href":"https:\/\/www.europesays.com\/ro\/wp-json\/wp\/v2\/tags?post=186095"}],"curies":[{"name":"wp","href":"https:\/\/api.w.org\/{rel}","templated":true}]}}