{"id":186377,"date":"2026-05-22T09:13:09","date_gmt":"2026-05-22T09:13:09","guid":{"rendered":"https:\/\/www.europesays.com\/ro\/186377\/"},"modified":"2026-05-22T09:13:09","modified_gmt":"2026-05-22T09:13:09","slug":"brooke-shields-la-60-de-ani-despre-operatiile-estetice-mi-e-teama-sa-nu-mai-arat-ca-mine","status":"publish","type":"post","link":"https:\/\/www.europesays.com\/ro\/186377\/","title":{"rendered":"Brooke Shields, la 60 de ani, despre opera\u021biile estetice: \u201eMi-e team\u0103 s\u0103 nu mai ar\u0103t ca mine\u201d"},"content":{"rendered":"<p class=\"svelte-1crgxm8\">Actri\u021ba \u0219i modelul american <a href=\"https:\/\/click.ro\/vedete\/vedete-internationale\/brooke-shields-super-sexy-in-costum-de-baie-la-59-2435379.html\" rel=\"nofollow noopener\" target=\"_blank\">Brooke Shields<\/a>, \u00een v\u00e2rst\u0103 de 60 de ani, a vorbit recent despre felul \u00een care prive\u0219te \u00eemb\u0103tr\u00e2nirea \u0219i despre decizia de a evita interven\u021biile chirurgicale estetice, chiar dac\u0103 recunoa\u0219te c\u0103 subiectul este unul tentant \u00een lumea Hollywood-ului.<\/p>\n<p>          <img decoding=\"async\" src=\"https:\/\/www.europesays.com\/ro\/wp-content\/uploads\/2026\/05\/1779441189_774_index.png\" alt=\"Brooke Shields\" width=\"1400\" height=\"750\" loading=\"eager\" fetchpriority=\"high\" class=\"svelte-h45upf\"\/><\/p>\n<p>Brooke Shields<\/p>\n<p class=\"svelte-1crgxm8\">Declara\u021biile au fost f\u0103cute \u00eentr-un interviu acordat revistei <a href=\"https:\/\/people.com\/brooke-shields-sex-scenes-lambing-why-she-hasnt-gone-under-knife-11977604?\" rel=\"nofollow noopener\" target=\"_blank\">People<\/a> \u00een care vedeta a discutat deschis despre presiunea standardelor de frumuse\u021be \u0219i despre rela\u021bia ei cu propria imagine.<\/p>\n<p>          \u201eNu am apelat la opera\u021bii estetice, de\u0219i pare tentant\u201d<\/p>\n<p class=\"svelte-1crgxm8\"><a href=\"https:\/\/click.ro\/vedete\/vedete-internationale\/brooke-shields-invata-sa-mearga-din-nou-dupa-ce-12765.html\" rel=\"nofollow noopener\" target=\"_blank\">Brooke Shields<\/a> a explicat c\u0103 nu a trecut prin interven\u021bii chirurgicale estetice, de\u0219i a luat \u00een calcul aceast\u0103 posibilitate la un moment dat.<\/p>\n<p class=\"svelte-1crgxm8\">\u201eFac sport, \u00eemi fac tratamente faciale, dar nu am trecut pe la cu\u021bit. Pare tentant, dar \u00eemi este team\u0103!\u201d, a spus actri\u021ba.<\/p>\n<p class=\"svelte-1crgxm8\">Ea a subliniat c\u0103 pentru ea, frumuse\u021bea nu \u00eenseamn\u0103 absen\u021ba ridurilor, ci un concept mult mai complex:<br \/>\n\u201e\u00cen\u021beleg c\u0103 frumuse\u021bea este mult mai mult dec\u00e2t s\u0103 nu ai riduri.\u201d<\/p>\n<p>          Cum vede schimb\u0103rile aduse de v\u00e2rst\u0103<\/p>\n<p class=\"svelte-1crgxm8\">Vedeta a recunoscut c\u0103 \u00eenaintarea \u00een v\u00e2rst\u0103 i-a schimbat percep\u021bia asupra propriului corp, mai ales \u00een context profesional.<\/p>\n<p class=\"svelte-1crgxm8\">\u201eCred c\u0103 sunt mai con\u0219tient\u0103 acum dec\u00e2t eram c\u00e2nd eram mai t\u00e2n\u0103r\u0103, pentru c\u0103 anumite lucruri trebuie ridicate\u2026\u201d, a spus Brooke Shields, f\u0103c\u00e2nd referire cu autoironie la modul \u00een care se simte \u00een anumite situa\u021bii.<\/p>\n<p class=\"svelte-1crgxm8\">Aceasta a explicat c\u0103 aceste schimb\u0103ri sunt fire\u0219ti, dar uneori pot influen\u021ba \u00eencrederea \u00een sine, mai ales \u00een fa\u021ba camerelor de filmat.<\/p>\n<p>          \u201eMi-e team\u0103 s\u0103 nu nu mai ar\u0103t ca mine\u201d<\/p>\n<p>        <img decoding=\"async\" src=\"https:\/\/www.europesays.com\/ro\/wp-content\/uploads\/2026\/05\/1779441189_785_index.png\" alt=\"Brooke Shields\" width=\"1400\" height=\"750\" loading=\"lazy\" class=\"svelte-h45upf\"\/><\/p>\n<p>Brooke Shields<\/p>\n<p>            Mai multe pentru tine<\/p>\n<p class=\"svelte-1crgxm8\">Unul dintre cele mai importante motive pentru care Brooke Shields evit\u0103 opera\u021biile estetice este teama de a-\u0219i pierde identitatea vizual\u0103.<\/p>\n<p class=\"svelte-1crgxm8\">\u201eMi-e team\u0103 s\u0103 nu mai ar\u0103t ca mine. Am f\u0103cut Botox de c\u00e2teva ori \u0219i ajungeam s\u0103 am un aspect care nu m\u0103 reprezenta\u201d, a explicat actri\u021ba.<\/p>\n<p class=\"svelte-1crgxm8\">Din acest motiv, ea spune c\u0103 prefer\u0103 tratamentele neinvazive, precum peelingurile faciale sau procedurile moderne de \u00eengrijire a pielii, dar cu modera\u021bie.<\/p>\n<p class=\"svelte-1crgxm8\">Brooke Shields a vorbit \u0219i despre presiunea constant\u0103 din industria divertismentului, unde tinere\u021bea este adesea idealizat\u0103.<\/p>\n<p>          <img decoding=\"async\" src=\"https:\/\/www.europesays.com\/ro\/wp-content\/uploads\/2026\/05\/1779441189_102_index.png\" alt=\"image\" width=\"1400\" height=\"750\" loading=\"lazy\" class=\"svelte-h45upf\"\/><\/p>\n<p class=\"svelte-1crgxm8\">Ea consider\u0103 c\u0103 frumuse\u021bea nu ar trebui redus\u0103 doar la aspectul exterior:<br \/>\n\u201eFrumuse\u021bea este mai mult dec\u00e2t lipsa ridurilor\u201d, a transmis actri\u021ba, subliniind importan\u021ba echilibrului interior \u0219i a \u00eencrederii \u00een sine.<\/p>\n<p class=\"svelte-1crgxm8\">\u00cen declara\u021biile sale, vedeta a mai spus c\u0103 acceptarea v\u00e2rstei poate fi dificil\u0103 \u00eentr-o societate obsedat\u0103 de tinere\u021be, dar necesar\u0103 pentru echilibru personal.<\/p>\n<p class=\"svelte-1crgxm8\">Brooke Shields a subliniat c\u0103 \u00ee\u0219i dore\u0219te ca genera\u021biile tinere s\u0103 nu se team\u0103 de \u00eemb\u0103tr\u00e2nire, ci s\u0103 o priveasc\u0103 natural, ca pe o etap\u0103 fireasc\u0103 a vie\u021bii.<\/p>\n","protected":false},"excerpt":{"rendered":"Actri\u021ba \u0219i modelul american Brooke Shields, \u00een v\u00e2rst\u0103 de 60 de ani, a vorbit recent despre felul \u00een&hellip;\n","protected":false},"author":2,"featured_media":186378,"comment_status":"","ping_status":"","sticky":false,"template":"","format":"standard","meta":{"footnotes":"","_share_on_mastodon":"0"},"categories":[18],"tags":[50693,171,170,2546,41,40,38,39],"class_list":["post-186377","post","type-post","status-publish","format-standard","has-post-thumbnail","category-divertisment","tag-brooke-shields","tag-divertisment","tag-entertainment","tag-foto","tag-ro","tag-romana","tag-romania","tag-romanian"],"share_on_mastodon":{"url":"https:\/\/pubeurope.com\/@ro\/116617465652798312","error":""},"_links":{"self":[{"href":"https:\/\/www.europesays.com\/ro\/wp-json\/wp\/v2\/posts\/186377","targetHints":{"allow":["GET"]}}],"collection":[{"href":"https:\/\/www.europesays.com\/ro\/wp-json\/wp\/v2\/posts"}],"about":[{"href":"https:\/\/www.europesays.com\/ro\/wp-json\/wp\/v2\/types\/post"}],"author":[{"embeddable":true,"href":"https:\/\/www.europesays.com\/ro\/wp-json\/wp\/v2\/users\/2"}],"replies":[{"embeddable":true,"href":"https:\/\/www.europesays.com\/ro\/wp-json\/wp\/v2\/comments?post=186377"}],"version-history":[{"count":0,"href":"https:\/\/www.europesays.com\/ro\/wp-json\/wp\/v2\/posts\/186377\/revisions"}],"wp:featuredmedia":[{"embeddable":true,"href":"https:\/\/www.europesays.com\/ro\/wp-json\/wp\/v2\/media\/186378"}],"wp:attachment":[{"href":"https:\/\/www.europesays.com\/ro\/wp-json\/wp\/v2\/media?parent=186377"}],"wp:term":[{"taxonomy":"category","embeddable":true,"href":"https:\/\/www.europesays.com\/ro\/wp-json\/wp\/v2\/categories?post=186377"},{"taxonomy":"post_tag","embeddable":true,"href":"https:\/\/www.europesays.com\/ro\/wp-json\/wp\/v2\/tags?post=186377"}],"curies":[{"name":"wp","href":"https:\/\/api.w.org\/{rel}","templated":true}]}}