{"id":186728,"date":"2026-05-22T16:54:13","date_gmt":"2026-05-22T16:54:13","guid":{"rendered":"https:\/\/www.europesays.com\/ro\/186728\/"},"modified":"2026-05-22T16:54:13","modified_gmt":"2026-05-22T16:54:13","slug":"jucatorul-craiovei-maxima-a-facut-praf-selectia-lui-hagi-sa-mearga-pe-burta-cu-burca-al-lui","status":"publish","type":"post","link":"https:\/\/www.europesays.com\/ro\/186728\/","title":{"rendered":"Juc\u0103torul Craiovei Maxima a f\u0103cut praf selec\u021bia lui Hagi: \u201eS\u0103 mearg\u0103 pe burt\u0103 cu Burc\u0103 al lui!\u201d"},"content":{"rendered":"<p>\n            Articol de <a rel=\"author nofollow noopener\" href=\"https:\/\/www.gsp.ro\/autor\/tudor-belivaca-3989.html\" target=\"_blank\">Tudor Belivac\u0103<\/a>            &#8211; Publicat vineri, 22 mai 2026,  17:42            \/ Actualizat vineri, 22 mai 2026 18:04                    <\/p>\n<p>Nicolae Negril\u0103 (71 de ani), legend\u0103 \u00een B\u0103nie, a comentat \u00een termeni duri <a target=\"_blank\" class=\"editor-link\" href=\"https:\/\/www.gsp.ro\/fotbal\/nationala\/gheorghe-hagi-a-anuntat-lotul-romaniei-amicale-georgia-tara-galilor-940016.html\" rel=\"nofollow noopener\">selec\u021bia f\u0103cut\u0103 de Gic\u0103 Hagi<\/a> pentru partidele amicale ale Rom\u00e2niei cu Georgia \u0219i \u021aara Galilor.<\/p>\n<ul>\n<li>\n<p>Georgia &#8211; Rom\u00e2nia se joac\u0103 la Tbilisi, pe 2 iunie, de la ora 20:00. Meciul va fi transmis la TV pe Antena 1;<\/p>\n<\/li>\n<li>\n<p>Rom\u00e2nia &#8211; \u021aara Galilor se joac\u0103 pe 6 iunie, de la ora 20:45, la Bucure\u0219ti, pe stadionul Steaua. Jocul va fi transmis pe Prima TV.<\/p>\n<\/li>\n<\/ul>\n<p class=\"do-not-hide\">Fostul funda\u0219 al oltenilor este nemul\u021bumit de faptul c\u0103 nu au fost convoca\u021bi Adrian Rus, stoperul celor de la Universitatea Craiova, \u0219i Lauren\u021biu Popescu, portarul forma\u021biei din B\u0103nie. <\/p>\n<p>Universitatea Craiova are 6 juc\u0103tori convoca\u021bi la echipa na\u021bional\u0103: \u0218tefan Baiaram, Vladimir Screciu, David Matei, Tudor B\u0103lu\u021b\u0103, Nicu\u0219or Bancu \u0219i Alexandru Cic\u00e2ld\u0103u. <\/p>\n<p>Lista lui Hagi are 31 de nume: 12 din Superliga (jum\u0103tate de la Universitatea Craiova) \u0219i 19 din str\u0103in\u0103tate.<\/p>\n<p>Nicolae Negril\u0103, acid dup\u0103 selec\u021bia lui Gic\u0103 Hagi: \u201eA rupt prea mult gura t\u00e2rgului in ultimele meciuri Dr\u0103gu\u0219in? Hai s\u0103 fim serio\u0219i!\u201d<br \/>\n<img decoding=\"async\" src=\"https:\/\/www.europesays.com\/ro\/wp-content\/uploads\/2026\/05\/292d2158-ca19-4156-aeed-475973cd60ed.jpeg\" loading=\"lazy\" title=\"Nicolae Negril\u0103\" alt=\"Juc\u0103torul Craiovei Maxima a f\u0103cut praf selec\u021bia lui Hagi: \u201eS\u0103 mearg\u0103 pe burt\u0103 cu Burc\u0103 al lui!\u201d\" width=\"738\" height=\"502\"\/><\/p>\n<p>Nicolae Negril\u0103<\/p>\n<p>\u201e\u00cei \u00een\u021beleg selec\u021bia lui Hagi p\u00e2n\u0103 la un punct. \u00cens\u0103, \u00eemi pare foarte r\u0103u c\u0103 nu i-a convocat pe Popescu \u0219i pe Rus. Cum s\u0103 iei \u00een fa\u021ba lui Popescu ca portar pe Aioani?<\/p>\n<p>Unul a c\u00e2\u0219tigat cupa \u0219i campionatul \u00een sezonul \u0103sta, iar Aioani ce a f\u0103cut la Rapid? C\u00e2te goluri a luat \u0219i pe ce loc e Rapid? Nu m\u0103 a\u0219teptam ca Gic\u0103 s\u0103 nu-l ia pe Popescu.<\/p>\n<p>Iar absen\u021ba lui Rus m\u0103 surprinde total. Dac\u0103 nici un funda\u0219 central ca Rus nu prinde lotul, dup\u0103 ce a fost o st\u00e2nc\u0103 \u00een ap\u0103rarea Craiovei, atunci Gic\u0103 Hagi s\u0103 mearg\u0103 pe burt\u0103 cu Burc\u0103 al lui. El o s\u0103 r\u0103spund\u0103 de rezultate, nu eu. Dar nu ai cum s\u0103 \u00eei iei \u00een fa\u021ba lui Rus pe cel pu\u021bin trei dintre funda\u0219ii centrali pe care Hagi i-a convocat acum. \u0218i chiar Dr\u0103gu\u0219in \u0103sta&#8230;<\/p>\n<p>A rupt prea mult gura t\u00e2rgului in ultimele meciuri Dr\u0103gu\u0219in? Hai s\u0103 fim serio\u0219i! Dintre to\u021bi \u0103\u0219tia lua\u021bi \u00een ap\u0103rare niciunul nu e mai \u00een form\u0103 ca Rus. E p\u0103rerea mea \u0219i nu m\u0103 intereseaz\u0103 c\u0103 se sup\u0103r\u0103 unul sau altul. Dar v\u0103 repet, e doar r\u0103spunderea lui Hagi.<\/p>\n<p>Pe Gane l-am v\u0103zut prezent pe le meciurile noastre \u0219i m\u0103 a\u0219teptam s\u0103-i explice mai bine lui Gic\u0103 unele lucruri, dar nu mai zic nimic de Ionel. A fost chiar \u0219i Gic\u0103 Hagi la unele meciuri ale nostre, dar e p\u0103cat c\u0103 Popescu \u0219i Rus au fost l\u0103sa\u021bi acas\u0103\u201d, a spus Nicolae Negril\u0103, conform <a target=\"_self\" class=\"editor-link\" href=\"https:\/\/www.prosport.ro\/fotbal-intern\/nationala\/selectia-lui-gica-hagi-facuta-praf-de-jucatorul-craiovei-maxima-sa-mearga-pe-burta-cu-burca-al-lui-20445542\" rel=\"nofollow noopener\">prosport.ro.<\/a><\/p>\n<p><img decoding=\"async\" src=\"https:\/\/www.europesays.com\/ro\/wp-content\/uploads\/2026\/05\/1bde1ab3-b850-416f-80a0-a12026a71b24.jpg\" loading=\"lazy\" title=\"Nicolae Negril\u0103 \u00eentr-o imagine din 1983, de la meciul U Craiova - Poli Timi\u0219oara (foto: arhiva GSP)\" alt=\"Juc\u0103torul Craiovei Maxima a f\u0103cut praf selec\u021bia lui Hagi: \u201eS\u0103 mearg\u0103 pe burt\u0103 cu Burc\u0103 al lui!\u201d\" width=\"738\" height=\"502\"\/><\/p>\n<p>Nicolae Negril\u0103 \u00eentr-o imagine din 1983, de la meciul U Craiova &#8211; Poli Timi\u0219oara (foto: arhiva GSP)<\/p>\n<p>Lotul convocat de Gic\u0103 Hagi pentru meciurile amicale cu Georgia \u0219i \u021aara Galilor<\/p>\n<p>PORTARI:<\/p>\n<ul>\n<li>\n<p>Ionu\u021b RADU (Celta Vigo | Spania, 9\/0)<\/p>\n<\/li>\n<li>\n<p>Marian AIOANI (FC Rapid 1923, 1\/0)<\/p>\n<\/li>\n<li>\n<p>Otto HINDRICH (Legia Var\u0219ovia | Polonia, 0\/0);<\/p>\n<\/li>\n<\/ul>\n<p>FUNDA\u0218I:<\/p>\n<ul>\n<li>\n<p>Andrei RA\u021aIU (Rayo Vallecano | Spania, 38\/2)<\/p>\n<\/li>\n<li>\n<p>Deian SORESCU (Gaziantep FK | Turcia, 23\/0)<\/p>\n<\/li>\n<li>\n<p>Tony STRATA (Vit\u00f3ria Guimar\u00e3es | Portugalia, 0\/0)<\/p>\n<\/li>\n<li>\n<p>Radu DR\u0102GU\u0218IN (Tottenham | Anglia, 29\/1)<\/p>\n<\/li>\n<li>\n<p>Virgil GHI\u021a\u0102 (Hannover 96 | Germania, 9\/1)<\/p>\n<\/li>\n<li>\n<p>Bogdan RACOVI\u021aAN (Rak\u00f3w | Polonia, 5\/0)<\/p>\n<\/li>\n<li>\n<p>Andrei COUBI\u0218 (U Cluj, 1\/0)<\/p>\n<\/li>\n<li>\n<p>Andrei BURC\u0102 (Yunnan Yukun | China, 45\/1)<\/p>\n<\/li>\n<li>\n<p>Matei ILIE (CFR Cluj, 0\/0)<\/p>\n<\/li>\n<li>\n<p>Lisav EISSAT (Maccabi Haifa | Israel, 2\/0)<\/p>\n<\/li>\n<li>\n<p>Nicu\u0219or BANCU (Universitatea Craiova, 52\/2)<\/p>\n<\/li>\n<li>\n<p>Andrei BORZA (FC Rapid 1923, 0\/0);<\/p>\n<\/li>\n<\/ul>\n<p>MIJLOCA\u0218I:<\/p>\n<ul>\n<li>\n<p>R\u0103zvan MARIN (AEK Atena | Grecia, 74\/12)<\/p>\n<\/li>\n<li>\n<p>Alexandru CIC\u00c2LD\u0102U (Universitatea Craiova, 38\/4)<\/p>\n<\/li>\n<li>\n<p>Vladimir SCRECIU (Universitatea Craiova, 7\/0)<\/p>\n<\/li>\n<li>\n<p>Tudor B\u0102LU\u021a\u0102 (Universitatea Craiova, 12\/0)<\/p>\n<\/li>\n<li>\n<p>Nicolae STANCIU (Dalian | China, 86\/15)<\/p>\n<\/li>\n<li>\n<p>Vlad DRAGOMIR (Pafos | Cipru, 7\/0)<\/p>\n<\/li>\n<li>\n<p>Ianis HAGI (Alanyaspor | Turcia, 53\/8)<\/p>\n<\/li>\n<li>\n<p>David MATEI (Universitatea Craiova, 0\/0)<\/p>\n<\/li>\n<\/ul>\n<p>ATACAN\u021aI:<\/p>\n<ul>\n<li>\n<p>Dennis MAN (PSV | \u021a\u0103rile de Jos, 45\/11)<\/p>\n<\/li>\n<li>\n<p>Olimpiu MORU\u021aAN (FC Rapid 1923, 17\/1)<\/p>\n<\/li>\n<li>\n<p>Valentin MIH\u0102IL\u0102 (Caykur Rizespor | Turcia, 35\/5)<\/p>\n<\/li>\n<li>\n<p>\u0218tefan BAIARAM (Universitatea Craiova, 4\/1)<\/p>\n<\/li>\n<li>\n<p>Alexandru DOBRE (FC Rapid 1923, 6\/0)<\/p>\n<\/li>\n<li>\n<p>Louis MUNTEANU (DC United | SUA, 4\/2)<\/p>\n<\/li>\n<li>\n<p>Florinel COMAN (Al-Gharafa | Qatar, 20\/2)<\/p>\n<\/li>\n<li>\n<p>Denis DR\u0102GU\u0218 (Gaziantep FK | Turcia, 27\/7)<\/p>\n<\/li>\n<\/ul>\n","protected":false},"excerpt":{"rendered":"Articol de Tudor Belivac\u0103 &#8211; Publicat vineri, 22 mai 2026, 17:42 \/ Actualizat vineri, 22 mai 2026 18:04&hellip;\n","protected":false},"author":2,"featured_media":186729,"comment_status":"","ping_status":"","sticky":false,"template":"","format":"standard","meta":{"footnotes":"","_share_on_mastodon":"0"},"categories":[20],"tags":[878,1033,18047,41,40,38,39,51634,185,184],"class_list":["post-186728","post","type-post","status-publish","format-standard","has-post-thumbnail","category-sport","tag-gica-hagi","tag-nationala","tag-nicolae-negrila","tag-ro","tag-romana","tag-romania","tag-romanian","tag-selectie","tag-sport","tag-sports"],"share_on_mastodon":{"url":"https:\/\/pubeurope.com\/@ro\/116619278152586526","error":""},"_links":{"self":[{"href":"https:\/\/www.europesays.com\/ro\/wp-json\/wp\/v2\/posts\/186728","targetHints":{"allow":["GET"]}}],"collection":[{"href":"https:\/\/www.europesays.com\/ro\/wp-json\/wp\/v2\/posts"}],"about":[{"href":"https:\/\/www.europesays.com\/ro\/wp-json\/wp\/v2\/types\/post"}],"author":[{"embeddable":true,"href":"https:\/\/www.europesays.com\/ro\/wp-json\/wp\/v2\/users\/2"}],"replies":[{"embeddable":true,"href":"https:\/\/www.europesays.com\/ro\/wp-json\/wp\/v2\/comments?post=186728"}],"version-history":[{"count":0,"href":"https:\/\/www.europesays.com\/ro\/wp-json\/wp\/v2\/posts\/186728\/revisions"}],"wp:featuredmedia":[{"embeddable":true,"href":"https:\/\/www.europesays.com\/ro\/wp-json\/wp\/v2\/media\/186729"}],"wp:attachment":[{"href":"https:\/\/www.europesays.com\/ro\/wp-json\/wp\/v2\/media?parent=186728"}],"wp:term":[{"taxonomy":"category","embeddable":true,"href":"https:\/\/www.europesays.com\/ro\/wp-json\/wp\/v2\/categories?post=186728"},{"taxonomy":"post_tag","embeddable":true,"href":"https:\/\/www.europesays.com\/ro\/wp-json\/wp\/v2\/tags?post=186728"}],"curies":[{"name":"wp","href":"https:\/\/api.w.org\/{rel}","templated":true}]}}