{"id":187235,"date":"2026-05-23T09:48:14","date_gmt":"2026-05-23T09:48:14","guid":{"rendered":"https:\/\/www.europesays.com\/ro\/187235\/"},"modified":"2026-05-23T09:48:14","modified_gmt":"2026-05-23T09:48:14","slug":"florentino-perez-are-limuzina-cu-birou-mobil-foto-presedintele-lui-real-madrid-conduce-un-bolid-electric-de-dimensiuni-impresionante","status":"publish","type":"post","link":"https:\/\/www.europesays.com\/ro\/187235\/","title":{"rendered":"Florentino Perez are limuzin\u0103 cu birou mobil. FOTO: Pre\u0219edintele lui Real Madrid conduce un bolid electric de dimensiuni impresionante"},"content":{"rendered":"<ul class=\"bullets\">&#13;<\/p>\n<li>Florentino Perez, pre\u0219edintele lui Real Madrid, a renun\u021bat la tradi\u021bionalele limuzine \u00een favoarea unui bolid electric de ultim\u0103 genera\u021bie.<\/li>\n<p>&#13;<br \/>\n&#13;<\/p>\n<li>Toate detaliile despre alegerea luxoas\u0103 pe care a f\u0103cut-o, \u00een r\u00e2ndurile de mai jos.<\/li>\n<p>&#13;\n<\/ul>\n<p class=\"\">Real Madrid \u0219i BMW au semnat un parteneriat \u00eenc\u0103 din 2022, c\u00e2nd clubul din capitala Spaniei a pus cap\u0103t unei colabor\u0103ri de 18 ani cu Audi.<\/p>\n<p>Florentino Perez are limuzin\u0103 cu birou mobil<\/p>\n<p class=\"\">Astfel, Florentino Perez conduce acum un model electric: BMW i7 xDrive60, care reprezint\u0103 v\u00e2rful tehologiei electrice dezvoltate de compania german\u0103.<\/p>\n<p class=\"\">Ce are special? Dimensiuni impresionante (lungime de peste 5 metri), dou\u0103 motoare electrice, 544 de cai putere \u0219i o accelera\u021bie de la 0 la 100 km\/h \u00een doar 4,7 secunde.<\/p>\n<p class=\"\">Bolidul ofer\u0103 performan\u021be comparabile cu cele ale unor modele sportive.<\/p>\n<p>    <img decoding=\"async\" src=\"https:\/\/www.europesays.com\/ro\/wp-content\/uploads\/2026\/05\/bmw-i7-xdrive60-9.jpg\" alt=\"BMW i7 xDrive60, limuzina electric\u0103 de lux pe care o conduce Florentino Perez (foto: bmw.ro)\" data-blur=\"https:\/\/www.europesays.com\/ro\/wp-content\/uploads\/2026\/05\/bmw-i7-xdrive60-9.jpg\" width=\"684\" height=\"879\" class=\"blur\" loading=\"lazy\"\/><\/p>\n<p>            <img decoding=\"async\" src=\"https:\/\/www.europesays.com\/ro\/wp-content\/uploads\/2026\/05\/1779529694_99_bmw-i7-xdrive60-9.jpg\" loading=\"lazy\" alt=\"BMW i7 xDrive60, limuzina electric\u0103 de lux pe care o conduce Florentino Perez (foto: bmw.ro)\" width=\"684\" height=\"879\"\/><\/p>\n<p>        Galerie foto (19 imagini)<\/p>\n<p>                    <a href=\"https:\/\/golazo.ro\/bmw-i7-xdrive60-limuzina-electrica-de-lux-pe-care-o-conduce-florentino-perez-foto-bmwro-174974-g1?articleSource=174968\" class=\"gallery-link\" aria-label=\"Show gallery\" rel=\"nofollow noopener\" target=\"_blank\"><\/p>\n<p>                +19 Foto<br \/>\n            <\/a><\/p>\n<p>    <a href=\"https:\/\/golazo.ro\/bmw-i7-xdrive60-limuzina-electrica-de-lux-pe-care-o-conduce-florentino-perez-foto-bmwro-174974-g1\/bmw-i7-xdrive60-limuzina-electrica-de-lux-pe-care-o-conduce-florentino-perez-foto-bmwro-437900?articleSource=174968\" class=\"link\" rel=\"nofollow noopener\" target=\"_blank\">labels.photo-gallery<\/a><\/p>\n<p class=\"\">Interiorul e un adev\u0103rat spa\u021biu de lucru mobil. Ecranul panoramic BMW Theatre Screen de 31 de inchi, sistemul audio premium \u0219i confortul oferit pasagerilor din spate sunt g\u00e2ndite pentru oamenii de afaceri care \u00ee\u0219i petrec mare parte din timp \u00een ma\u0219in\u0103.<\/p>\n<p class=\"\">Scaunele spate rabatabile, izolarea fonic\u0103 avansat\u0103 \u0219i materialele premium ridic\u0103 experien\u021ba la un nivel comparabil cu modelele oferite de Mercedes-Benz sau Rolls-Royce, scrie <a target=\"_blank\" href=\"https:\/\/motor.elpais.com\/\" rel=\"nofollow noopener\">motor.elpais.com<\/a>.<\/p>\n<p>200.000 de euro<\/p>\n<p>e pre\u021bul modelului pe care-l conduce Florentino Perez<\/p>\n<p class=\"\">Modelul e \u0219i unul sustenabil. BMW a pus accent pe reducerea emisiilor \u00een procesul de produc\u021bie \u0219i pe utilizarea materialelor reciclate, \u00een timp ce sistemul de \u00eenc\u0103rcare rapid\u0103 permite recuperarea unei autonomii de p\u00e2n\u0103 la 170 de kilometri \u00een doar 10 minute.<\/p>\n<p>Cite\u0219te \u0219i<\/p>\n<p>VIDEO: cele mai noi imagini din sport<\/p>\n","protected":false},"excerpt":{"rendered":"&#13; Florentino Perez, pre\u0219edintele lui Real Madrid, a renun\u021bat la tradi\u021bionalele limuzine \u00een favoarea unui bolid electric de&hellip;\n","protected":false},"author":2,"featured_media":187236,"comment_status":"","ping_status":"","sticky":false,"template":"","format":"standard","meta":{"footnotes":"","_share_on_mastodon":"0"},"categories":[5],"tags":[10498,32,33,31,36,37,4960,27,34,35,41509,25,1083,41,40,38,39,26,28,29,30],"class_list":["post-187235","post","type-post","status-publish","format-standard","has-post-thumbnail","category-titluri","tag-bmw-i7-xdrive60","tag-breaking-news","tag-breakingnews","tag-cele-mai-populare-subiecte","tag-featured-news","tag-featurednews","tag-florentino-perez","tag-headlines","tag-latest-news","tag-latestnews","tag-limuzina","tag-news","tag-real-madrid","tag-ro","tag-romana","tag-romania","tag-romanian","tag-stiri","tag-titluri","tag-top-stories","tag-topstories"],"share_on_mastodon":{"url":"https:\/\/pubeurope.com\/@ro\/116623265534033314","error":""},"_links":{"self":[{"href":"https:\/\/www.europesays.com\/ro\/wp-json\/wp\/v2\/posts\/187235","targetHints":{"allow":["GET"]}}],"collection":[{"href":"https:\/\/www.europesays.com\/ro\/wp-json\/wp\/v2\/posts"}],"about":[{"href":"https:\/\/www.europesays.com\/ro\/wp-json\/wp\/v2\/types\/post"}],"author":[{"embeddable":true,"href":"https:\/\/www.europesays.com\/ro\/wp-json\/wp\/v2\/users\/2"}],"replies":[{"embeddable":true,"href":"https:\/\/www.europesays.com\/ro\/wp-json\/wp\/v2\/comments?post=187235"}],"version-history":[{"count":0,"href":"https:\/\/www.europesays.com\/ro\/wp-json\/wp\/v2\/posts\/187235\/revisions"}],"wp:featuredmedia":[{"embeddable":true,"href":"https:\/\/www.europesays.com\/ro\/wp-json\/wp\/v2\/media\/187236"}],"wp:attachment":[{"href":"https:\/\/www.europesays.com\/ro\/wp-json\/wp\/v2\/media?parent=187235"}],"wp:term":[{"taxonomy":"category","embeddable":true,"href":"https:\/\/www.europesays.com\/ro\/wp-json\/wp\/v2\/categories?post=187235"},{"taxonomy":"post_tag","embeddable":true,"href":"https:\/\/www.europesays.com\/ro\/wp-json\/wp\/v2\/tags?post=187235"}],"curies":[{"name":"wp","href":"https:\/\/api.w.org\/{rel}","templated":true}]}}