{"id":187398,"date":"2026-05-23T13:17:14","date_gmt":"2026-05-23T13:17:14","guid":{"rendered":"https:\/\/www.europesays.com\/ro\/187398\/"},"modified":"2026-05-23T13:17:14","modified_gmt":"2026-05-23T13:17:14","slug":"decizie-definitiva-a-instantei-in-cazul-lui-mario-iorgulescu-melek-vaduva-victimei-fiului-presedintelui-lpf-a-reactionat","status":"publish","type":"post","link":"https:\/\/www.europesays.com\/ro\/187398\/","title":{"rendered":"Decizie definitiv\u0103 a instan\u021bei \u00een cazul lui Mario Iorgulescu! Melek, v\u0103duva victimei fiului pre\u0219edintelui LPF, a reac\u021bionat"},"content":{"rendered":"\n<ul class=\"bullets\">\n<li>\n<p>Baraj SuperLiga: Chindia &#8211; Farul, s\u00e2mb\u0103t\u0103, 17:30, DGS 1<\/p>\n<\/li>\n<li>\n<p>SuperLiga: U Cluj &#8211; Dinamo, s\u00e2mb\u0103t\u0103, 20:30, DGS 1<\/p>\n<\/li>\n<\/ul>\n<p>Accidentul s-a petrecut pe 8 septembrie 2019, c\u00e2nd Mario Iorgulescu, aflat sub influen\u021ba alcoolului \u0219i a drogurilor, circula pe \u0218oseaua Chitila cu o vitez\u0103 cuprins\u0103 \u00eentre 140 \u0219i 160 km\/h \u0219i l-a omor\u00e2t pe Dani Vicol, \u00een v\u00e2rst\u0103 de 24 de ani.<\/p>\n<p>V\u0103duva lui Dani Vicol a reac\u021bionat dup\u0103 condamnarea lui Mario Iorgulescu<\/p>\n<p>Patricia Esmeralda, v\u0103duva victimei lui Mario Iogulescu, cea cunoscut\u0103 \u00een mediul online drept \u201dMelek\u201d, a reac\u021bionat dup\u0103 condamnarea definitiv\u0103.<\/p>\n<p>  Galerie Foto<\/p>\n<p>\u201dVorbeam cu socrul meu acum despre asta. Dumnezeu este sus \u0219i le vede pe toate. Mai devreme sau mai t\u00e2rziu fiecare prime\u0219te ce merit\u0103. M\u0103 afecteaz\u0103 negativ s\u0103 vorbesc despre asta, trebuie s\u0103 m\u0103 concentrez pe munca mea\u201d, a spus Melek, potrivit <a href=\"https:\/\/www.cancan.ro\/\" target=\"_blank\" rel=\"noopener nofollow\" data-skip-linkfix=\"1\">Cancan<\/a>.<\/p>\n<p>Curtea de Apel Bucure\u0219ti a dat condamnarea definitiv\u0103 \u00een cazul lui Mario Iorgulescu, dup\u0103 ce a respins ca nefondat\u0103 decizia luat\u0103 de \u00cenalta Curte de Casa\u021bie \u0219i Justi\u021bie la \u00eenceputul lunii martie, c\u00e2nd <a href=\"https:\/\/www.digisport.ro\/special\/rasturnare-de-situatie-in-cazul-lui-mario-iorgulescu-decizia-iccj-4121257\" target=\"_blank\" rel=\"noopener nofollow\" data-skip-linkfix=\"1\">\u00ceCCJ dispunea rejudecarea dosarului<\/a>.<\/p>\n<p>Decizia Cur\u021bii de Apel Bucure\u0219ti \u00een cazul lui Mario Iorgulescu<\/p>\n<p>&#8222;\u00cen baza art. 421 pct. 1 lit. b C.proc.pen., respinge ca nefondate apelurile declarate de Parchetul de pe l\u00e2ng\u0103 Tribunalul Bucure\u0219ti \u0219i inculpatul Iorgulescu Gino Mario \u00eempotriva sentin\u0163ei penale nr. 132\/10.02.2023 pronun\u0163ate de Tribunalul Bucure\u015fti &#8211; Sec\u0163ia I Penal\u0103, sub aspectul s\u0103v\u00e2r\u0219irii infrac\u021biunii de conducere a unui vehicul sub influen\u021ba alcoolului sau a altor substan\u021be, prev\u0103zut\u0103 de art. 336 alin. (1) \u015fi (2) C.pen&#8221;.<\/p>\n<p>\u00cen urma acestei decizii, se &#8222;men\u021bin toate dispozi\u021biile deciziei penale 1665\/A din data de 18.12.2024, Curtea de Apel Bucure\u0219ti \u2013 Sec\u021bia a II-a Penal\u0103, \u00een dosarul nr. 20691\/3\/2020 \u0219i pe cale de consecin\u021b\u0103 \u0219i pedeapsa stabilit\u0103 \u00een sarcina inculpatului \u0219i anume 7 ani \u00eenchisoare pentru s\u0103v\u00e2r\u015firea infrac\u0163iunii de ucidere din culp\u0103 \u0219i pedeapsa complementar\u0103 aplicat\u0103 de prima instan\u021b\u0103 de interzicere a drepturilor de a fi ales \u00een autorit\u0103\u0163ile publice sau \u00een orice alte func\u0163ii publice, de a ocupa o func\u0163ie care implic\u0103 exerci\u0163iul autorit\u0103\u0163ii de stat \u0219i dreptul de a conduce vehicule pe drumurile publice, pe o perioada de 5 (cinci) ani, precum \u0219i pedeapsa accesorie a interzicerii drepturilor de a fi ales \u00een autorit\u0103\u0163ile publice sau \u00een orice alte func\u0163ii publice, de a ocupa o func\u0163ie care implic\u0103 exerci\u0163iul autorit\u0103\u0163ii de stat \u0219i dreptul de a conduce vehicule pe drumurile publice&#8221;.<\/p>\n<p>  Etichete:  <a href=\"https:\/\/www.digisport.ro\/eticheta\/mario-iorgulescu\" rel=\"nofollow noopener\" target=\"_blank\">mario iorgulescu<\/a> , <a href=\"https:\/\/www.digisport.ro\/eticheta\/dani-vicol\" rel=\"nofollow noopener\" target=\"_blank\">dani vicol<\/a> , <a href=\"https:\/\/www.digisport.ro\/eticheta\/melek\" rel=\"nofollow noopener\" target=\"_blank\">melek<\/a>   <\/p>\n<p>Urm\u0103re\u0219te \u0219tirile digisport.ro \u0219i pe <a href=\"https:\/\/news.google.com\/publications\/CAAiENr1L9HFNMG5hpp5zTfVtpsqFAgKIhDa9S_RxTTBuYaaec031bab?ceid=RO:ro&amp;oc=3\" target=\"_blank\" rel=\"external nofollow noopener\">Google News<\/a><\/p>\n<p>   Noua Aplica\u0163ie Digi Sport poate fi desc\u0103rcat\u0103 din   <\/p>\n","protected":false},"excerpt":{"rendered":"Baraj SuperLiga: Chindia &#8211; Farul, s\u00e2mb\u0103t\u0103, 17:30, DGS 1 SuperLiga: U Cluj &#8211; Dinamo, s\u00e2mb\u0103t\u0103, 20:30, DGS 1&hellip;\n","protected":false},"author":2,"featured_media":187399,"comment_status":"","ping_status":"","sticky":false,"template":"","format":"standard","meta":{"footnotes":"","_share_on_mastodon":"0"},"categories":[10],"tags":[32,33,31,25030,36,37,27,34,35,980,49253,25,41,40,38,39,26,28,29,30],"class_list":["post-187398","post","type-post","status-publish","format-standard","has-post-thumbnail","category-romania","tag-breaking-news","tag-breakingnews","tag-cele-mai-populare-subiecte","tag-dani-vicol","tag-featured-news","tag-featurednews","tag-headlines","tag-latest-news","tag-latestnews","tag-mario-iorgulescu","tag-melek","tag-news","tag-ro","tag-romana","tag-romania","tag-romanian","tag-stiri","tag-titluri","tag-top-stories","tag-topstories"],"share_on_mastodon":{"url":"https:\/\/pubeurope.com\/@ro\/116624087076720641","error":""},"_links":{"self":[{"href":"https:\/\/www.europesays.com\/ro\/wp-json\/wp\/v2\/posts\/187398","targetHints":{"allow":["GET"]}}],"collection":[{"href":"https:\/\/www.europesays.com\/ro\/wp-json\/wp\/v2\/posts"}],"about":[{"href":"https:\/\/www.europesays.com\/ro\/wp-json\/wp\/v2\/types\/post"}],"author":[{"embeddable":true,"href":"https:\/\/www.europesays.com\/ro\/wp-json\/wp\/v2\/users\/2"}],"replies":[{"embeddable":true,"href":"https:\/\/www.europesays.com\/ro\/wp-json\/wp\/v2\/comments?post=187398"}],"version-history":[{"count":0,"href":"https:\/\/www.europesays.com\/ro\/wp-json\/wp\/v2\/posts\/187398\/revisions"}],"wp:featuredmedia":[{"embeddable":true,"href":"https:\/\/www.europesays.com\/ro\/wp-json\/wp\/v2\/media\/187399"}],"wp:attachment":[{"href":"https:\/\/www.europesays.com\/ro\/wp-json\/wp\/v2\/media?parent=187398"}],"wp:term":[{"taxonomy":"category","embeddable":true,"href":"https:\/\/www.europesays.com\/ro\/wp-json\/wp\/v2\/categories?post=187398"},{"taxonomy":"post_tag","embeddable":true,"href":"https:\/\/www.europesays.com\/ro\/wp-json\/wp\/v2\/tags?post=187398"}],"curies":[{"name":"wp","href":"https:\/\/api.w.org\/{rel}","templated":true}]}}