{"id":187555,"date":"2026-05-23T16:55:12","date_gmt":"2026-05-23T16:55:12","guid":{"rendered":"https:\/\/www.europesays.com\/ro\/187555\/"},"modified":"2026-05-23T16:55:12","modified_gmt":"2026-05-23T16:55:12","slug":"hagi-schimba-defensiva-echipei-nationale-cine-e-urmasul-lui-burca-in-viziunea-regelui","status":"publish","type":"post","link":"https:\/\/www.europesays.com\/ro\/187555\/","title":{"rendered":"Hagi schimb\u0103 defensiva echipei na\u021bionale \u00bb Cine e urma\u0219ul lui Burc\u0103 \u00een viziunea \u201eRegelui\u201d"},"content":{"rendered":"<p>\n            Articol de <a rel=\"author nofollow noopener\" href=\"https:\/\/www.gsp.ro\/autor\/george-nistor-3983.html\" target=\"_blank\">George Nistor<\/a>            &#8211; Publicat sambata, 23 mai 2026,  15:06            \/ Actualizat sambata, 23 mai 2026 15:06                    <\/p>\n<p>Gheorghe Hagi a \u00eenceput mandatul la echipa na\u021bional\u0103 cu inten\u021bia clar\u0103 de a re\u00eemprosp\u0103ta compartimentele unde <a class=\"autolink-enabled\" data-resource-id=\"1667\" data-resource-type=\"team\" data-sport=\"football\" href=\"https:\/\/www.gsp.ro\/rezultate-live\/echipa-teamname-1667\" rel=\"nofollow noopener\" target=\"_blank\">Rom\u00e2nia<\/a> depinde \u00eenc\u0103 de juc\u0103tori care se \u00eendreapt\u0103 spre finalul carierei. Una dintre pozi\u021biile pe care selec\u021bionerul le vizeaz\u0103 \u00een mod prioritar este centrul defensivei.<\/p>\n<p class=\"do-not-hide\">\u00cen aceast\u0103 zon\u0103, Hagi \u00eel vede drept solu\u021bie principal\u0103, pentru urm\u0103torii ani, pe <a target=\"_blank\" class=\"editor-link\" href=\"https:\/\/www.gsp.ro\/rezultate-live\/jucatorul-matei-cristian-ilie-229063\" rel=\"nofollow noopener\">Matei Ilie<\/a>, stoperul de 23 de ani de la <a target=\"_blank\" class=\"editor-link autolink-enabled\" href=\"https:\/\/www.gsp.ro\/rezultate-live\/echipa-teamname-591\" data-resource-id=\"591\" data-resource-type=\"team\" data-sport=\"football\" rel=\"nofollow noopener\">CFR Cluj<\/a>. Chiar dac\u0103 Andrei Burc\u0103, ajuns la 33 de ani, continu\u0103 s\u0103 fac\u0103 parte din lotul convocat pentru urm\u0103toarea ac\u021biune a na\u021bionalei, selec\u021bionerul caut\u0103 deja profilul care s\u0103-i preia treptat rolul \u00een ap\u0103rare.<\/p>\n<ul>\n<li>\n<p><a class=\"autolink-enabled\" data-resource-id=\"1266\" data-resource-type=\"team\" data-sport=\"football\" href=\"https:\/\/www.gsp.ro\/rezultate-live\/echipa-teamname-1266\" rel=\"nofollow noopener\" target=\"_blank\">Georgia<\/a> &#8211; <a class=\"autolink-enabled\" data-resource-id=\"1667\" data-resource-type=\"team\" data-sport=\"football\" href=\"https:\/\/www.gsp.ro\/rezultate-live\/echipa-teamname-1667\" rel=\"nofollow noopener\" target=\"_blank\">Rom\u00e2nia<\/a> se joac\u0103 la Tbilisi, pe 2 iunie, de la ora 20:00. Meciul va fi transmis la TV pe Antena 1;<\/p>\n<\/li>\n<li>\n<p><a class=\"autolink-enabled\" data-resource-id=\"1667\" data-resource-type=\"team\" data-sport=\"football\" href=\"https:\/\/www.gsp.ro\/rezultate-live\/echipa-teamname-1667\" rel=\"nofollow noopener\" target=\"_blank\">Rom\u00e2nia<\/a> &#8211; <a class=\"autolink-enabled\" data-resource-id=\"1939\" data-resource-type=\"team\" data-sport=\"football\" href=\"https:\/\/www.gsp.ro\/rezultate-live\/echipa-teamname-1939\" rel=\"nofollow noopener\" target=\"_blank\">\u021aara Galilor<\/a> se joac\u0103 pe 6 iunie, de la ora 20:45, la Bucure\u0219ti, pe stadionul Steaua. Jocul va fi transmis pe Prima TV;<\/p>\n<\/li>\n<li>\n<p>Ambele partide ale na\u021bionalei Rom\u00e2niei din luna iunie vor putea fi urm\u0103rite \u00een format liveTEXT pe GSP.ro.<\/p>\n<\/li>\n<\/ul>\n<p>Matei Ilie, urma\u0219ul lui Andrei Burc\u0103 la echipa na\u021bional\u0103<\/p>\n<p>Interesul lui <a target=\"_self\" class=\"editor-link\" href=\"https:\/\/www.gsp.ro\/stiri-tag\/gica-hagi-18751.html\" rel=\"nofollow noopener\">Hagi<\/a> pentru funda\u0219ul feroviarilor, cu o \u00een\u0103l\u021bime de 1,90 metri, nu este unul recent. Selec\u021bionerul l-a urm\u0103rit atent, inclusiv la unele antrenamente, unde a vrut s\u0103 observe nu doar cum se desf\u0103\u0219oar\u0103, ci \u0219i reac\u021biile \u00een exerci\u021biile tactice, comunicarea cu ceilal\u021bi funda\u0219i \u0219i felul \u00een care gestioneaz\u0103 faza de construc\u021bie sub presiune.<\/p>\n<p>Selec\u021bionerul a fost impresionat de concentrarea pe care <a target=\"_self\" class=\"editor-link\" href=\"https:\/\/www.gsp.ro\/stiri-tag\/matei-ilie-154890.html\" rel=\"nofollow noopener\">Matei Ilie<\/a> o p\u0103streaz\u0103 \u00een joc \u0219i de rela\u021bia foarte bun\u0103 pe care o dezvolt\u0103 cu funda\u0219ul lateral st\u00e2nga. \u00cen plus, faptul c\u0103 este st\u00e2ngaci natural reprezint\u0103 o calitate esen\u021bial\u0103 pentru pozi\u021bia sa.<\/p>\n<p>\u201eRegele\u201d consider\u0103 c\u0103 stoperul are personalitatea necesar\u0103 pentru a deveni lider defensiv \u00een urm\u0103torii ani. La CFR Cluj, funda\u0219ul a crescut constant \u0219i a \u00eenceput s\u0103 transmit\u0103 tot mai mult\u0103 siguran\u021b\u0103 \u00een joc.<\/p>\n<p><img decoding=\"async\" src=\"https:\/\/www.europesays.com\/ro\/wp-content\/uploads\/2026\/05\/cc4789b8-30de-4d34-a07b-5c9827f833f1.jpg\" loading=\"lazy\" title=\"Matei Ilie (23 de ani) a debutat sub comanda lui Daniel Pancu pentru Rom\u00e2nia U21, \u00een 2023. Pentru prima reprezentativ\u0103 nu a jucat p\u00e2n\u0103 acum. Foto: Imago\" alt=\"Hagi schimb\u0103 defensiva echipei na\u021bionale \u00bb Cine e urma\u0219ul lui Burc\u0103 \u00een viziunea \u201eRegelui\u201d\" width=\"738\" height=\"502\"\/><\/p>\n<p>Matei Ilie (23 de ani) a debutat sub comanda lui Daniel Pancu pentru Rom\u00e2nia U21, \u00een 2023. Pentru prima reprezentativ\u0103 nu a jucat p\u00e2n\u0103 acum. Foto: Imago<\/p>\n<p>Capacitatea sa de a pasa vertical \u0219i de a ie\u0219i curat cu mingea din ap\u0103rare a c\u00e2nt\u0103rit decisiv \u00een evaluarea f\u0103cut\u0103 de Hagi \u0219i staff-ul na\u021bionalei.<\/p>\n<p>\u00cen ultimii ani, <a class=\"autolink-enabled\" data-resource-id=\"13979\" data-resource-type=\"player\" data-sport=\"football\" href=\"https:\/\/www.gsp.ro\/rezultate-live\/jucatorul-playername-13979\" rel=\"nofollow noopener\" target=\"_blank\">Andrei Burc\u0103<\/a> a reprezentat una dintre constantele defensivei Rom\u00e2niei, \u00eens\u0103 selec\u021bionerul preg\u0103te\u0219te schimbarea, cu at\u00e2t mai mult cu c\u00e2t ap\u0103rarea va avea sarcini suplimentare sub comanda sa.<\/p>\n<p class=\"cifra \">12meciuri are Matei Ilie pentru Rom\u00e2nia U21, \u00een care a marcat de dou\u0103 ori. A bifat toate minutele la Campionatul European de Tineret din 2025<\/p>\n<p class=\"cifra \">2,2 milioane de euroeste cota de pia\u021b\u0103 a juc\u0103torului n\u0103scut la Piatra Neam\u021b, potrivit portalului de specialitate Transfermarkt.<\/p>\n<p>Viziunea lui Hagi \u00een privin\u021ba defensivei<\/p>\n<p>Echipa c\u0103reia Gheorghe Hagi vrea s\u0103 \u00eei redea o nou\u0103 direc\u021bie nu va avea o defensiv\u0103 static\u0103 \u0219i retras\u0103, ci una mobil\u0103, agresiv\u0103 \u0219i implicat\u0103 direct \u00een construc\u021bia de atac, cel pu\u021bin \u00een teorie.<\/p>\n<p>Selec\u021bionerul \u00ee\u0219i dore\u0219te funda\u0219i centrali capabili s\u0103 urce frecvent \u00een zona de mijloc, s\u0103 participe la progresia mingii \u0219i s\u0103 creeze superioritate \u00eenc\u0103 din prima faz\u0103 a ofensivei. Practic, \u00een anumite momente de posesie, stoperii trebuie s\u0103 se transforme, \u00een unele momente, \u00een mijloca\u0219i defensivi, sus\u021bin\u00e2nd circula\u021bia \u0219i ie\u0219irea echipei din spa\u021biile aglomerate.<\/p>\n<p><img decoding=\"async\" src=\"https:\/\/www.europesays.com\/ro\/wp-content\/uploads\/2026\/05\/12e9e686-f739-4c27-bfd2-5b6bff5f4b3f.jpg\" loading=\"lazy\" title=\"\u00cen Superliga, Matei Ilie are 81 de partide disputate. Foto: Imagpo\" alt=\"Hagi schimb\u0103 defensiva echipei na\u021bionale \u00bb Cine e urma\u0219ul lui Burc\u0103 \u00een viziunea \u201eRegelui\u201d\" width=\"738\" height=\"502\"\/><\/p>\n<p>\u00cen Superliga, Matei Ilie are 81 de partide disputate. Foto: Imagpo<\/p>\n<ul>\n<li>\n<p>Matei Ilie \u0219i-a f\u0103cut junioratul \u00een Italia, la Sesto Giovanili, Padova \u0219i Verona U19. Este fiul antrenorului Costel Ilie, fost mijloca\u0219 dreapta la Ceahl\u0103ul, Dinamo \u0219i FC Vaslui.<\/p>\n<\/li>\n<\/ul>\n<p>Pentru acest tip de joc, fostul lider al Genera\u021biei de Aur caut\u0103 fotbali\u0219ti care ofer\u0103 simultan siguran\u021b\u0103 defensiv\u0103 \u0219i control tehnic foarte bun. \u00cen noua viziune, ap\u0103r\u0103torii trebuie s\u0103 aib\u0103 personalitate cu mingea la picior, disponibilitate mare la efort \u0219i capacitatea de a sus\u021bine ritmul unui fotbal ofensiv.<\/p>\n<p>Pentru Hagi, funda\u0219ul CFR-ului ar putea face un cuplu defensiv bun cu Radu Dr\u0103gu\u0219in, \u00eentruc\u00e2t are profilul unui ap\u0103r\u0103tor modern: \u00eenalt, puternic fizic \u0219i suficient de tehnic \u00eenc\u00e2t s\u0103 dezvolte atunci c\u00e2nd jocul se desf\u0103\u0219oar\u0103 \u00een propria jum\u0103tate.<\/p>\n","protected":false},"excerpt":{"rendered":"Articol de George Nistor &#8211; Publicat sambata, 23 mai 2026, 15:06 \/ Actualizat sambata, 23 mai 2026 15:06&hellip;\n","protected":false},"author":2,"featured_media":187556,"comment_status":"","ping_status":"","sticky":false,"template":"","format":"standard","meta":{"footnotes":"","_share_on_mastodon":"0"},"categories":[5],"tags":[9047,32,33,31,855,36,37,2154,27,34,35,10332,25,41,40,38,39,26,28,29,30],"class_list":["post-187555","post","type-post","status-publish","format-standard","has-post-thumbnail","category-titluri","tag-andrei-burca","tag-breaking-news","tag-breakingnews","tag-cele-mai-populare-subiecte","tag-echipa-nationala","tag-featured-news","tag-featurednews","tag-gheorghe-hagi","tag-headlines","tag-latest-news","tag-latestnews","tag-matei-ilie","tag-news","tag-ro","tag-romana","tag-romania","tag-romanian","tag-stiri","tag-titluri","tag-top-stories","tag-topstories"],"share_on_mastodon":{"url":"https:\/\/pubeurope.com\/@ro\/116624944520590462","error":""},"_links":{"self":[{"href":"https:\/\/www.europesays.com\/ro\/wp-json\/wp\/v2\/posts\/187555","targetHints":{"allow":["GET"]}}],"collection":[{"href":"https:\/\/www.europesays.com\/ro\/wp-json\/wp\/v2\/posts"}],"about":[{"href":"https:\/\/www.europesays.com\/ro\/wp-json\/wp\/v2\/types\/post"}],"author":[{"embeddable":true,"href":"https:\/\/www.europesays.com\/ro\/wp-json\/wp\/v2\/users\/2"}],"replies":[{"embeddable":true,"href":"https:\/\/www.europesays.com\/ro\/wp-json\/wp\/v2\/comments?post=187555"}],"version-history":[{"count":0,"href":"https:\/\/www.europesays.com\/ro\/wp-json\/wp\/v2\/posts\/187555\/revisions"}],"wp:featuredmedia":[{"embeddable":true,"href":"https:\/\/www.europesays.com\/ro\/wp-json\/wp\/v2\/media\/187556"}],"wp:attachment":[{"href":"https:\/\/www.europesays.com\/ro\/wp-json\/wp\/v2\/media?parent=187555"}],"wp:term":[{"taxonomy":"category","embeddable":true,"href":"https:\/\/www.europesays.com\/ro\/wp-json\/wp\/v2\/categories?post=187555"},{"taxonomy":"post_tag","embeddable":true,"href":"https:\/\/www.europesays.com\/ro\/wp-json\/wp\/v2\/tags?post=187555"}],"curies":[{"name":"wp","href":"https:\/\/api.w.org\/{rel}","templated":true}]}}