{"id":188043,"date":"2026-05-24T11:19:07","date_gmt":"2026-05-24T11:19:07","guid":{"rendered":"https:\/\/www.europesays.com\/ro\/188043\/"},"modified":"2026-05-24T11:19:07","modified_gmt":"2026-05-24T11:19:07","slug":"o-bijuterie-care-celebreaza-viata-gata-sa-rasara-in-fukushima-orasul-zguduit-de-un-dezastru-nuclear","status":"publish","type":"post","link":"https:\/\/www.europesays.com\/ro\/188043\/","title":{"rendered":"O \u201dbijuterie\u201d care celebreaz\u0103 via\u021ba, gata s\u0103 r\u0103sar\u0103 \u00een Fukushima, ora\u0219ul zguduit de un dezastru nuclear"},"content":{"rendered":"\n<ul class=\"bullets\">\n<li>\n<p>Baraj SuperLiga: Hermannstadt &#8211; Voluntari, duminic\u0103, 17:30, DGS 1<\/p>\n<\/li>\n<li>\n<p>Baraj Conference League: FCSB &#8211; Boto\u0219ani, duminic\u0103, 20:30, DGS 1<\/p>\n<\/li>\n<\/ul>\n<p>\u00cenfiin\u021bat \u00een 2002, clubul Fukushima United evolueaz\u0103 \u00een liga a treia din Japonia, \u00eens\u0103 pl\u0103nuie\u0219te s\u0103 lupte pentru promovare, iar una dintre cerin\u021bele pentru ob\u021binerea dreptului de a juca \u00een e\u0219alonul secund este s\u0103 aib\u0103 un stadion propriu de peste 5.000 de locuri. \u00cen acest sens, un birou de arhitectur\u0103, Vuild, a prezentat un plan al unei arene nemaiv\u0103zute, care ar urma s\u0103 fie construit\u0103 \u00een urm\u0103torii ani.<\/p>\n<p>Galerie FotoFukushima United va avea un stadion \u201dverde\u201d<\/p>\n<p>Concret, noul stadion urmeaz\u0103 s\u0103 fie construit din lemn, cu ajutorul fanilor \u0219i al comunit\u0103\u021bii locale. De altfel, toate materialele ca vor fi utilizate vor proveni din Fukushima. Acoperi\u0219ul, cu un design tradi\u021bional japonez, va fi format din mai multe piese separate, care vor putea fi asamblate la fa\u021ba locului.<\/p>\n<p>\u00cen plus, \u201dproiectul va profita de clima din Fukushima\u201d, noteaz\u0103 <a href=\"https:\/\/wired.jp\/article\/vuild-fukushima-united-fc-stadium\/\" target=\"_blank\" rel=\"noopener nofollow\" data-skip-linkfix=\"1\">wired.jp<\/a>, care noteaz\u0103 c\u0103 aerisirea se va face cu ajutorul v\u00e2ntului, iar acoperi\u0219ul va fi construit \u00een a\u0219a fel \u00eenc\u00e2t lumina solar\u0103 s\u0103 ajung\u0103 exact c\u00e2t este nevoie pentru ca gazonul s\u0103 se dezvolte natural.<\/p>\n<p>Mai mult, apa de ploaie va fi stocat\u0103 \u00eentr-un rezervor uria\u0219, iar vara va fi folosit\u0103 pentru r\u0103corire, dar \u0219i pentru irigarea terenului, \u0219i pentru toalete. Prin toate aceste metode de reciclare, clubul \u00ee\u0219i dore\u0219te s\u0103 reduc\u0103 semnificativ consumul de energie \u0219i s\u0103 fac\u0103 un stadion \u201dverde\u201d, care celebreaz\u0103 via\u021ba \u0219i protejeaz\u0103 natura.<\/p>\n<p>La Fukushima United evolueaz\u0103 Kazuyoshi Miura, cel mai b\u0103tr\u00e2n fotbalist profesionist<\/p>\n<p>La finalul anului trecut, Fukushima United <a href=\"https:\/\/www.digisport.ro\/fotbal\/e-gata-cel-mai-batran-fotbalist-din-lume-si-a-gasit-echipa-si-a-semnat-4004651\" target=\"_blank\" rel=\"noopener nofollow\" data-skip-linkfix=\"1\">a ob\u021binut semn\u0103tura lui Kazuyoshi Miura<\/a> (59 de ani), cel mai \u00een v\u00e2rst\u0103 fotbalist profesionist din lume. Atacantul a fost cedat sub form\u0103 e \u00eemprumut de Yokohama FC p\u00e2n\u0103 \u00een vara acestui an.<\/p>\n<p>Kazuyoshi Miura\u00a0<a href=\"https:\/\/www.digisport.ro\/fotbal\/are-54-de-ani-si-a-semnat-cu-o-noua-echipa-pana-la-ce-varsta-vrea-sa-mai-joace-1463051\" target=\"_blank\" rel=\"noopener nofollow\" data-skip-linkfix=\"1\">\u0219i-a \u00eenceput cariera<\/a> \u00een 1984, la CA Juventus, \u00een Brazilia, \u0219i a mai evoluat la Santos, Matsubara, CRB, Coritiba, Piracicaba, Verdy Kawasaki, Geona, Dinamo Zagreb, Kyoto, Vissel Kobe, Sydney FC, Yokohama, Suzuka \u0219i Oliveirense.<\/p>\n<ul>\n<li>55 de goluri \u00een 89 de selec\u021bii a reu\u0219it Kazuyoshi Miura pentru na\u021bionala Japoniei.<\/li>\n<li>5 apari\u021bii a adunat Miura \u00een acest sezon, 66 de minute \u00een total.<\/li>\n<\/ul>\n<p>Atacantul japonez este al doilea cel mai bun marcator din istoria na\u0163ionalei Japoniei \u0219i a anun\u021bat recent c\u0103 ar vrea s\u0103 se retrag\u0103 la 60 de ani.<\/p>\n<p>Galerie Foto   <\/p>\n<p>  Etichete:  <a href=\"https:\/\/www.digisport.ro\/eticheta\/japonia\" rel=\"nofollow noopener\" target=\"_blank\">japonia<\/a> , <a href=\"https:\/\/www.digisport.ro\/eticheta\/kazuyoshi-miura\" rel=\"nofollow noopener\" target=\"_blank\">kazuyoshi miura<\/a> , <a href=\"https:\/\/www.digisport.ro\/eticheta\/fukushima\" rel=\"nofollow noopener\" target=\"_blank\">fukushima<\/a> , <a href=\"https:\/\/www.digisport.ro\/eticheta\/stadion-fukushima\" rel=\"nofollow noopener\" target=\"_blank\">stadion fukushima<\/a> , <a href=\"https:\/\/www.digisport.ro\/eticheta\/dezastru-fukushima\" rel=\"nofollow noopener\" target=\"_blank\">dezastru fukushima<\/a>   <\/p>\n<p>Urm\u0103re\u0219te \u0219tirile digisport.ro \u0219i pe <a href=\"https:\/\/news.google.com\/publications\/CAAiENr1L9HFNMG5hpp5zTfVtpsqFAgKIhDa9S_RxTTBuYaaec031bab?ceid=RO:ro&amp;oc=3\" target=\"_blank\" rel=\"external nofollow noopener\">Google News<\/a><\/p>\n<p>   Noua Aplica\u0163ie Digi Sport poate fi desc\u0103rcat\u0103 din   <\/p>\n","protected":false},"excerpt":{"rendered":"Baraj SuperLiga: Hermannstadt &#8211; Voluntari, duminic\u0103, 17:30, DGS 1 Baraj Conference League: FCSB &#8211; Boto\u0219ani, duminic\u0103, 20:30, DGS&hellip;\n","protected":false},"author":2,"featured_media":188044,"comment_status":"","ping_status":"","sticky":false,"template":"","format":"standard","meta":{"footnotes":"","_share_on_mastodon":"0"},"categories":[12],"tags":[32,33,31,53551,36,37,53549,27,74,2646,25957,34,35,25,41,40,38,39,53550,26,28,29,30,71,72,73],"class_list":["post-188043","post","type-post","status-publish","format-standard","has-post-thumbnail","category-international","tag-breaking-news","tag-breakingnews","tag-cele-mai-populare-subiecte","tag-dezastru-fukushima","tag-featured-news","tag-featurednews","tag-fukushima","tag-headlines","tag-international","tag-japonia","tag-kazuyoshi-miura","tag-latest-news","tag-latestnews","tag-news","tag-ro","tag-romana","tag-romania","tag-romanian","tag-stadion-fukushima","tag-stiri","tag-titluri","tag-top-stories","tag-topstories","tag-world","tag-world-news","tag-worldnews"],"share_on_mastodon":{"url":"https:\/\/pubeurope.com\/@ro\/116629285343928097","error":""},"_links":{"self":[{"href":"https:\/\/www.europesays.com\/ro\/wp-json\/wp\/v2\/posts\/188043","targetHints":{"allow":["GET"]}}],"collection":[{"href":"https:\/\/www.europesays.com\/ro\/wp-json\/wp\/v2\/posts"}],"about":[{"href":"https:\/\/www.europesays.com\/ro\/wp-json\/wp\/v2\/types\/post"}],"author":[{"embeddable":true,"href":"https:\/\/www.europesays.com\/ro\/wp-json\/wp\/v2\/users\/2"}],"replies":[{"embeddable":true,"href":"https:\/\/www.europesays.com\/ro\/wp-json\/wp\/v2\/comments?post=188043"}],"version-history":[{"count":0,"href":"https:\/\/www.europesays.com\/ro\/wp-json\/wp\/v2\/posts\/188043\/revisions"}],"wp:featuredmedia":[{"embeddable":true,"href":"https:\/\/www.europesays.com\/ro\/wp-json\/wp\/v2\/media\/188044"}],"wp:attachment":[{"href":"https:\/\/www.europesays.com\/ro\/wp-json\/wp\/v2\/media?parent=188043"}],"wp:term":[{"taxonomy":"category","embeddable":true,"href":"https:\/\/www.europesays.com\/ro\/wp-json\/wp\/v2\/categories?post=188043"},{"taxonomy":"post_tag","embeddable":true,"href":"https:\/\/www.europesays.com\/ro\/wp-json\/wp\/v2\/tags?post=188043"}],"curies":[{"name":"wp","href":"https:\/\/api.w.org\/{rel}","templated":true}]}}