{"id":188067,"date":"2026-05-24T11:41:14","date_gmt":"2026-05-24T11:41:14","guid":{"rendered":"https:\/\/www.europesays.com\/ro\/188067\/"},"modified":"2026-05-24T11:41:14","modified_gmt":"2026-05-24T11:41:14","slug":"un-premier-desemnat-psd-ne-apropie-cel-mai-mult-de-varianta-pe-care-nicusor-dan-nu-o-doreste-un-curent-anti-occidental-radical-nationalist-o-amenintare-extremista-iliberala","status":"publish","type":"post","link":"https:\/\/www.europesays.com\/ro\/188067\/","title":{"rendered":"\u201eUn premier desemnat PSD ne apropie cel mai mult de varianta pe care Nicu\u0219or Dan nu o dore\u0219te: un curent anti-occidental, radical na\u021bionalist, o amenin\u021bare extremist\u0103 iliberal\u0103\u201d \u2013 Interviu cu profesorul Antonio Momoc"},"content":{"rendered":"<p>\u00cen culisele negocierilor pentru formarea viitorului Executiv circul\u0103 scenariul unei majorit\u0103\u021bi construite de <a href=\"https:\/\/ziare.com\/psd\/\" title=\"PSD\" rel=\"nofollow noopener\" target=\"_blank\">PSD<\/a> prin atragerea a peste 30 de <a href=\"https:\/\/ziare.com\/politica\/parlamentari\/\" title=\"parlamentari\" rel=\"nofollow noopener\" target=\"_blank\">parlamentari<\/a> <a href=\"https:\/\/ziare.com\/politica\/aur\/\" title=\"AUR\" rel=\"nofollow noopener\" target=\"_blank\">AUR<\/a> \u00een zona grupurilor parlamentare social-democrate. Nu este vorba neap\u0103rat despre \u00eenscrierea acestora \u00een <a href=\"https:\/\/ziare.com\/politica\/partid\/\" title=\"partid\" rel=\"nofollow noopener\" target=\"_blank\">partid<\/a>, ci despre o sus\u021binere parlamentar\u0103 care s\u0103 permit\u0103 <a href=\"https:\/\/ziare.com\/politica\/psd\/\" title=\"PSD\" rel=\"nofollow noopener\" target=\"_blank\">PSD<\/a> s\u0103 revendice guvernarea f\u0103r\u0103 o alian\u021b\u0103 oficial\u0103 cu forma\u021biunea condus\u0103 de <a href=\"https:\/\/ziare.com\/george-simion\/\" title=\"George Simion\" rel=\"nofollow noopener\" target=\"_blank\">George Simion<\/a>.<\/p>\n<p>Ipoteza a ap\u0103rut dup\u0103 ce tentativa de destabilizare a <a href=\"https:\/\/ziare.com\/pnl\/\" title=\"PNL\" rel=\"nofollow noopener\" target=\"_blank\">PNL<\/a> nu ar fi produs efectele a\u0219teptate, iar social-democra\u021bii caut\u0103 alte formule pentru a ob\u021bine o majoritate func\u021bional\u0103 \u00een Parlament. \u00cen acela\u0219i timp, pre\u0219edintele Nicu\u0219or Dan a transmis c\u0103 nu accept\u0103 o formul\u0103 guvernamental\u0103 care s\u0103 includ\u0103 anti-occidentali.<\/p>\n<p>Analistul politic <a href=\"https:\/\/ziare.com\/antonio-momoc\/\" title=\"Antonio Momoc\" rel=\"nofollow noopener\" target=\"_blank\">Antonio Momoc<\/a> &#8211; specialist \u00een \u0219tiin\u021be politice, comunicare \u0219i PR a analizat \u00eentr-un interviu pentru Ziare.com dac\u0103 un transfer masiv de parlamentari AUR c\u0103tre grupul parlamentar al PSD ar putea deveni o solu\u021bie politic\u0103 viabil\u0103. Profesorul Antonio Momoc, decan al Facult\u0103\u021bii de Jurnalism \u0219i \u0218tiin\u021bele Comunic\u0103rii, Universitatea din Bucure\u0219ti, consider\u0103 c\u0103 scenariul nu poate fi exclus, \u00eens\u0103 \u0219ansele ca el s\u0103 func\u021bioneze sunt reduse.<\/p>\n<p>Antonio Momoc: \u201eEste posibil, dar pu\u021bin probabil\u201d<\/p>\n<p>Analistul politic este de p\u0103rere c\u0103 o asemenea formul\u0103 ar asocia PSD de zona suveranist\u0103 la guvernare.<\/p>\n<p>\u201eE o variant\u0103 posibil\u0103, dar pu\u021bin probabil\u0103. Un posibil <a href=\"https:\/\/ziare.com\/politica\/premier\/\" title=\"premier\" rel=\"nofollow noopener\" target=\"_blank\">premier<\/a> desemnat din partea PSD \u00eenseamn\u0103 o probabilitate mare de guvern PSD-AUR, chiar dac\u0103 vorbim de un guvern minoritar PSD cu sus\u021binere AUR din Parlament\u201d, a opinat Antonio Momoc \u00een dialogul cu Ziare.com.<\/p>\n<p>Direc\u021bia politic\u0103 a viitorului Executiv<\/p>\n<p>Dincolo de aritmetica parlamentar\u0103, Antonio Momoc spune c\u0103 adev\u0103rata problem\u0103 este direc\u021bia politic\u0103 \u00een care ar putea aluneca viitorul guvern dac\u0103 PSD ar ajunge dependent de sprijinul forma\u021biunilor precum AUR. Profesorul puncteaz\u0103 c\u0103 o astfel de formul\u0103 ar intra \u00een contradic\u021bie cu mesajele pro-occidentale transmise de Nicu\u0219or Dan.<\/p>\n<p>\u201eE mai pu\u021bin important dac\u0103 cei din AUR p\u0103r\u0103sesc sau nu AUR pentru a se \u00eenscrie \u00een PSD, chiar \u0219i a\u0219a AUR ar avea un poten\u021bial mare de \u0219antaj \u00een Parlament \u00eempreun\u0103 cu neafilia\u021bii proveni\u021bi din SOS ori <a href=\"https:\/\/ziare.com\/politica\/pot\/\" title=\"POT\" rel=\"nofollow noopener\" target=\"_blank\">POT<\/a>. Deci, un premier desemnat PSD ne apropie cel mai mult de varianta pe care Nicu\u0219or Dan nu o dore\u0219te &#8211; un curent anti-occidental \u0219i anti-european, radical na\u021bionalist, o amenin\u021bare extremist\u0103 iliberal\u0103 \u00een Executiv sau pentru sus\u021binerea Executivului\u201d, a men\u021bionat Antonio Momoc pentru Ziare.com.<\/p>\n<p>\u201eCel mai probabil scenariu ast\u0103zi este cu un premier tehnocrat apropiat de <a href=\"https:\/\/ziare.com\/politica\/pnl\/\" title=\"PNL\" rel=\"nofollow noopener\" target=\"_blank\">PNL<\/a>\/<a href=\"https:\/\/ziare.com\/usr\/\" title=\"USR\" rel=\"nofollow noopener\" target=\"_blank\">USR<\/a>, cu condi\u021bia ca \u0219i interesele PSD s\u0103 fie protejate\u201d<\/p>\n<p>Blocajul politic instalat dup\u0103 ziua de 5 mai, atunci c\u00e2nd PSD \u0219i AUR au votat o mo\u021biune de cenzur\u0103 \u00eempotriva Cabinetului <a href=\"https:\/\/ziare.com\/ilie-bolojan\/\" title=\"Ilie Bolojan\" rel=\"nofollow noopener\" target=\"_blank\">Ilie Bolojan<\/a>, \u00eempinge partidele spre o formul\u0103 de compromis. Criza politic\u0103 \u0219i guvernamental\u0103 readuce \u00een discu\u021bie posibilitatea de a avea un premier independent sau tehnocrat, sus\u021binut de o majoritate construit\u0103 pe nevoia de stabilitate, nu pe compatibilitate ideologic\u0103. Varianta unui \u0219ef de guvern \u201edin afara partidelor\u201d \u00eencepe s\u0103 fie privit\u0103 precum o solu\u021bie de avarie acceptabil\u0103 pentru liderii politicii de la noi.<\/p>\n<p>Analistul politic Antonio Momoc, specialist \u00een \u0219tiin\u021be politice, comunicare \u0219i PR, decan al Facult\u0103\u021bii de Jurnalism \u0219i \u0218tiin\u021bele Comunic\u0103rii din cadrul Universit\u0103\u021bii din Bucure\u0219ti, a spus, \u00eentr-un dialog cu Ziare.com, c\u0103 tehnocra\u021bia la conducerea Executivului este, \u00een prezent, scenariul cu cele mai mari \u0219anse de concretizare.<\/p>\n<p>\u201eCel mai probabil scenariu ast\u0103zi este cel cu un premier tehnocrat apropiat de PNL\/<a href=\"https:\/\/ziare.com\/politica\/usr\/\" title=\"USR\" rel=\"nofollow noopener\" target=\"_blank\">USR<\/a> pe care s\u0103 \u00eel accepte \u0219i PSD\u201d<\/p>\n<p>Negocierile pentru formarea unui nou guvern au intrat \u00eentr-o zon\u0103 \u00een care calculele parlamentare se lovesc de veto-uri politice, iar varianta unui premier politic pare tot mai greu de sus\u021binut. Potrivit profesorului Antonio Momoc, un prim-ministru tehnocrat este formula cu cele mai mari \u0219anse de a trece de Parlament.<\/p>\n<p>\u201eCel mai probabil scenariu ast\u0103zi este cel cu un premier tehnocrat apropiat de PNL\/USR pe care s\u0103 \u00eel accepte \u0219i PSD cu condi\u021bia ca \u0219i interesele PSD s\u0103 fie protejate. Pentru PNL de azi premierul politic nu poate fi dec\u00e2t Ilie Bolojan, or varianta aceasta e exclus\u0103 matematic \u0219i politic de pre\u0219edintele Dan \u00eempreun\u0103 cu PSD\/AUR, chiar dac\u0103 PNL\/USR\/<a href=\"https:\/\/ziare.com\/udmr\/\" title=\"UDMR\" rel=\"nofollow noopener\" target=\"_blank\">UDMR<\/a> \u0219i alte minorit\u0103\u021bi na\u021bionale s-ar apropia de o majoritate parlamentar\u0103 matematic\u0103\u201d, a argumentat Antonio Momoc \u00een analiza pentru Ziare.com.<\/p>\n<p>Premierul tehnocrat, puntea dintre tabere incompatibile<\/p>\n<p>Antonio Momoc opineaz\u0103 c\u0103 un premier independent, dar perceput ca apropiat de zona reformist\u0103 \u0219i de pre\u0219edintele Nicu\u0219or Dan, ar putea func\u021biona ca solu\u021bie de compromis \u00eentre grup\u0103rile politice din fosta coali\u021bie, aflate \u00een conflict.<\/p>\n<p>\u201eUn premier tehnocrat apropiat de PNL \u0219i de Nicu\u0219or Dan ar putea \u00eens\u0103 ob\u021bine voturi la \u00eenvestire \u0219i de la unii parlamentari PNL \u0219i USR, nu doar de la PSD \u0219i neafilia\u021bi. \u0218i pe termen mediu \u0219i lung ar putea conduce la o ruptur\u0103 \u00een interiorul PNL, at\u00e2t de dorit\u0103 de PSD\u201d, a spus Antonio Momoc pentru Ziare.com.<\/p>\n<p>\u0218anse de refacere a coali\u021biei, cu PSD \u0219i PNL partide principale, \u00een contextul blocajului total: \u201eNu mai exist\u0103 aceast\u0103 posibilitate at\u00e2ta vreme c\u00e2t Ilie Bolojan conduce PNL, iar <a href=\"https:\/\/ziare.com\/sorin-grindeanu\/\" title=\"Sorin Grindeanu\" rel=\"nofollow noopener\" target=\"_blank\">Sorin Grindeanu<\/a> PSD\u201d<\/p>\n<p>Rela\u021bia dintre PSD \u0219i PNL a intrat \u00eentr-un punct critic, iar scenariul unei refaceri a fostei coali\u021bii pare tot mai pu\u021bin realist. \u00cen timp ce negocierile politice bat pasul pe loc, tensiunile dintre liderii celor dou\u0103 partide reduc drastic spa\u021biul pentru o reconstruc\u021bie a majorit\u0103\u021bii \u00een formula care a func\u021bionat 10 luni la guvernare.<\/p>\n<p>Ruptura dintre cele dou\u0103 forma\u021biuni \u021bine de incompatibilitatea actualelor conduceri politice dup\u0103 ce Sorin Grindeanu, liderul PSD, a provocat criza guvernamental\u0103 prin d\u0103r\u00e2marea guvernului condus de liberalul Ilie Bolojan.<\/p>\n<p>Analistul politic Antonio Momoc &#8211; specialist \u00een \u0219tiin\u021be politice, trainer \u0219i cercet\u0103tor \u00een comunicare \u0219i media, decanul Facult\u0103\u021bii de Jurnalism \u0219i \u0218tiin\u021bele Comunic\u0103rii, Universitatea din Bucure\u0219ti, a punctat, \u00eentr-o analiz\u0103 pentru Ziare.com, c\u0103 \u00een condi\u021biile \u00een care Ilie Bolojan conduce PNL, iar Sorin Grindeanu conduce PSD, o revenire la vechea arhitectur\u0103 de guvernare este imposibil\u0103.<\/p>\n<p>\u201eNu mai exist\u0103 \u0219anse de refacere a coali\u021biei\u201d \u00een actuala formul\u0103 de leadership<\/p>\n<p>Potrivit profesorului Antonio Momoc, premisele unei reconstruc\u021bii a coali\u021biei PSD-PNL sunt practic inexistente at\u00e2t timp c\u00e2t partidele sunt conduse de actualii lideri de facto.<\/p>\n<p>\u201eNu mai exist\u0103 aceast\u0103 posibilitate at\u00e2ta vreme c\u00e2t Ilie Bolojan conduce PNL, iar Sorin Grindeanu conduce PSD\u201d, a expus Antonio Momoc pentru Ziare.com.<\/p>\n<p>Varianta tehnocrat\u0103 cu mini\u0219tri politici \u2013 solu\u021bia probabil\u0103<\/p>\n<p>\u00cen lipsa unui <a href=\"https:\/\/ziare.com\/politica\/acord\/\" title=\"acord\" rel=\"nofollow noopener\" target=\"_blank\">acord<\/a> politic \u00eentre marile partide, ideea unui premier tehnocrat reapare ca solu\u021bie. Un astfel de scenariu ar presupune un executiv sus\u021binut parlamentar de PSD, cu sprijin punctual din partea altor forma\u021biuni, inclusiv segmente din PNL \u0219i USR.<\/p>\n<p>\u201eCel mai probabil, PSD \u00ee\u0219i va asuma guvernarea al\u0103turi de un premier tehnocrat, cu mini\u0219tri politici sau tehnocra\u021bi, sus\u021binu\u021bi de partidele parlamentare, care s\u0103 aib\u0103 sus\u021binerea pre\u0219edintelui \u0219i s\u0103 fie suficient de credibil pentru cel pu\u021bin o parte din PNL \u0219i USR\u201d, a punctat Antonio Momoc \u00een analiza pentru Ziare.com.<\/p>\n<p>\u021ai-a pl\u0103cut articolul?<\/p>\n<p> Vrem s\u0103 producem mai multe, \u00eens\u0103 avem nevoie de sus\u021binerea ta. Orice dona\u021bie conteaz\u0103 pentru jurnalismul independent <\/p>\n","protected":false},"excerpt":{"rendered":"\u00cen culisele negocierilor pentru formarea viitorului Executiv circul\u0103 scenariul unei majorit\u0103\u021bi construite de PSD prin atragerea a peste&hellip;\n","protected":false},"author":2,"featured_media":188068,"comment_status":"","ping_status":"","sticky":false,"template":"","format":"standard","meta":{"footnotes":"","_share_on_mastodon":"0"},"categories":[10],"tags":[7567,32,33,31,2728,36,37,859,27,34,35,25,358,2216,1123,41,40,38,39,26,28,29,30],"class_list":["post-188067","post","type-post","status-publish","format-standard","has-post-thumbnail","category-romania","tag-amenintare","tag-breaking-news","tag-breakingnews","tag-cele-mai-populare-subiecte","tag-extremism","tag-featured-news","tag-featurednews","tag-guvern","tag-headlines","tag-latest-news","tag-latestnews","tag-news","tag-nicusor-dan","tag-premier","tag-psd","tag-ro","tag-romana","tag-romania","tag-romanian","tag-stiri","tag-titluri","tag-top-stories","tag-topstories"],"share_on_mastodon":{"url":"https:\/\/pubeurope.com\/@ro\/116629371752118043","error":""},"_links":{"self":[{"href":"https:\/\/www.europesays.com\/ro\/wp-json\/wp\/v2\/posts\/188067","targetHints":{"allow":["GET"]}}],"collection":[{"href":"https:\/\/www.europesays.com\/ro\/wp-json\/wp\/v2\/posts"}],"about":[{"href":"https:\/\/www.europesays.com\/ro\/wp-json\/wp\/v2\/types\/post"}],"author":[{"embeddable":true,"href":"https:\/\/www.europesays.com\/ro\/wp-json\/wp\/v2\/users\/2"}],"replies":[{"embeddable":true,"href":"https:\/\/www.europesays.com\/ro\/wp-json\/wp\/v2\/comments?post=188067"}],"version-history":[{"count":0,"href":"https:\/\/www.europesays.com\/ro\/wp-json\/wp\/v2\/posts\/188067\/revisions"}],"wp:featuredmedia":[{"embeddable":true,"href":"https:\/\/www.europesays.com\/ro\/wp-json\/wp\/v2\/media\/188068"}],"wp:attachment":[{"href":"https:\/\/www.europesays.com\/ro\/wp-json\/wp\/v2\/media?parent=188067"}],"wp:term":[{"taxonomy":"category","embeddable":true,"href":"https:\/\/www.europesays.com\/ro\/wp-json\/wp\/v2\/categories?post=188067"},{"taxonomy":"post_tag","embeddable":true,"href":"https:\/\/www.europesays.com\/ro\/wp-json\/wp\/v2\/tags?post=188067"}],"curies":[{"name":"wp","href":"https:\/\/api.w.org\/{rel}","templated":true}]}}