{"id":189238,"date":"2026-05-25T18:24:11","date_gmt":"2026-05-25T18:24:11","guid":{"rendered":"https:\/\/www.europesays.com\/ro\/189238\/"},"modified":"2026-05-25T18:24:11","modified_gmt":"2026-05-25T18:24:11","slug":"costel-galca-a-spus-ce-s-a-intamplat-la-rapid-erau-probleme-dinainte","status":"publish","type":"post","link":"https:\/\/www.europesays.com\/ro\/189238\/","title":{"rendered":"Costel G\u00e2lc\u0103 a spus ce s-a \u00eent\u00e2mplat la Rapid: \u201eErau probleme dinainte\u201d"},"content":{"rendered":"<p id=\"p-0\">Costel G\u00e2lc\u0103 (54 de ani), \u00eenc\u0103 antrenor principal la Rapid, a rupt t\u0103cerea \u00een cadrul conferin\u021bei de pres\u0103 organizate \u00een vederea prefa\u021b\u0103rii ultimului meci al sezonului pentru giule\u0219teni.<\/p>\n<p id=\"p-1\">Luni, 25 mai, cu \u00eencepere de la ora 20:30, bucure\u0219tenii vor primi noua campioan\u0103 a Superligii, Universitatea Craiova, pe propriul teren, \u00een cea din urm\u0103 rund\u0103 din play-off \u2013 etapa cu num\u0103rul 10.<\/p>\n<p>Costel G\u00e2lc\u0103 \u0219tie care a fost principala problem\u0103 a celor de la Rapid<\/p>\n<p id=\"p-2\">Dup\u0103 partida cu oltenii, <a style=\"color: #0000ff;\" href=\"https:\/\/www.prosport.ro\/fotbal-intern\/superliga\/costel-galca-demisia-rapid-20441001\" rel=\"nofollow noopener\" target=\"_blank\">Costel G\u00e2lc\u0103 va pleca<\/a>. Daniel Pancu (48 de ani) \u00eel va \u00eenlocui, \u00een urma desp\u0103r\u021birii ex-atacantului de CFR Cluj.<\/p>\n<p id=\"p-3\">\u201ePancone\u201d a pus la punct majoritatea detaliilor contractuale, negociind cu Dan \u0218ucu. <a style=\"color: #0000ff;\" href=\"https:\/\/www.prosport.ro\/fotbal-intern\/superliga\/daniel-pancu-antrenor-rapid-dan-sucu-20446593\" rel=\"nofollow noopener\" target=\"_blank\">Tehnicianul va \u00eencasa 20.000 de euro pe lun\u0103<\/a> la Rapid.<\/p>\n<p>                <a href=\"https:\/\/www.prosport.ro\/poze\/costel-galca-rapid-probleme-20446999\" rel=\"nofollow noopener\" target=\"_blank\">&#13;<br \/>\n                                            <img decoding=\"async\" loading=\"lazy\" fetchpriority=\"low\" src=\"https:\/\/www.europesays.com\/ro\/wp-content\/uploads\/2026\/05\/https:\/\/www.prosport.ro\/\/wp-content\/uploads\/2026\/05\/costel-galca-despre-cosmarul-fara-sfarsit-de-la-.jpeg\" width=\"458\" height=\"305\"\/>&#13;<br \/>\n                                    <\/a><\/p>\n<p>                <a href=\"https:\/\/www.prosport.ro\/poze\/costel-galca-rapid-probleme-20446999\" rel=\"nofollow noopener\" target=\"_blank\">&#13;<br \/>\n                                            <img decoding=\"async\" loading=\"lazy\" fetchpriority=\"low\" src=\"https:\/\/www.europesays.com\/ro\/wp-content\/uploads\/2026\/05\/https:\/\/www.prosport.ro\/\/wp-content\/uploads\/2026\/04\/costel-galca-reactie-in-forta-dupa-iesirea-lui-a.jpeg\" width=\"227\" height=\"151\"\/>&#13;<br \/>\n                                    <\/a><\/p>\n<p id=\"p-4\">\u00cenaintea plec\u0103rii sale, Costel G\u00e2lc\u0103 a analizat modul \u00een care a decurs stagiunea curent\u0103 pentru giule\u0219teni. Fostul interna\u021bional e convins c\u0103 Rapidul putea face mai multe \u0219i a subliniat, de asemenea, faptul c\u0103 suporterii echipei din Capital\u0103 \u201emerit\u0103 mult mai mult\u201d.<\/p>\n<p id=\"p-5\">Trupa alb-vi\u0219inie intrase \u00een play-off cu speran\u021be mari, \u00eens\u0103 a ratat calificarea \u00een cupele europene. Dup\u0103 p\u0103rerea lui G\u00e2lc\u0103, c\u0103derea Rapidului a \u00eenceput dup\u0103 1-2 cu Universitatea Cluj \u00een Giule\u0219ti, partida cont\u00e2nd pentru runda a treia a mini-campionatului de prim\u0103var\u0103.<\/p>\n<p id=\"p-6\">Pe parcursul sezonului 2025-2026, forma\u021bia din Bucure\u0219ti a ob\u021binut rezultate pozitive, f\u0103r\u0103, \u00eens\u0103, a afi\u0219a un joc solid, iar Costel G\u00e2lc\u0103 a accentuat acest aspect.<\/p>\n<p>\u201eNu am avut constan\u021b\u0103, chiar dac\u0103 am stat sus \u00een clasament\u201d<\/p>\n<p id=\"p-7\">\u201eNu \u0219tiu dac\u0103 m\u00e2ine vor juca cei care au evoluat p\u00e2n\u0103 acum sau o alt\u0103 echip\u0103, dar pentru noi este important pentru palmares, nimic mai mult.<\/p>\n<p id=\"p-8\">Ca s\u0103 spun sincer, ne-am urcat \u00een v\u00e2rful muntelui \u0219i apoi am c\u0103zut \u00een pr\u0103pastie. Cam a\u0219a a fost sezonul. Din punctul meu de vedere, se putea face mai mult.<\/p>\n<p id=\"p-9\">Pentru mine, suporterii no\u0219tri meritau mult mai mult \u0219i, pe viitor, merit\u0103 mult mai mult, pentru c\u0103 vin \u00een num\u0103r foarte mare. \u0218i \u00een deplas\u0103ri ne-au sus\u021binut. Au fost \u0219i momente \u00een care au fost frustra\u021bi \u0219i este normal, dar cred c\u0103 ei meritau mai mult.<\/p>\n<p id=\"p-10\">De la meciul cu U Cluj s-a rupt totul. Erau probleme dinainte, dar atunci ne mai peticeam pu\u021bin, mai g\u0103seam solu\u021bii. Nu am avut constan\u021b\u0103, chiar dac\u0103 am stat sus \u00een clasament. Nu am putut s\u0103 folosim aceia\u0219i juc\u0103tori \u00een mai multe meciuri\u201d, a transmis Costel G\u00e2lc\u0103 la conferin\u021ba de pres\u0103.<\/p>\n<p>Bilan\u021bul antrenorului \u00een Giule\u0219ti<\/p>\n<p id=\"p-11\">La Rapid, Costel G\u00e2lc\u0103 a adunat 42 de meciuri. Sub comanda acestuia, echipa din Giule\u0219ti a bifat o medie de 1,55 puncte pe partid\u0103.<\/p>\n<p id=\"p-12\">Accident\u0103rile \u0219i tensiunile interne \u0219i-au spus cuv\u00e2ntul. Costel G\u00e2lc\u0103 a intrat \u00een conflict cu Alex Dobre, c\u0103ruia i-a retras banderola de c\u0103pitan, dup\u0103 ce vedeta Rapidului a pus la \u00eendoial\u0103 alegerile tactice ale \u201eprincipalului\u201d.<\/p>\n<p id=\"p-13\">\u00cen final, <a style=\"color: #0000ff;\" href=\"https:\/\/www.prosport.ro\/fotbal-intern\/superliga\/rapid-pancu-sucu-dobre-ciobotariu-aioani-lista-transferuri-20446922\" rel=\"nofollow noopener\" target=\"_blank\">trupa din Bucure\u0219ti<\/a> \u0219i-a luat adio de la prezen\u021ba \u00een cupele europene, dar speran\u021bele \u0219efilor clubului se leag\u0103 acum de Daniel Pancu.<\/p>\n<ul>\n<li>Almeria B, Rom\u00e2nia U17, FCSB, Espanyol, Al-Taawoun, Al-Fayha, Vejle BK, Al-Hazem, Radomiak, Universitatea Craiova \u0219i Rapid Bucure\u0219ti, acestea sunt echipele pe care le-a preg\u0103tit Costel G\u00e2lc\u0103 p\u00e2n\u0103 \u00een prezent.<\/li>\n<\/ul>\n","protected":false},"excerpt":{"rendered":"Costel G\u00e2lc\u0103 (54 de ani), \u00eenc\u0103 antrenor principal la Rapid, a rupt t\u0103cerea \u00een cadrul conferin\u021bei de pres\u0103&hellip;\n","protected":false},"author":2,"featured_media":189239,"comment_status":"","ping_status":"","sticky":false,"template":"","format":"standard","meta":{"footnotes":"","_share_on_mastodon":"0"},"categories":[20],"tags":[53864,45754,53865,33313,41,40,38,39,185,184],"class_list":["post-189238","post","type-post","status-publish","format-standard","has-post-thumbnail","category-sport","tag-costel-galca-plecare","tag-costel-galca-rapid","tag-rapid-probleme","tag-rapid-u-cluj","tag-ro","tag-romana","tag-romania","tag-romanian","tag-sport","tag-sports"],"share_on_mastodon":{"url":"https:\/\/pubeurope.com\/@ro\/116636618982327133","error":""},"_links":{"self":[{"href":"https:\/\/www.europesays.com\/ro\/wp-json\/wp\/v2\/posts\/189238","targetHints":{"allow":["GET"]}}],"collection":[{"href":"https:\/\/www.europesays.com\/ro\/wp-json\/wp\/v2\/posts"}],"about":[{"href":"https:\/\/www.europesays.com\/ro\/wp-json\/wp\/v2\/types\/post"}],"author":[{"embeddable":true,"href":"https:\/\/www.europesays.com\/ro\/wp-json\/wp\/v2\/users\/2"}],"replies":[{"embeddable":true,"href":"https:\/\/www.europesays.com\/ro\/wp-json\/wp\/v2\/comments?post=189238"}],"version-history":[{"count":0,"href":"https:\/\/www.europesays.com\/ro\/wp-json\/wp\/v2\/posts\/189238\/revisions"}],"wp:featuredmedia":[{"embeddable":true,"href":"https:\/\/www.europesays.com\/ro\/wp-json\/wp\/v2\/media\/189239"}],"wp:attachment":[{"href":"https:\/\/www.europesays.com\/ro\/wp-json\/wp\/v2\/media?parent=189238"}],"wp:term":[{"taxonomy":"category","embeddable":true,"href":"https:\/\/www.europesays.com\/ro\/wp-json\/wp\/v2\/categories?post=189238"},{"taxonomy":"post_tag","embeddable":true,"href":"https:\/\/www.europesays.com\/ro\/wp-json\/wp\/v2\/tags?post=189238"}],"curies":[{"name":"wp","href":"https:\/\/api.w.org\/{rel}","templated":true}]}}