{"id":189513,"date":"2026-05-26T06:04:10","date_gmt":"2026-05-26T06:04:10","guid":{"rendered":"https:\/\/www.europesays.com\/ro\/189513\/"},"modified":"2026-05-26T06:04:10","modified_gmt":"2026-05-26T06:04:10","slug":"mesajul-lui-pep-guardiola-la-despartirea-de-manchester-city-de-ce-imi-faceti-asta","status":"publish","type":"post","link":"https:\/\/www.europesays.com\/ro\/189513\/","title":{"rendered":"Mesajul lui Pep Guardiola la desp\u0103r\u021birea de Manchester City: \u201dDe ce \u00eemi face\u021bi asta?\u201d"},"content":{"rendered":"<p>Luni, 25 Mai 2026, ora 17:46<\/p>\n<p>2446 citiri<\/p>\n<p><a class=\"news__image\" data-href=\"https:\/\/s1.ziareromania.ro\/?mmid=deb8056a64e00c29c3\" data-size=\"1024x661\" title=\"Mesajul lui Pep Guardiola la desp\u0103r\u021birea de Manchester City: \u201dDe ce \u00eemi face\u021bi asta?\u201d\"><img decoding=\"async\" src=\"https:\/\/www.europesays.com\/ro\/wp-content\/uploads\/2026\/05\/Mesajul-lui-Pep-Guardiola-la-desp--r--irea-de-Manchester-City-----De-ce---mi-face--i-asta----.jpg\" alt=\"Mesajul lui Pep Guardiola la desp\u0103r\u021birea de Manchester City: \u201dDe ce \u00eemi face\u021bi asta?\u201d\" title=\"Mesajul lui Pep Guardiola la desp\u0103r\u021birea de Manchester City: \u201dDe ce \u00eemi face\u021bi asta?\u201d\" class=\"img-responsive\"\/><\/a><\/p>\n<p>Josep Guardiola, antrenor Manchester City FOTO X Fabrizio Romano<\/p>\n<p>Antrenorul Pep Guardiola s-a desp\u0103r\u021bit cu un mesaj emo\u021bionant pentru fanii echipei engleze de fotbal <a href=\"https:\/\/ziare.com\/manchester-city\/\" title=\"Manchester City\" rel=\"nofollow noopener\" target=\"_blank\">Manchester City<\/a>, \u00een discursul s\u0103u de adio de duminic\u0103, dup\u0103 ultimul meci al sezonului din <a href=\"https:\/\/ziare.com\/fotbal\/premier-league\/\" title=\"Premier League\" rel=\"nofollow noopener\" target=\"_blank\">Premier League<\/a>, cu Aston Villa (1-2) pe Etihad Stadium, scrie AFP.<\/p>\n<p>&#8221;\u00cen viitor, dac\u0103 m\u0103 ve\u021bi vedea pe strad\u0103 (&#8230;), veni\u021bi \u0219i \u00eembr\u0103\u021bi\u0219a\u021bi-m\u0103, voi avea nevoie de asta&#8221;, le-a spus antrenorul Pep Guardiola fanilor lui Manchester City \u00een discursul s\u0103u de adio de duminic\u0103.<\/p>\n<p>&#8221;De ce m\u0103 iubi\u021bi at\u00e2t de mult? De ce \u00eemi face\u021bi asta? Nu mi-a\u0219 fi putut imagina niciodat\u0103 at\u00e2ta dragoste. A fost o onoare incredibil\u0103, imens\u0103 s\u0103 fiu antrenorul vostru timp de zece ani&#8221;, a ad\u0103ugat tehnicianul catalan.<\/p>\n<p>&#8221;\u00cen anii urm\u0103tori, oriunde \u00een lume, dac\u0103 se \u00eent\u00e2mpl\u0103 s\u0103 m\u0103 vede\u021bi pe strad\u0103, aici \u00een Europa, \u00een Statele Unite sau oriunde altundeva, dac\u0103 sunte\u021bi suporter al lui City, veni\u021bi \u0219i \u00eembr\u0103\u021bi\u0219a\u021bi-m\u0103, voi avea nevoie de asta&#8221;, a spus antrenorul care a c\u00e2\u0219tigat 20 de trofee \u00een zece ani.<\/p>\n<p>Catalanul a mul\u021bumit conducerii clubului pentru c\u0103 a redenumit una dintre tribunele de pe stadionul Etihad (Tribuna Nordic\u0103) dup\u0103 numeles\u0103u, &#8221;cea mai mare onoare&#8221; posibil\u0103.<\/p>\n<p>&#8221;Juc\u0103torii nu \u0219tiu, dar eu voi fi acolo sus \u0219i \u00eei voi controla!&#8221;, a glumit fostul antrenor al echipelor <a href=\"https:\/\/ziare.com\/fc\/\" title=\"FC\" rel=\"nofollow noopener\" target=\"_blank\">FC<\/a> <a href=\"https:\/\/ziare.com\/barcelona\/\" title=\"Barcelona\" rel=\"nofollow noopener\" target=\"_blank\">Barcelona<\/a> \u0219i <a href=\"https:\/\/ziare.com\/bayern-munchen\/\" title=\"Bayern Munchen\" rel=\"nofollow noopener\" target=\"_blank\">Bayern Munchen<\/a>. &#8221;Timp de zece ani, fiecare decizie pe care am luat-o, am luat-o g\u00e2ndindu-m\u0103: &#8216;Este aceasta cea mai bun\u0103 pentru acest club?&#8217; V\u0103 iubesc at\u00e2t de mult, a fost al naibii de distractiv&#8221;, a subliniat Guardiola.<\/p>\n<p>\u00cen zece ani, Guardiola a c\u00e2\u0219tigat 20 de trofee, dintre care \u0219ase \u00een cel mai important <a href=\"https:\/\/ziare.com\/fotbal\/campionat\/\" title=\"campionat\" rel=\"nofollow noopener\" target=\"_blank\">campionat<\/a> de pe glob, Liga Campionilor \u00een 2023, toate premiere pentru clubul din nord-vestul Angliei.<\/p>\n<p>\u00cen viitor, Guardiola va oferi sfaturi tehnice celor 12 <a href=\"https:\/\/ziare.com\/fotbal\/cluburi\/\" title=\"cluburi\" rel=\"nofollow noopener\" target=\"_blank\">cluburi<\/a> care fac parte din City Footbal Group (Troyes, Girona, Palermo, New York City FC etc) \u0219i va lucra pe proiecte precise. El va avea un rol de &#8221;ambasador&#8221; pentru City Football Group, din care face parte \u0219i City.<\/p>\n<p>\u021ai-a pl\u0103cut articolul?<\/p>\n<p> Vrem s\u0103 producem mai multe, \u00eens\u0103 avem nevoie de sus\u021binerea ta. Orice dona\u021bie conteaz\u0103 pentru jurnalismul independent <\/p>\n","protected":false},"excerpt":{"rendered":"Luni, 25 Mai 2026, ora 17:46 2446 citiri Josep Guardiola, antrenor Manchester City FOTO X Fabrizio Romano Antrenorul&hellip;\n","protected":false},"author":2,"featured_media":187550,"comment_status":"","ping_status":"","sticky":false,"template":"","format":"standard","meta":{"footnotes":"","_share_on_mastodon":"0"},"categories":[20],"tags":[4842,1641,2470,1640,41,40,38,39,185,184],"class_list":["post-189513","post","type-post","status-publish","format-standard","has-post-thumbnail","category-sport","tag-despartire","tag-manchester-city","tag-mesaj","tag-pep-guardiola","tag-ro","tag-romana","tag-romania","tag-romanian","tag-sport","tag-sports"],"share_on_mastodon":{"url":"https:\/\/pubeurope.com\/@ro\/116639371601557832","error":""},"_links":{"self":[{"href":"https:\/\/www.europesays.com\/ro\/wp-json\/wp\/v2\/posts\/189513","targetHints":{"allow":["GET"]}}],"collection":[{"href":"https:\/\/www.europesays.com\/ro\/wp-json\/wp\/v2\/posts"}],"about":[{"href":"https:\/\/www.europesays.com\/ro\/wp-json\/wp\/v2\/types\/post"}],"author":[{"embeddable":true,"href":"https:\/\/www.europesays.com\/ro\/wp-json\/wp\/v2\/users\/2"}],"replies":[{"embeddable":true,"href":"https:\/\/www.europesays.com\/ro\/wp-json\/wp\/v2\/comments?post=189513"}],"version-history":[{"count":0,"href":"https:\/\/www.europesays.com\/ro\/wp-json\/wp\/v2\/posts\/189513\/revisions"}],"wp:featuredmedia":[{"embeddable":true,"href":"https:\/\/www.europesays.com\/ro\/wp-json\/wp\/v2\/media\/187550"}],"wp:attachment":[{"href":"https:\/\/www.europesays.com\/ro\/wp-json\/wp\/v2\/media?parent=189513"}],"wp:term":[{"taxonomy":"category","embeddable":true,"href":"https:\/\/www.europesays.com\/ro\/wp-json\/wp\/v2\/categories?post=189513"},{"taxonomy":"post_tag","embeddable":true,"href":"https:\/\/www.europesays.com\/ro\/wp-json\/wp\/v2\/tags?post=189513"}],"curies":[{"name":"wp","href":"https:\/\/api.w.org\/{rel}","templated":true}]}}