{"id":189730,"date":"2026-05-26T09:55:10","date_gmt":"2026-05-26T09:55:10","guid":{"rendered":"https:\/\/www.europesays.com\/ro\/189730\/"},"modified":"2026-05-26T09:55:10","modified_gmt":"2026-05-26T09:55:10","slug":"e-abuz-in-serviciu-patronul-fcsb-acuzatii-grave-la-adresa-stelei-in-cazul-transferului-lui-david-matei-cum-sa-coste-70-000-si-basceanu-un-milion","status":"publish","type":"post","link":"https:\/\/www.europesays.com\/ro\/189730\/","title":{"rendered":"\u201eE abuz \u00een serviciu\u201d. Patronul FCSB, acuza\u021bii grave la adresa Stelei, \u00een cazul transferului lui David Matei: \u201eCum s\u0103 coste 70.000 \u0219i B\u0103sceanu un milion?\u201d"},"content":{"rendered":"<ul class=\"bullets\">&#13;<\/p>\n<li>Gigi Becali (67 de ani) a comentat situa\u021bia lui David Matei (19 ani) \u0219i inten\u021bioneaz\u0103 s\u0103 depun\u0103 o pl\u00e2ngere penal\u0103 \u00eempotriva Stelei, club care l-a transferat la Universitatea Craiova, \u00een 2025.<\/li>\n<p>&#13;\n<\/ul>\n<p class=\"\">Patronul de la FCSB acuz\u0103 clubul c\u0103 ar fi sustras o parte din banii transferului, \u00eentruc\u00e2t suma este prea mic\u0103 comparativ cu cea pe care oltenii au pl\u0103tit-o pentru Luca B\u0103sceanu, juc\u0103tor de aceea\u0219i v\u00e2rst\u0103, \u00een aceea\u0219i perioad\u0103.<\/p>\n<p>Gigi Becali: \u201eEu zic c\u0103 acolo au fost de 5 ori mai mul\u021bi bani\u201d<\/p>\n<p class=\"\">\u201eL-am pus pe Dan Idita s\u0103 fac\u0103 pl\u00e2ngere penal\u0103 \u00eempotriva CSA Steaua. Nu am eu treab\u0103 cu Craiova. Craiova, s\u0103racii, au luat. Ce au f\u0103cut, ce nu au f\u0103cut. E treaba lor cum au luat. <\/p>\n<p class=\"\">Pl\u00e2ngere penal\u0103! Cum adic\u0103, B\u0103sceanu cost\u0103 un milion, Matei cost\u0103 70 de mii \u0219i R\u0103dulescu, \u0103la, cost\u0103 400 de mii. Acea\u0219i v\u00e2rst\u0103, mai valoros ca \u0103ia, \u0219i \u0103la cost\u0103 70 de mii. S\u0103 vedem cum e asta!<\/p>\n<p class=\"\">Au dat pe B\u0103sceanu un milion? Au dat 400 de mii pe \u0103la de la Petrolul? Mihnea R\u0103dulescu? Pe Matei c\u00e2t au dat? 70 de mii? Cum vine asta?\u00a0<\/p>\n<p class=\"\">(n.r. \u2013 a f\u0103cut CSA \u0219mecherii?)\u00a0Nu \u0219tiu. Dac\u0103 e adev\u0103rat\u0103 suma, eu zic c\u0103 e suspiciune c\u0103 au luat ei, comandan\u021bii. Nu \u0219tiu cine. Trebuie v\u0103zut. Cine, ce, cum. Eu zic c\u0103 acolo au fost de 5 ori mai mul\u021bi bani.<\/p>\n<p class=\"\">Eu nu am treab\u0103 cu Craiova. Eu am treab\u0103 cu CSA, care e institu\u021bie public\u0103, de stat, \u0219i care trebuia s\u0103 fac\u0103 licita\u021bie. Trebuia s\u0103 zic\u0103: \u00abUite, \u00eel vindem pe Matei, e \u00een patrimoniu, conform ANAF e activ necorporal\u00bb. Trebuia scos la licita\u021bie. Ei a\u0219a trebuie s\u0103 v\u00e2nd\u0103, prin licita\u021bie. Au f\u0103cut evaluare s\u0103 \u00eel dea cu 70 de mii?<\/p>\n<p class=\"\">Ei sunt unitate militar\u0103. Cum vinzi din patrimoniul unit\u0103\u021bii pe unul cu 70 de mii \u0219i al\u021bii cu 1 milion?\u201d, a declarat Gigi Becali, potrivit <a href=\"https:\/\/www.fanatik.ro\/bomba-patronul-lui-fcsb-face-plangere-penala-impotriva-csa-steaua-cum-sa-coste-matei-de-la-craiova-70-000-de-euro-si-basceanu-un-milion-21477471\" target=\"_blank\" rel=\"noreferrer noopener nofollow\">fanatik.ro<\/a>.<\/p>\n<p class=\"\">\u00centrebat dac\u0103 transferul ar putea fi anulat \u00een cazul \u00een care pl\u00e2ngerea va fi acceptat\u0103, Becali a transmis:<\/p>\n<p class=\"\">\u201eNu, nu. Acolo e prejudiciu, abuz \u00een serviciu, neglijen\u021b\u0103 \u00een serviciu.<\/p>\n<p class=\"\">Nu po\u021bi s\u0103 demonstrezi. Dac\u0103 s-a dat, nu s-a dat e problema lor. Nu po\u021bi demonstra. Dar faptul c\u0103 B\u0103sceanu e 1 milion \u0219i Matei e 70 de mii, e abuz \u00een serviciu\u201d. <\/p>\n<p>36 de apari\u021bii<\/p>\n<p>a bifat David Matei pentru Craiova, \u00een toate competi\u021biile, reu\u0219ind 5 goluri \u0219i dou\u0103 pase decisive<\/p>\n<p>Cite\u0219te \u0219i<\/p>\n<p>VIDEO: cele mai noi imagini din sport<\/p>\n","protected":false},"excerpt":{"rendered":"&#13; Gigi Becali (67 de ani) a comentat situa\u021bia lui David Matei (19 ani) \u0219i inten\u021bioneaz\u0103 s\u0103 depun\u0103&hellip;\n","protected":false},"author":2,"featured_media":189731,"comment_status":"","ping_status":"","sticky":false,"template":"","format":"standard","meta":{"footnotes":"","_share_on_mastodon":"0"},"categories":[5],"tags":[32,33,31,2366,574,269,36,37,196,27,34,35,25,41,40,38,39,2582,26,28,29,30,379],"class_list":["post-189730","post","type-post","status-publish","format-standard","has-post-thumbnail","category-titluri","tag-breaking-news","tag-breakingnews","tag-cele-mai-populare-subiecte","tag-csa-steaua","tag-david-matei","tag-fcsb","tag-featured-news","tag-featurednews","tag-gigi-becali","tag-headlines","tag-latest-news","tag-latestnews","tag-news","tag-ro","tag-romana","tag-romania","tag-romanian","tag-steaua-bucuresti","tag-stiri","tag-titluri","tag-top-stories","tag-topstories","tag-transfer"],"share_on_mastodon":{"url":"https:\/\/pubeurope.com\/@ro\/116640279754679061","error":""},"_links":{"self":[{"href":"https:\/\/www.europesays.com\/ro\/wp-json\/wp\/v2\/posts\/189730","targetHints":{"allow":["GET"]}}],"collection":[{"href":"https:\/\/www.europesays.com\/ro\/wp-json\/wp\/v2\/posts"}],"about":[{"href":"https:\/\/www.europesays.com\/ro\/wp-json\/wp\/v2\/types\/post"}],"author":[{"embeddable":true,"href":"https:\/\/www.europesays.com\/ro\/wp-json\/wp\/v2\/users\/2"}],"replies":[{"embeddable":true,"href":"https:\/\/www.europesays.com\/ro\/wp-json\/wp\/v2\/comments?post=189730"}],"version-history":[{"count":0,"href":"https:\/\/www.europesays.com\/ro\/wp-json\/wp\/v2\/posts\/189730\/revisions"}],"wp:featuredmedia":[{"embeddable":true,"href":"https:\/\/www.europesays.com\/ro\/wp-json\/wp\/v2\/media\/189731"}],"wp:attachment":[{"href":"https:\/\/www.europesays.com\/ro\/wp-json\/wp\/v2\/media?parent=189730"}],"wp:term":[{"taxonomy":"category","embeddable":true,"href":"https:\/\/www.europesays.com\/ro\/wp-json\/wp\/v2\/categories?post=189730"},{"taxonomy":"post_tag","embeddable":true,"href":"https:\/\/www.europesays.com\/ro\/wp-json\/wp\/v2\/tags?post=189730"}],"curies":[{"name":"wp","href":"https:\/\/api.w.org\/{rel}","templated":true}]}}