{"id":190691,"date":"2026-05-27T12:41:07","date_gmt":"2026-05-27T12:41:07","guid":{"rendered":"https:\/\/www.europesays.com\/ro\/190691\/"},"modified":"2026-05-27T12:41:07","modified_gmt":"2026-05-27T12:41:07","slug":"nvidia-vera-procesorul-ai-bate-amd-epyc-si-intel-xeon-in-teste","status":"publish","type":"post","link":"https:\/\/www.europesays.com\/ro\/190691\/","title":{"rendered":"Nvidia Vera: procesorul AI bate AMD EPYC \u0219i Intel Xeon \u00een teste"},"content":{"rendered":"<p>Procesorul Vera de la NVIDIA, cu 88 de nuclee Olympus Arm, dep\u0103\u0219e\u0219te performan\u021bele procesoarelor AMD EPYC \u0219i Intel Xeon \u00een primele teste de performan\u021b\u0103. Noul cip ofer\u0103 o cre\u0219tere impresionant\u0103 a performan\u021bei de 63% fa\u021b\u0103 de procesorul Grace.<\/p>\n<p>Nvidia Vera aduce performan\u021be pentru AI<\/p>\n<p>NVIDIA a anun\u021bat recent c\u0103 procesoarele sale Vera sunt \u00een plin\u0103 produc\u021bie, livr\u00e2nd personal primele rack-uri de <a href=\"https:\/\/www.connect.ro\/2026\/02\/19\/nvidia-pregateste-lansarea-unui-nou-cip-pentru-ai\/\" target=\"_blank\" rel=\"nofollow noopener\">procesoare<\/a> c\u0103tre firme importante de inteligen\u021b\u0103 artificial\u0103, precum OpenAI, SpaceX, Anthropic \u0219i Oracle. Vera este o component\u0103 fundamental\u0103 a ecosistemului Extreme Co-Design care alimenteaz\u0103 platforma Rubin, dar odat\u0103 cu Vera, NVIDIA intr\u0103 pentru prima dat\u0103 pe o pia\u021b\u0103 nou\u0103: produc\u021bia de CPU-uri.<\/p>\n<p><a href=\"https:\/\/www.europesays.com\/ro\/wp-content\/uploads\/2026\/05\/NVIDIA-Vera-Test-Phoronix-_2-728x462-1.webp\"><img fetchpriority=\"high\" decoding=\"async\" src=\"https:\/\/www.europesays.com\/ro\/wp-content\/uploads\/2026\/05\/NVIDIA-Vera-Test-Phoronix-_2-728x462-1.webp\" alt=\"Nvidia Vera\" width=\"728\" height=\"462\" class=\"aligncenter size-full wp-image-454933\"  \/><\/a><\/p>\n<p>Procesorul bazat pe ARM are 88 de nuclee Olympus personalizate \u0219i este preg\u0103tit s\u0103 ofere \u00eembun\u0103t\u0103\u021biri majore, NVIDIA promi\u021b\u00e2nd o performan\u021b\u0103 cu 50% mai bun\u0103, dublul performan\u021bei per watt (eficien\u021b\u0103) \u0219i de patru ori mai mult\u0103 densitate per rack fa\u021b\u0103 de procesoarele x86 tradi\u021bionale. Este un procesor special conceput pentru domeniile Agentic AI \u0219i Inference.<\/p>\n<p>Acum, <a href=\"https:\/\/www.phoronix.com\/review\/nvidia-vera-benchmarks\" target=\"_blank\" rel=\"nofollow noopener\">Phoronix<\/a> a publicat primele teste de performan\u021b\u0103 ale procesorului Vera de la NVIDIA, care demonstreaz\u0103 un salt semnificativ \u00een performan\u021b\u0103.<\/p>\n<p>\u00cen media geometric\u0103 a tuturor rezultatelor testelor, procesorul NVIDIA Vera cu 88 de nuclee Olympus a fost cu 63% mai rapid dec\u00e2t predecesorul s\u0103u, procesorul Grace cu 72 de nuclee. Procesorul a fost, de asemenea, cu 10% mai rapid dec\u00e2t EPYC 9575F de la AMD, care are un total de 64 de nuclee \u201eZen 5\u201d tactate la 5 GHz, dep\u0103\u0219ind cu 55% Intel Xeon 6980P, un cip cu 128 de nuclee bazat pe familia Granite Rapids.<\/p>\n<p><a href=\"https:\/\/www.europesays.com\/ro\/wp-content\/uploads\/2026\/05\/NVIDIA-Vera-Test-Phoronix-_3-728x545-1.jpg.webp\"><img decoding=\"async\" src=\"https:\/\/www.europesays.com\/ro\/wp-content\/uploads\/2026\/05\/NVIDIA-Vera-Test-Phoronix-_3-728x545-1.jpg.webp\" alt=\"\" width=\"728\" height=\"545\" class=\"aligncenter size-full wp-image-454934\"   loading=\"lazy\"\/><\/a><\/p>\n<p>Concluzia Phoronix afirm\u0103 c\u0103 acesta este \u201ecel mai performant procesor ARM Linux pentru servere\u201d pe care l-au testat vreodat\u0103. Privind \u00een perspectiv\u0103, procesoarele NVIDIA Vera se vor confrunta cu o concuren\u021b\u0103 acerb\u0103 sub forma noului procesor EPYC Venice de genera\u021bie urm\u0103toare de la AMD, bazat pe arhitectura de baz\u0103 Zen 6, care este deja \u00een produc\u021bie de mas\u0103 \u0219i preg\u0103tit pentru o lansare \u00een a doua jum\u0103tate a anului 2026. Intel \u00ee\u0219i preg\u0103te\u0219te platforma Diamond Rapids, \u00een timp ce Qualcomm \u0219i Arm lucreaz\u0103, de asemenea, la propriile procesoare specifice centrelor de date pentru cursa Agentic AI.<\/p>\n","protected":false},"excerpt":{"rendered":"Procesorul Vera de la NVIDIA, cu 88 de nuclee Olympus Arm, dep\u0103\u0219e\u0219te performan\u021bele procesoarelor AMD EPYC \u0219i Intel&hellip;\n","protected":false},"author":2,"featured_media":190692,"comment_status":"","ping_status":"","sticky":false,"template":"","format":"standard","meta":{"footnotes":"","_share_on_mastodon":"0"},"categories":[16],"tags":[1129,54201,54202,179,126,54203,41,40,38,39,141,124],"class_list":["post-190691","post","type-post","status-publish","format-standard","has-post-thumbnail","category-tehnologie","tag-ai","tag-amd-epyc","tag-intel-xeon","tag-inteligenta-artificiala","tag-nvidia","tag-nvidia-vera","tag-ro","tag-romana","tag-romania","tag-romanian","tag-technology","tag-tehnologie"],"share_on_mastodon":{"url":"https:\/\/pubeurope.com\/@ro\/116646594675994385","error":""},"_links":{"self":[{"href":"https:\/\/www.europesays.com\/ro\/wp-json\/wp\/v2\/posts\/190691","targetHints":{"allow":["GET"]}}],"collection":[{"href":"https:\/\/www.europesays.com\/ro\/wp-json\/wp\/v2\/posts"}],"about":[{"href":"https:\/\/www.europesays.com\/ro\/wp-json\/wp\/v2\/types\/post"}],"author":[{"embeddable":true,"href":"https:\/\/www.europesays.com\/ro\/wp-json\/wp\/v2\/users\/2"}],"replies":[{"embeddable":true,"href":"https:\/\/www.europesays.com\/ro\/wp-json\/wp\/v2\/comments?post=190691"}],"version-history":[{"count":0,"href":"https:\/\/www.europesays.com\/ro\/wp-json\/wp\/v2\/posts\/190691\/revisions"}],"wp:featuredmedia":[{"embeddable":true,"href":"https:\/\/www.europesays.com\/ro\/wp-json\/wp\/v2\/media\/190692"}],"wp:attachment":[{"href":"https:\/\/www.europesays.com\/ro\/wp-json\/wp\/v2\/media?parent=190691"}],"wp:term":[{"taxonomy":"category","embeddable":true,"href":"https:\/\/www.europesays.com\/ro\/wp-json\/wp\/v2\/categories?post=190691"},{"taxonomy":"post_tag","embeddable":true,"href":"https:\/\/www.europesays.com\/ro\/wp-json\/wp\/v2\/tags?post=190691"}],"curies":[{"name":"wp","href":"https:\/\/api.w.org\/{rel}","templated":true}]}}