{"id":191118,"date":"2026-05-27T23:09:12","date_gmt":"2026-05-27T23:09:12","guid":{"rendered":"https:\/\/www.europesays.com\/ro\/191118\/"},"modified":"2026-05-27T23:09:12","modified_gmt":"2026-05-27T23:09:12","slug":"contre-cu-sotia-la-roland-garros-video-daniil-medvedev-schimb-de-replici-aprins-in-timpul-meciului-continua-seria-neagra-de-la-paris","status":"publish","type":"post","link":"https:\/\/www.europesays.com\/ro\/191118\/","title":{"rendered":"Contre cu so\u021bia la Roland Garros.\u00a0VIDEO. Daniil Medvedev, schimb de replici aprins \u00een timpul meciului \u00bb Continu\u0103 seria neagr\u0103 de la Paris"},"content":{"rendered":"<ul class=\"bullets\">&#13;<\/p>\n<li>Daniil Medvedev (30 de ani, #7 ATP) a avut un schimb de replici tensionat cu so\u021bia sa, Daria, \u00een timpul meciului din turul 1 de la Roland Garros.<\/li>\n<p>&#13;<br \/>\n&#13;<\/p>\n<li>Mar\u021bi, rusul a pierdut surprinz\u0103tor cu Adam Walton (27 de ani, #97 ATP). A fost a \u0219aptea eliminare suferit\u0103 de Medvedev \u00een primul tur din 10 particip\u0103ri la Roland Garros!<\/li>\n<p>&#13;\n<\/ul>\n<p><a class=\"google-favorite\" target=\"_blank\" href=\"https:\/\/www.google.com\/preferences\/source?q=golazo.ro\" rel=\"nofollow noopener\"><\/p>\n<p>        <img decoding=\"async\" src=\"https:\/\/golazo.ro\/images\/google-logo.svg\" alt=\"\"\/><br \/>\n        <img decoding=\"async\" src=\"https:\/\/golazo.ro\/images\/check-icon-2.svg\" alt=\"\"\/><\/p>\n<p>    Adaug\u0103 GOLAZO.ro la favorite<\/p>\n<p><\/a><\/p>\n<p class=\"\">Adam Walton l-a \u00eenvins pe Daniil Medvedev cu scorul de 6-2, 1-6, 6-1, 1-6, 6-4, la cap\u0103tul unei partide care a durat 3 ore \u0219i 23 de minute.<\/p>\n<p>VIDEO. Daniil Medvedev s-a certat cu so\u021bia \u00een timpul meciului de la Roland Garros<\/p>\n<p class=\"\">Daniil Medvedev este cunoscut pentru ie\u0219irile sale nervoase din timpul meciurilor de tenis. Un astfel de episod a avut loc \u0219i mar\u021bi, \u00een timpul partidei cu Adam Walton.<\/p>\n<p class=\"\">De aceast\u0103 dat\u0103, sportivul rus a avut un schimb de replici aprins cu so\u021bia sa, Daria, care se afla \u00een tribune. Aceasta s-ar fi s\u0103turat de faptul c\u0103 Daniil se tot pl\u00e2ngea de-a lungul partidei \u0219i i-a repro\u0219at:<\/p>\n<p class=\"\">\u201eE cald pentru toat\u0103 lumea, to\u021bi suferim din cauza asta. Comport\u0103-te normal!\u201d. R\u0103spunsul lui Medvedev pentru so\u021bia sa nu a \u00eent\u00e2rziat s\u0103 apar\u0103: \u201eO s\u0103 m\u0103 comport a\u0219a c\u00e2nd o s\u0103 simt mai bine terenul\u201d, a spus rusul, citat de <a target=\"_blank\" href=\"https:\/\/www.mundodeportivo.com\/tenis\/roland-garros\/20260526\/1004188051\/bronca-publico-medvedev-esposa-roland-garros.html\" rel=\"nofollow noopener\">mundodeportivo.com<\/a>.<\/p>\n<p class=\"\">Frustrat din cauza evolu\u021biei sale, sportivul de pe locul 7 mondial a avut o reac\u021bie nervoas\u0103 \u0219i la adresa adversarului s\u0103u: \u201ePoate \u00eencetezi s\u0103 mai trimi\u021bi primul serviciu pe linie\u201d.<\/p>\n<p class=\"\">So\u021bia sa nu s-a putut ab\u021bine \u0219i l-a ironizat: \u201eN-a dat niciun prim serviciu pe linie p\u00e2n\u0103 acum \u00een tot meciul\u201d.<\/p>\n<p class=\"\"><a target=\"_blank\" href=\"https:\/\/golazo.ro\/daniil-medvedev-nervi-racheta-matteo-berrettini-atp-monte-carlo-170345\" rel=\"nofollow noopener\">Ultima ie\u0219ire nervoas\u0103 a lui Daniil Medvedev<\/a> a fost \u00een luna aprilie, la turneul de la Monte Carlo. Atunci, rusul a avut o criz\u0103 de nervi \u00een meciul cu Matteo Berrettini, pierdut drastic cu 0-6, 0-6.<\/p>\n<p class=\"\">Dup\u0103 ce a pierdut al optulea game la r\u00e2nd (0-6, 0-2), Medvedev a \u00eenceput s\u0103-\u0219i loveasc\u0103 racheta de p\u0103m\u00e2nt, \u00een timp ce arbitrul de scaun a\u0219tepta ca accesul de furie s\u0103 ia sf\u00e2r\u0219it.<\/p>\n<p class=\"\">Dup\u0103 aproximativ 40 de secunde, Medvedev a aruncat racheta distrus\u0103 la co\u0219ul de gunoi \u0219i s-a \u00eentors pe banca sa, unde a fost \u00een continuare nervos.<\/p>\n<p>    <img decoding=\"async\" src=\"https:\/\/www.europesays.com\/ro\/wp-content\/uploads\/2026\/05\/daniil-medvedev-racheta-monte-carlo-12-custom.jpg\" alt=\"Daniil Medvedev, criz\u0103 de nervi la ATP Monte Carlo (FOTO: captur\u0103 video x.com)\" data-blur=\"https:\/\/www.europesays.com\/ro\/wp-content\/uploads\/2026\/05\/daniil-medvedev-racheta-monte-carlo-12-custom.jpg\" width=\"684\" height=\"879\" class=\"blur\" loading=\"lazy\"\/><\/p>\n<p>            <img decoding=\"async\" src=\"https:\/\/www.europesays.com\/ro\/wp-content\/uploads\/2026\/05\/1779923352_307_daniil-medvedev-racheta-monte-carlo-12-custom.jpg\" loading=\"lazy\" alt=\"Daniil Medvedev, criz\u0103 de nervi la ATP Monte Carlo (FOTO: captur\u0103 video x.com)\" width=\"684\" height=\"879\"\/><\/p>\n<p>        Galerie foto (17 imagini)<\/p>\n<p>                    <a href=\"https:\/\/golazo.ro\/daniil-medvedev-criza-de-nervi-la-atp-monte-carlo-foto-captura-video-xcom-170348-g1?articleSource=175398\" class=\"gallery-link\" aria-label=\"Show gallery\" rel=\"nofollow noopener\" target=\"_blank\"><\/p>\n<p>                +17 Foto<br \/>\n            <\/a><\/p>\n<p>    <a href=\"https:\/\/golazo.ro\/daniil-medvedev-criza-de-nervi-la-atp-monte-carlo-foto-captura-video-xcom-170348-g1\/daniil-medvedev-criza-de-nervi-la-atp-monte-carlo-foto-captura-video-xcom-416614?articleSource=175398\" class=\"link\" rel=\"nofollow noopener\" target=\"_blank\">labels.photo-gallery<\/a><\/p>\n<p class=\"\">Gra\u021bie succesului surprinz\u0103tor \u00eempotriva lui Daniil Medvedev, Adam Walton s-a calificat \u00een turul 2 la Roland Garros, acolo unde va da peste Zachary Svajda (23 de ani, #80 ATP).<\/p>\n<p class=\"\">Pentru Medvedev continu\u0103 seria neagr\u0103 la Roland Garros. Din totalul de 10 particip\u0103ri, rusul a fost eliminat de 7 ori \u00een primul tur al turneului de Grand Slam.<\/p>\n<blockquote class=\"twitter-tweet\">\n<p lang=\"en\" dir=\"ltr\">Wow.<\/p>\n<p>Adam Walton comes back from 2-4 down in the 5th set to beat Daniil Medvedev 6-2, 1-6, 6-1, 1-6, 6-4 and reach the 2nd round.<\/p>\n<p>That\u2019s the SEVENTH TIME Medvedev loses in the first round of <a href=\"https:\/\/twitter.com\/hashtag\/RolandGarros?src=hash&amp;ref_src=twsrc%5Etfw\" rel=\"nofollow noopener\" target=\"_blank\">#RolandGarros<\/a>. <a href=\"https:\/\/t.co\/3AmZ4vmJl9\" rel=\"nofollow\">pic.twitter.com\/3AmZ4vmJl9<\/a><\/p>\n<p>\u2014 Jos\u00e9 Morgado (@josemorgado) <a href=\"https:\/\/twitter.com\/josemorgado\/status\/2059251881793212425?ref_src=twsrc%5Etfw\" rel=\"nofollow noopener\" target=\"_blank\">May 26, 2026<\/a><\/p><\/blockquote>\n<p>Daniil Medvedev: \u201eM-am sim\u021bit bine \u00een c\u0103ldur\u0103\u201d<\/p>\n<p class=\"\">La finalul partidei, Daniil Medvedev a vorbit despre presta\u021bia sa slab\u0103 \u0219i a negat faptul c\u0103 a fost afectat de c\u0103ldura sufocant\u0103 din Fran\u021ba.<\/p>\n<p class=\"\">\u201eNu a fost un meci u\u0219or, nu am jucat cel mai bun tenis al meu. El a avut momente foarte bune \u0219i altele mai slabe, iar eu am profitat atunci c\u00e2nd nivelul lui a sc\u0103zut. Doar c\u0103 nu am reu\u0219it s\u0103 \u00eemi ridic suficient nivelul pentru a c\u00e2\u0219tiga meciul. <\/p>\n<p class=\"\">Nu vreau s\u0103 g\u0103sesc scuze. \u0218tiu de ce nu joc de obicei cel mai bun tenis al meu la Roland Garros, dar dac\u0103 a\u0219 spune asta, ar p\u0103rea o scuz\u0103. A\u0219a c\u0103 prefer s\u0103 p\u0103strez pentru mine.<\/p>\n<p class=\"\">Nu, nu cred (n.r. c\u0103 temperaturile ridicate l-au afectat). M-am sim\u021bit bine \u00een c\u0103ldur\u0103. Evident c\u0103 nu este u\u0219or pentru nimeni s\u0103 joace \u00een asemenea condi\u021bii, dar eu m-am sim\u021bit bine. <\/p>\n<p class=\"\">\u00cen setul cinci \u00eenc\u0103 alergam am\u00e2ndoi f\u0103r\u0103 probleme, nimeni nu a avut crampe sau ceva de genul acesta. Nu cred c\u0103 vremea a influen\u021bat meciul\u201d, a declarat Daniile Medvedev, conform <a target=\"_blank\" href=\"https:\/\/www.eurosport.ro\/tenis\/roland-garros-2\/2026\/eliminat-in-turul-1-de-la-roland-garros-medvedev-da-vina-pe-tenisul-modern-in-ultimii-5-ani_sto23303474\/story.shtml\" rel=\"nofollow noopener\">eurosport.ro<\/a>.<\/p>\n<blockquote class=\"quote\"><p>\n    Fiecare turneu are alte terenuri, alte mingi \u0219i alte condi\u021bii. \u00cen plus, \u0219i eu pot fi diferit de la o zi la alta. Nu \u00eemi place s\u0103 m\u0103 trezesc devreme \u0219i, de obicei, joc mai slab c\u00e2nd m\u0103 ridic la 6:15 diminea\u021ba. \u00cemi place s\u0103 dorm mai mult. \u00cen tenis trebuie s\u0103 te adaptezi, iar uneori nu sunt suficient de bun la asta. Daniil Medvedev, locul 7 ATP\n<\/p><\/blockquote>\n<p>Cite\u0219te \u0219i<\/p>\n<p>VIDEO: cele mai noi imagini din sport<\/p>\n<p><script async src=\"https:\/\/platform.twitter.com\/widgets.js\" charset=\"utf-8\"><\/script><\/p>\n","protected":false},"excerpt":{"rendered":"&#13; Daniil Medvedev (30 de ani, #7 ATP) a avut un schimb de replici tensionat cu so\u021bia sa,&hellip;\n","protected":false},"author":2,"featured_media":191119,"comment_status":"","ping_status":"","sticky":false,"template":"","format":"standard","meta":{"footnotes":"","_share_on_mastodon":"0"},"categories":[20],"tags":[54326,8623,41,1803,40,38,39,185,184,8913],"class_list":["post-191118","post","type-post","status-publish","format-standard","has-post-thumbnail","category-sport","tag-adam-walton","tag-daniil-medvedev","tag-ro","tag-roland-garros","tag-romana","tag-romania","tag-romanian","tag-sport","tag-sports","tag-tensiuni"],"share_on_mastodon":{"url":"https:\/\/pubeurope.com\/@ro\/116649064321296323","error":""},"_links":{"self":[{"href":"https:\/\/www.europesays.com\/ro\/wp-json\/wp\/v2\/posts\/191118","targetHints":{"allow":["GET"]}}],"collection":[{"href":"https:\/\/www.europesays.com\/ro\/wp-json\/wp\/v2\/posts"}],"about":[{"href":"https:\/\/www.europesays.com\/ro\/wp-json\/wp\/v2\/types\/post"}],"author":[{"embeddable":true,"href":"https:\/\/www.europesays.com\/ro\/wp-json\/wp\/v2\/users\/2"}],"replies":[{"embeddable":true,"href":"https:\/\/www.europesays.com\/ro\/wp-json\/wp\/v2\/comments?post=191118"}],"version-history":[{"count":0,"href":"https:\/\/www.europesays.com\/ro\/wp-json\/wp\/v2\/posts\/191118\/revisions"}],"wp:featuredmedia":[{"embeddable":true,"href":"https:\/\/www.europesays.com\/ro\/wp-json\/wp\/v2\/media\/191119"}],"wp:attachment":[{"href":"https:\/\/www.europesays.com\/ro\/wp-json\/wp\/v2\/media?parent=191118"}],"wp:term":[{"taxonomy":"category","embeddable":true,"href":"https:\/\/www.europesays.com\/ro\/wp-json\/wp\/v2\/categories?post=191118"},{"taxonomy":"post_tag","embeddable":true,"href":"https:\/\/www.europesays.com\/ro\/wp-json\/wp\/v2\/tags?post=191118"}],"curies":[{"name":"wp","href":"https:\/\/api.w.org\/{rel}","templated":true}]}}