{"id":192463,"date":"2026-05-29T15:09:17","date_gmt":"2026-05-29T15:09:17","guid":{"rendered":"https:\/\/www.europesays.com\/ro\/192463\/"},"modified":"2026-05-29T15:09:17","modified_gmt":"2026-05-29T15:09:17","slug":"200-000-de-euro-pentru-romanii-care-se-intorc-in-tara-si-pornesc-o-afacere-romania-trebuie-sa-si-rascumpere-persoanele-pregatite-pe-care-le-a-pierdut-ne-lipsesc-specialistii","status":"publish","type":"post","link":"https:\/\/www.europesays.com\/ro\/192463\/","title":{"rendered":"200.000 de euro pentru rom\u00e2nii care se \u00eentorc \u00een \u021bar\u0103 \u0219i pornesc o afacere: \u201dRom\u00e2nia trebuie s\u0103-\u0219i r\u0103scumpere persoanele preg\u0103tite pe care le-a pierdut. Ne lip\u00adsesc speciali\u0219tii\u201d"},"content":{"rendered":"<p><a class=\"news__image\" data-href=\"https:\/\/s2.ziareromania.ro\/?mmid=e067756ae33182e168\" data-size=\"837x578\" title=\"200.000 de euro pentru rom\u00e2nii care se \u00eentorc \u00een \u021bar\u0103 \u0219i pornesc o afacere: \u201dRom\u00e2nia trebuie s\u0103-\u0219i r\u0103scumpere persoanele preg\u0103tite pe care le-a pierdut. Ne lip\u00adsesc speciali\u0219tii\u201d\"><img decoding=\"async\" src=\"https:\/\/www.europesays.com\/ro\/wp-content\/uploads\/2026\/05\/200-000-de-euro-pentru-rom--nii-care-se---ntorc---n---ar-----i-pornesc-o-afacere-----Rom--nia-trebui.jpeg\" alt=\"200.000 de euro pentru rom\u00e2nii care se \u00eentorc \u00een \u021bar\u0103 \u0219i pornesc o afacere: \u201dRom\u00e2nia trebuie s\u0103-\u0219i r\u0103scumpere persoanele preg\u0103tite pe care le-a pierdut. Ne lip\u00adsesc speciali\u0219tii\u201d\" title=\"200.000 de euro pentru rom\u00e2nii care se \u00eentorc \u00een \u021bar\u0103 \u0219i pornesc o afacere: \u201dRom\u00e2nia trebuie s\u0103-\u0219i r\u0103scumpere persoanele preg\u0103tite pe care le-a pierdut. Ne lip\u00adsesc speciali\u0219tii\u201d\" class=\"img-responsive\"\/><\/a><\/p>\n<p>B\u0103rbat \u00een aeroport FOTO: Pixabay<\/p>\n<p>Rom\u00e2nia a lansat oficial programul \u201dDiaspora Investe\u0219te Acas\u0103\u201d prin care ofer\u0103 granturi de p\u00e2n\u0103 la 200.000 de euro pentru rom\u00e2nii din str\u0103in\u0103tate care deschid afaceri \u00een Rom\u00e2nia. Proiectul are un buget total \u00een valoare de 100 de milioane de euro \u0219i \u00ee\u0219i propune s\u0103 aduc\u0103 \u00eenapoi acas\u0103 rom\u00e2nii care au c\u0103p\u0103tat experien\u021b\u0103 \u00een diverse domenii \u00een afara \u021b\u0103rii \u0219i vor s\u0103 aduc\u0103 acum plus valoare comunit\u0103\u021bii din care au plecat.<\/p>\n<p>\u201dPrin acest program ne propunem s\u0103 transform\u0103m experien\u021ba profesional\u0103, competen\u021bele \u0219i resursele rom\u00e2nilor din diaspora \u00eentr-un motor de dezvoltare economic\u0103 pentru Rom\u00e2nia. Transmitem astfel un semnal c\u0103 sus\u021binem ini\u021biativa antreprenorial\u0103 \u0219i investi\u021biile realizate de rom\u00e2nii care doresc s\u0103 contribuie activ la dezvoltarea economiei na\u021bionale\u201d, a declarat ministrul interimar al Finan\u021belor, <a href=\"https:\/\/ziare.com\/alexandru-nazare\/\" title=\"Alexandru Nazare\" rel=\"nofollow noopener\" target=\"_blank\">Alexandru Nazare<\/a>.<\/p>\n<p>Pentru a accesa aceste fonduri, rom\u00e2nii trebuie s\u0103 \u00eentruneasc\u0103 mai multe criterii, printre care: de\u021binerea majoritar\u0103 a capitalului social de c\u0103tre cet\u0103\u021beni rom\u00e2ni care au avut domiciliul sau re\u0219edin\u021ba \u00een str\u0103in\u0103tate timp de minimum 12 luni consecutive \u00een ultimele 18 luni, experien\u021b\u0103 profesional\u0103 sau studii relevante de cel pu\u021bin un an \u00een domeniul \u00een care se solicit\u0103 finan\u021barea, men\u021binerea investi\u021biei \u0219i a structurii ac\u021bionariatului pentru minimum trei ani de la finalizarea proiectului \u0219i o contribu\u021bie proprie de cel pu\u021bin 10% din valoarea investi\u021biei sau de 5% \u00een cazul antreprenorilor cu v\u00e2rsta sub 35 de ani.<\/p>\n<p>Acesta nu este primul proiect prin care guvernan\u021bii \u00eencearc\u0103 s\u0103-i conving\u0103 pe rom\u00e2nii din diaspora s\u0103 revin\u0103 acas\u0103. Programul \u201dStart-up Nation\u201d include o sec\u021biune special\u0103 dedicat\u0103 rom\u00e2nilor din afara grani\u021belor care vor s\u0103 devin\u0103 antreprenori acas\u0103 \u0219i ofer\u0103 o finan\u021bare nerambursabil\u0103 cuprins\u0103 \u00eentre 100.000 \u0219i 200.000 de lei pentru rom\u00e2nii care deschid o firm\u0103 \u00een Rom\u00e2nia \u0219i creeaz\u0103 locuri de munc\u0103.<\/p>\n<p>De asemenea, Departamentul pentru Rom\u00e2nii de Pretutindeni desf\u0103\u0219oar\u0103 \u00een fiecare an programare de finan\u021bare pe educa\u021bie, cultur\u0103, sport, comunitate, spiritualitate, mass-media \u0219i societate civil\u0103.<\/p>\n<p>\u201dNu trebuie s\u0103 vindem rom\u00e2nilor din diaspora doar o sum\u0103 de bani, ci un concept\u201d<\/p>\n<p>La prima vedere, proiectul anun\u021bat zilele acestea este mai mult dec\u00e2t binevenit, av\u00e2nd \u00een vedere c\u0103 datele INS din luna februarie 2026 ne-au ar\u0103tat c\u0103 \u021bara a pierdut peste 4 milioane de cet\u0103\u021beni \u00een ultimii 35 de ani. Marius Luican, antreprenor \u0219i expert \u00een analiz\u0103 de pia\u021b\u0103, a explicat pentru Ziare.com c\u0103, de\u0219i ini\u021biativa este una cu poten\u021bial extrem de benefic pentru economie, ea trebuie sus\u021binut\u0103 cu mult mai multe m\u0103suri care s\u0103 le ofere rom\u00e2nilor din diaspora mai mult dec\u00e2t un ajutor financiar.<\/p>\n<p>\u201dDe fiecare dat\u0103, guvernan\u021bii g\u00e2ndesc aceste proiecte ca pe ni\u0219te lucruri ra\u021bionale: \u201d\u00ce\u021bi dau 20.000 de euro s\u0103 vii \u00eenapoi \u00een Rom\u00e2nia\u201d. Este prost prezentat. Este o t\u00e2mpenie. Nu pui la o decizie de via\u021b\u0103 doar beneficii ra\u021bionale. Acestea trebuie s\u0103 fie determinan\u021bii finali \u0219i doar s\u0103 fac\u0103 parte din decizie. Tu trebuie s\u0103-i oferi un pachet care nu poate fi realizat dec\u00e2t \u00een parteneriat cu autorit\u0103\u021bile locale, cu posibilitatea deschiderii unui business, cu consilieri responsabili de suportul oamenilor, cu reintegrarea copiilor \u00een societate, cu biserica&#8230;e un \u00eentreg concept. Nu \u00eei vinzi omului 20.000 de euro, \u00eei vinzi un concept \u00een care \u00ee\u0219i recap\u0103t\u0103 demnitatea \u00een \u021bara sa, al\u0103turi de familia \u0219i p\u0103rin\u021bii s\u0103i. Altfel nu func\u021bioneaz\u0103\u201d, consider\u0103 antreprenorul Marius Luican.<\/p>\n<p>Antreprenorul spune c\u0103 statul rom\u00e2n trebuie s\u0103 g\u0103seasc\u0103 c\u0103ile prin care s\u0103 r\u0103spund\u0103 tuturor nevoilor care i-au f\u0103cut pe ace\u0219ti oameni s\u0103 plece din \u021bar\u0103, de la s\u0103n\u0103tate la educa\u021bie, infrastructur\u0103 \u0219i o legisla\u021bie care s\u0103 \u00eencurajeze munca cinstit\u0103.<\/p>\n<p>Este nevoie de un program de reintegrare care s\u0103 aib\u0103 \u0219i aceast\u0103 sum\u0103 de suport, nu trebuie s\u0103 fie o sum\u0103 cu care \u00eemi cump\u0103r ni\u0219te oameni \u0219i ei c\u00e2nd au ajuns aici nu au ce au nevoie. Poate s\u0103 fie f\u0103cut\u0103 \u00een jurul unor zone de dezvoltare. De exemplu, investe\u0219ti \u00eentr-un ora\u0219 ca Mizil \u00eentr-un spital, ai 2 \u0219coli \u0219i 6 licee \u0219i cau\u021bi oamenii care s\u0103 investeasc\u0103 acolo. Nu le dai ni\u0219te bani \u0219i \u00eei la\u0219i s\u0103 se descurce. Nu a\u0219a trebuie procedat, trebuie s\u0103-i oferi ni\u0219te condi\u021bii, s\u0103-i oferi unde s\u0103-\u0219i duc\u0103 copilul la \u0219coal\u0103. Avem nevoie de un concept, nu de un transfer de bani\u201d mai explic\u0103 antreprenorul.<\/p>\n<p>\u201dOdat\u0103 cu bani pe care Rom\u00e2nia vrea s\u0103-i repatrieze, va mai repatria \u0219i demografie\u201d<\/p>\n<p>Pe l\u00e2ng\u0103 num\u0103rul mare de rom\u00e2ni care s-au stabilit \u00een afara grani\u021belor \u021b\u0103rii \u00een ultimii 35 de ani, Rom\u00e2nia se confrunt\u0103 \u0219i cu o sc\u0103dere puternic\u0103 a natalit\u0103\u021bii. La \u00eenceputul lunii februarie, Institutul Na\u021bional de Statistic\u0103 confirma c\u0103 \u00een 2025 am \u00eenregistrat cel mai mic num\u0103r de na\u0219teri din ultimul secol: 145.000.<\/p>\n<p>Rom\u00e2nia nu trebuie doar s\u0103 conving\u0103 oamenii s\u0103 investeasc\u0103 aici, ci \u0219i s\u0103 tr\u0103iasc\u0103 aici, s\u0103-\u0219i educe copiii, s\u0103 se trateze \u00een spitale de la noi \u0219i s\u0103 interac\u021bioneze cu sistemul birocratic. Iar competi\u021bia este puternic\u0103 din partea celorlalte state europene.<\/p>\n<p>For\u021b\u0103 de munc\u0103 ieftin\u0103 nu mai avem, resursele sunt cele pe care le \u0219tim cu to\u021bii, nu ai motor de dezvoltare. Poate s\u0103 merite un astfel de proiect, este o decizie foarte bun\u0103 s\u0103-i stimul\u0103m financiar pe rom\u00e2nii din diaspora s\u0103 se \u00eentoarc\u0103 \u00een \u021bar\u0103. Dar acest program trebuie s\u0103 aib\u0103 \u0219i o dimensiune cultural\u0103 \u0219i cu dou\u0103 axe majore: educa\u021bie pentru copiii lor \u0219i s\u0103n\u0103tate, s\u0103 nu \u0219tie c\u0103 vine \u00een Rom\u00e2nia \u0219i moare cu zile. A\u0219a ar trebui s\u0103 arate tabloul complet\u201d, mai spune antreprenorul Marius Luican.<\/p>\n<p>Cum \u00ee\u0219i \u00eencurajeaz\u0103 alte \u021b\u0103ri cet\u0103\u021benii s\u0103 devin\u0103 antreprenorii<\/p>\n<p>Cele mai mari comunit\u0103\u021bi de rom\u00e2ni sunt \u00een Spania, Italia, Germania \u0219i Marea Britanie. Aceste state fac deja concuren\u021b\u0103 Rom\u00e2niei la \u00eencurajarea antreprenoriatului \u0219i practic, cu aceste politici trebuie s\u0103 lupte autorit\u0103\u021bile de la noi.<\/p>\n<p>De exemplu, Spania ofer\u0103 impozit pe <a href=\"https:\/\/ziare.com\/afaceri\/profit\/\" title=\"profit\" rel=\"nofollow noopener\" target=\"_blank\">profit<\/a> mai redus pentru startup-urile aflate la \u00eenceput de drum, de la 25% la 15%. Aceast\u0103 cot\u0103 redus\u0103 se aplic\u0103 pentru primul an \u00een care startup-ul \u00eenregistreaz\u0103 profit \u0219i pentru urm\u0103torii trei ani, cu condi\u021bia s\u0103-\u0219i p\u0103streze statutul de \u201d\u00eentreprindere emergent\u0103\u201d. De asemenea, startup-urile pot am\u00e2na plata impozitului pe profit \u0219i a impozitului pe venit pentru cei care nu sunt reziden\u021bi, pentru primele dou\u0103 perioade fiscale \u00een care ob\u021bin profit, f\u0103r\u0103 s\u0103 le fie ad\u0103ugate penalit\u0103\u021bi sau dob\u00e2nzi. Nu \u00een ultimul r\u00e2nd, persoanele fizice care investesc \u00een startup-uri noi pot deduce 50% din investi\u021bie din baza impozabil\u0103, cu o baz\u0103 maxim\u0103 de deducere crescut\u0103 la 100.000 de euro pe an.<\/p>\n<p>Italia ofer\u0103 chiar deduceri de 65% din impozitul pe venit pentru cei care aleg s\u0103 investeasc\u0103 \u00eentr-un startup, indiferent c\u0103 sunt persoane fizice sau juridice. De asemenea, \u021bara ofer\u0103 \u00eemprumuturi f\u0103r\u0103 dob\u00e2nd\u0103 \u0219i, \u00een unele cazuri, granturi nerambursabile de p\u00e2n\u0103 la 80% din cheltuielile cu \u00eenfiin\u021barea unui startup, dac\u0103 suma este cuprins\u0103 \u00eentre 100.000 \u0219i 1,5 milioane de euro.<\/p>\n<p>\u021ai-a pl\u0103cut articolul?<\/p>\n<p> Vrem s\u0103 producem mai multe, \u00eens\u0103 avem nevoie de sus\u021binerea ta. Orice dona\u021bie conteaz\u0103 pentru jurnalismul independent <\/p>\n","protected":false},"excerpt":{"rendered":"B\u0103rbat \u00een aeroport FOTO: Pixabay Rom\u00e2nia a lansat oficial programul \u201dDiaspora Investe\u0219te Acas\u0103\u201d prin care ofer\u0103 granturi de&hellip;\n","protected":false},"author":2,"featured_media":192464,"comment_status":"","ping_status":"","sticky":false,"template":"","format":"standard","meta":{"footnotes":"","_share_on_mastodon":"0"},"categories":[5],"tags":[6664,54675,32,33,31,6700,4764,36,37,27,34,35,13215,25,41,40,38,39,54674,26,28,29,30],"class_list":["post-192463","post","type-post","status-publish","format-standard","has-post-thumbnail","category-titluri","tag-afaceri-romania","tag-antreprenori-tineri","tag-breaking-news","tag-breakingnews","tag-cele-mai-populare-subiecte","tag-diaspora","tag-educatie","tag-featured-news","tag-featurednews","tag-headlines","tag-latest-news","tag-latestnews","tag-natalitate","tag-news","tag-ro","tag-romana","tag-romania","tag-romanian","tag-start-up-nation","tag-stiri","tag-titluri","tag-top-stories","tag-topstories"],"share_on_mastodon":{"url":"https:\/\/pubeurope.com\/@ro\/116658501624094050","error":""},"_links":{"self":[{"href":"https:\/\/www.europesays.com\/ro\/wp-json\/wp\/v2\/posts\/192463","targetHints":{"allow":["GET"]}}],"collection":[{"href":"https:\/\/www.europesays.com\/ro\/wp-json\/wp\/v2\/posts"}],"about":[{"href":"https:\/\/www.europesays.com\/ro\/wp-json\/wp\/v2\/types\/post"}],"author":[{"embeddable":true,"href":"https:\/\/www.europesays.com\/ro\/wp-json\/wp\/v2\/users\/2"}],"replies":[{"embeddable":true,"href":"https:\/\/www.europesays.com\/ro\/wp-json\/wp\/v2\/comments?post=192463"}],"version-history":[{"count":0,"href":"https:\/\/www.europesays.com\/ro\/wp-json\/wp\/v2\/posts\/192463\/revisions"}],"wp:featuredmedia":[{"embeddable":true,"href":"https:\/\/www.europesays.com\/ro\/wp-json\/wp\/v2\/media\/192464"}],"wp:attachment":[{"href":"https:\/\/www.europesays.com\/ro\/wp-json\/wp\/v2\/media?parent=192463"}],"wp:term":[{"taxonomy":"category","embeddable":true,"href":"https:\/\/www.europesays.com\/ro\/wp-json\/wp\/v2\/categories?post=192463"},{"taxonomy":"post_tag","embeddable":true,"href":"https:\/\/www.europesays.com\/ro\/wp-json\/wp\/v2\/tags?post=192463"}],"curies":[{"name":"wp","href":"https:\/\/api.w.org\/{rel}","templated":true}]}}