{"id":195847,"date":"2026-06-03T06:34:12","date_gmt":"2026-06-03T06:34:12","guid":{"rendered":"https:\/\/www.europesays.com\/ro\/195847\/"},"modified":"2026-06-03T06:34:12","modified_gmt":"2026-06-03T06:34:12","slug":"guvernul-anunta-cresteri-de-salarii-profesorii-700-lei-medic-primar","status":"publish","type":"post","link":"https:\/\/www.europesays.com\/ro\/195847\/","title":{"rendered":"Guvernul anun\u021b\u0103 cre\u0219teri de salarii: profesorii &#8211; 700 lei, medic primar"},"content":{"rendered":"<p>\n                    Noua lege a salariz\u0103rii a fost pus\u0103 \u00een dezbatere puiblic\u0103. \u00cen acest moment, ministrul Muncii, Drago\u0219 P\u00eeslaru, are negocieri cu sindicatele. Profesorii, medicii au anun\u021bat proteste, de\u0219i unii dintre ei ar lua bani \u00een plus. Grefierii \u0219i judec\u0103torii sunt pe minus.\n                <\/p>\n<p>Se preg\u0103te\u0219te o nou\u0103 lege a salariz\u0103rii care ar trebui s\u0103 \u00eendrepte inechit\u0103\u021bile stabilite de vechea lege a salariz\u0103rii, elaborat\u0103 \u00een 2017 \u00een mandatul de ministru al Olgu\u021bei vasilescu.<\/p>\n<p>Cite\u0219te \u0219i:\u00a0<a href=\"https:\/\/newsweek.ro\/actualitate\/sef-la-aeroportul-bucuresti-27000-lei-din-salariu-si-consilii-de-administratie-ia-si-7000-diurna\" target=\"_blank\" rel=\"noopener nofollow\">\u0218ef la Aeroportul Bucure\u0219ti: 27.000 lei din salariu \u0219i Consilii de Administra\u021bie. Ia \u0219i 7.000 diurn\u0103<\/a><\/p>\n<p>Guvernul anun\u021b\u0103 cre\u0219teri de salarii: profesorii &#8211; 700 lei, medic primar &#8211; 600 lei. Cine pierde 2.000 lei\/lun\u0103?<\/p>\n<p>Proiectul a fost pus \u00een dezbatere opublic\u0103, dar nemul\u021bumirile au ap\u0103rut imediat. Grefierii, medicii sau profesorii amenin\u021b\u0103 cu greva.<\/p>\n<p>Ministrul Muncii a ar\u0103tat c\u0103 de la punerea proiectului \u00een dezbatere public\u0103 \u201e\u00een doar c\u00e2teva zile am primit deja sute de observa\u021bii, at\u00e2t \u00een cadrul \u00eent\u00e2lnirilor, c\u00e2t \u0219i \u00een scris. Multe sunt punctuale. Altele ridic\u0103 probleme de fond care trebuie analizate \u0219i, acolo unde este cazul, corectate.<\/p>\n<p>Cite\u0219te \u0219i:\u00a0<a href=\"https:\/\/newsweek.ro\/actualitate\/angajatul-perfect-e-in-toate-consiliile-de-administratie-ale-primariei-sector-5-si-ia-340000-lei\" target=\"_blank\" rel=\"noopener nofollow\">Angajatul perfect: E \u00een toate consiliile de administra\u021bie ale Prim\u0103riei Sector 5 \u0219i ia 340.000 lei<\/a><\/p>\n<p>Am g\u0103sit probleme reale. Unele grile nu sunt \u00eenc\u0103 a\u0219ezate corect. Exist\u0103 situa\u021bii care trebuie reanalizate. Exist\u0103 solu\u021bii care trebuie ajustate. \u0218i exist\u0103 \u00eentreb\u0103ri legitime la care oamenii a\u0219teapt\u0103 r\u0103spunsuri\u201d, a spus ministrul.<\/p>\n<p>Potrivit legii salariiz\u0103rii pus\u0103 \u00een dezbatere public\u0103 exist\u0103 salarii care vor cre\u0219te. Cifrele prezentate mai jos sunt salarii brute.<\/p>\n<p>Care salarii cresc \u0219i care vor sc\u0103dea, potrivit noii legi a salariz\u0103rii?<\/p>\n<p>Exemplele de mai jos \u00a0arat\u0103 cum intervalele valorice ale salariilor lunare \u00een plat\u0103 \u00een 2026 sunt ample, din cauza sporurilor variate sau a unor major\u0103ri ale salariilor de baz\u0103.<\/p>\n<p>De asemenea, arat\u0103 cum diferen\u021bele dintre maximele \u0219i minimele intervalelor se reduc semnificativ \u00een urma reformei, ceea ce sprijin\u0103 obiectivul de echitate al reformei, arat\u0103 Ministerul Muncii.<\/p>\n<p>Salariul brut al unui profesor universitar cu 25 de ani vechime cre\u0219te de la 21.300 de lei la 22.000 de lei brut.<\/p>\n<p><img decoding=\"async\" src=\"https:\/\/www.europesays.com\/ro\/wp-content\/uploads\/2026\/06\/aHR0cHM6Ly9uZXdzd2Vlay5yby9zdG9yYWdlL211bHRpbWVkaWEvMjAyNi8wNi9KQVJFSElKZFBsanJZbDBaOEZSMVRUTFNVd2N2.webp\" alt=\"Salariu profesor universitar - Foto: Minister Munc\u0103\"\/>&#13;<br \/>\nSalariu profesor universitar &#8211; Foto: Minister Munc\u0103&#13;<\/p>\n<p>Salariul brut al unui cercet\u0103tor cre\u0219te de la 13.677 lei la 17.911 lei.<\/p>\n<p>Salariul brut al unui profesor cu studii superioare gradul I cu 25 ani vechime cre\u0219te de la 12.020 lei la 12.166 lei.<\/p>\n<p><img decoding=\"async\" src=\"https:\/\/www.europesays.com\/ro\/wp-content\/uploads\/2026\/06\/aHR0cHM6Ly9uZXdzd2Vlay5yby9zdG9yYWdlL211bHRpbWVkaWEvMjAyNi8wNi9IU1VQUWZnWnExb1pRTmFUazVrTFIyTTBieThF.webp\" alt=\"Salariu profesor - Foto: Minister Munc\u0103\"\/>&#13;<br \/>\nSalariu profesor &#8211; Foto: Minister Munc\u0103&#13;<\/p>\n<p>Salariul brut al unui\u00a0 secretar de institu\u021bie cre\u0219te de la 10.300 lei la 10.900 lei.<\/p>\n<p>Salariul brut al unui medic primar cre\u0219te de la 21.400\u00a0 lei la 22.000 lei.<\/p>\n<p><img decoding=\"async\" src=\"https:\/\/www.europesays.com\/ro\/wp-content\/uploads\/2026\/06\/aHR0cHM6Ly9uZXdzd2Vlay5yby9zdG9yYWdlL211bHRpbWVkaWEvMjAyNi8wNi9MVU1HNTJMTUwyUFJtallZWlJJS05LS3o0NVdT.webp\" alt=\"Salariu medic \u0219i judec\u0103tor - Foto: Minister Munc\u0103\"\/>&#13;<br \/>\nSalariu medic \u0219i judec\u0103tor &#8211; Foto: Minister Munc\u0103&#13;<\/p>\n<p>Salariul brut al unui asisetnt medical cre\u0219te de la 11.4200\u00a0 lei la 11.800 lei.<\/p>\n<p>Salariul brut al unui asistent social cre\u0219te de la 8.200\u00a0 lei la 10.000 lei.<\/p>\n<p>Salariul brut al unui biolog cre\u0219te de la 11.700\u00a0 lei la 11.900 lei.<\/p>\n<p>Cine pierde bani pe noua lege a salariz\u0103rii?<\/p>\n<p>Salariul brut al unui judec\u0103tor cu 5-10 ani vechime scade de la 22.900\u00a0 lei la 19.200 lei.<\/p>\n<p>Salariul brut al unui grefier cu 20 ani vechime scade de la 13.300\u00a0 lei la 10.900 lei.<\/p>\n<p>Salariul brut al unui consilier cu 20 ani vechime scade de la 12.600\u00a0 lei la 11.300 lei.<\/p>\n<p>Cre\u0219teri importante sunt pentru debutan\u021bi a\u0219a cum se vede mai jos:<\/p>\n<p><img decoding=\"async\" src=\"https:\/\/www.europesays.com\/ro\/wp-content\/uploads\/2026\/06\/aHR0cHM6Ly9uZXdzd2Vlay5yby9zdG9yYWdlL211bHRpbWVkaWEvMjAyNi8wNi9FTG1mNzF1RDJCS0NsdVllRkdkeU15Um5kM2t0.webp\" alt=\"Salarii debutan\u021bi - Foto: Arhiva\"\/>&#13;<br \/>\nSalarii debutan\u021bi &#8211; Foto: Arhiva&#13;<\/p>\n<p>Detalii despre noua lege a salariz\u0103rii g\u0103si\u021bi\u00a0<a href=\"https:\/\/mmuncii.gov.ro\/wp-content\/uploads\/2026\/05\/Reforma-salarizarii-in-sectorul-bugetar-din-Romania.pdf\" target=\"_blank\" rel=\"noopener nofollow\">AICI<\/a><\/p>\n<p>Prin noua lege s-a urm\u0103rit simplificarea cadrului legislativ, reducerea excep\u021biilor care au generat inechit\u0103\u021bi \u0219i litigii \u0219in reechilibrarea gradual\u0103 a grilelor salariale, prin prioritizarea convergen\u021bei \u00eentre nivelurile de salarizare pentru func\u021bii comparabile.<\/p>\n","protected":false},"excerpt":{"rendered":"Noua lege a salariz\u0103rii a fost pus\u0103 \u00een dezbatere puiblic\u0103. \u00cen acest moment, ministrul Muncii, Drago\u0219 P\u00eeslaru, are&hellip;\n","protected":false},"author":2,"featured_media":195848,"comment_status":"","ping_status":"","sticky":false,"template":"","format":"standard","meta":{"footnotes":"","_share_on_mastodon":"0"},"categories":[5],"tags":[32,33,31,23863,23469,36,37,55542,27,34,35,47695,7350,55541,25,2991,41,40,38,39,2951,55543,26,28,29,30],"class_list":["post-195847","post","type-post","status-publish","format-standard","has-post-thumbnail","category-titluri","tag-breaking-news","tag-breakingnews","tag-cele-mai-populare-subiecte","tag-digi24h","tag-eveniment","tag-featured-news","tag-featurednews","tag-grefier","tag-headlines","tag-latest-news","tag-latestnews","tag-legea-salarizarii","tag-medic","tag-medix","tag-news","tag-profesor","tag-ro","tag-romana","tag-romania","tag-romanian","tag-salarii","tag-salariu-profesor","tag-stiri","tag-titluri","tag-top-stories","tag-topstories"],"share_on_mastodon":{"url":"https:\/\/pubeurope.com\/@ro\/116684788222105514","error":""},"_links":{"self":[{"href":"https:\/\/www.europesays.com\/ro\/wp-json\/wp\/v2\/posts\/195847","targetHints":{"allow":["GET"]}}],"collection":[{"href":"https:\/\/www.europesays.com\/ro\/wp-json\/wp\/v2\/posts"}],"about":[{"href":"https:\/\/www.europesays.com\/ro\/wp-json\/wp\/v2\/types\/post"}],"author":[{"embeddable":true,"href":"https:\/\/www.europesays.com\/ro\/wp-json\/wp\/v2\/users\/2"}],"replies":[{"embeddable":true,"href":"https:\/\/www.europesays.com\/ro\/wp-json\/wp\/v2\/comments?post=195847"}],"version-history":[{"count":0,"href":"https:\/\/www.europesays.com\/ro\/wp-json\/wp\/v2\/posts\/195847\/revisions"}],"wp:featuredmedia":[{"embeddable":true,"href":"https:\/\/www.europesays.com\/ro\/wp-json\/wp\/v2\/media\/195848"}],"wp:attachment":[{"href":"https:\/\/www.europesays.com\/ro\/wp-json\/wp\/v2\/media?parent=195847"}],"wp:term":[{"taxonomy":"category","embeddable":true,"href":"https:\/\/www.europesays.com\/ro\/wp-json\/wp\/v2\/categories?post=195847"},{"taxonomy":"post_tag","embeddable":true,"href":"https:\/\/www.europesays.com\/ro\/wp-json\/wp\/v2\/tags?post=195847"}],"curies":[{"name":"wp","href":"https:\/\/api.w.org\/{rel}","templated":true}]}}