{"id":196974,"date":"2026-06-04T10:06:12","date_gmt":"2026-06-04T10:06:12","guid":{"rendered":"https:\/\/www.europesays.com\/ro\/196974\/"},"modified":"2026-06-04T10:06:12","modified_gmt":"2026-06-04T10:06:12","slug":"e-absurd-strigator-la-cer-ministrul-apararii-noi-detalii-despre-neregulile-grave-de-la-csa-steaua-de-doua-ori-mai-multi-colonei-decat-la-infanterie","status":"publish","type":"post","link":"https:\/\/www.europesays.com\/ro\/196974\/","title":{"rendered":"\u201eE absurd, strig\u0103tor la cer\u201d. Ministrul Ap\u0103r\u0103rii, noi detalii despre neregulile grave de la CSA Steaua: \u201eDe dou\u0103 ori mai mul\u021bi colonei dec\u00e2t la Infanterie!\u201d"},"content":{"rendered":"<ul class=\"bullets\">&#13;<\/p>\n<li>Radu Miru\u021b\u0103 (41 de ani), ministrul Ap\u0103r\u0103rii Na\u021bionale, a vorbit din nou despre neregulile grave pe care le-a descoperit \u00een cadrul clubului CSA Steaua Bucure\u0219ti.<\/li>\n<p>&#13;\n<\/ul>\n<p><a id=\"google-source-button\" class=\"google-favorite\" target=\"_blank\" href=\"https:\/\/www.google.com\/preferences\/source?q=golazo.ro\" rel=\"nofollow noopener\"><\/p>\n<p>        <img decoding=\"async\" src=\"https:\/\/golazo.ro\/images\/google-logo.svg\" alt=\"\"\/><br \/>\n        <img decoding=\"async\" src=\"https:\/\/golazo.ro\/images\/check-icon-2.svg\" alt=\"\"\/><\/p>\n<p>    Adaug\u0103 GOLAZO.ro la favorite<\/p>\n<p><\/a><\/p>\n<p class=\"\">La \u00eenceputul lunii aprilie, \u00een cadrul unei conferin\u021be de pres\u0103, <a target=\"_blank\" href=\"https:\/\/golazo.ro\/radu-miruta-mapn-steaua-bucuresti-liga-2-169691\" rel=\"nofollow noopener\">Radu Miru\u021b\u0103 a prezentat<\/a> o serie de \u201eilegalit\u0103\u021bi\u201d descoperite la CSA Steaua \u00een urma unor controale.<\/p>\n<p class=\"\">Printre acestea se num\u0103rau contracte de antrenori pentru persoane care nu erau, de fapt, antrenori, pontaje fictive \u0219i \u00eencas\u0103ri de sume pentru s\u00e2mbete, duminici \u0219i s\u0103rb\u0103tori legale.<\/p>\n<p>Radu Miru\u021b\u0103, despre neregulile de la CSA Steaua: \u201eEste absurd, e strig\u0103tor la cer\u201d<\/p>\n<p class=\"\">\u00cen cadrul unei interven\u021bii telefonice la Antena 3, Radu Miru\u021b\u0103 a tras un semnal de alarm\u0103 cu privire la situa\u021bia clubului, unde num\u0103rul coloneilor ar fi dublu dec\u00e2t la alte divizii ale MApN.<\/p>\n<p class=\"\">\u201eN-am apucat s\u0103 m\u0103 uit la tot cu nume \u0219i prenume, \u00eens\u0103 de-a lungul timpului s-a creat un mecanism prin care \u0219i-au f\u0103cut locuri calde, cu grade ridicate, \u00eentr-o zon\u0103 un pic mai umbrit\u0103 despre cum se cheltuiesc banii.<\/p>\n<p class=\"\">Acolo sunt 690 de posturi \u00eencadrate, \u00een organigram\u0103 sunt vreo 409 posturi ocupate, iar din aceste 409, ponderea celor care au grad de colonel este de dou\u0103 ori \u0219i jum\u0103tate mai mare \u0219i dec\u00e2t la Divizia de Ap\u0103rare Cibernetic\u0103 \u0219i dec\u00e2t la Divizia de Infanterie. Este absurd, e strig\u0103tor la cer\u201d, a declarat, miercuri, Radu Miru\u021b\u0103.<\/p>\n<p>    <img decoding=\"async\" src=\"https:\/\/www.europesays.com\/ro\/wp-content\/uploads\/2026\/06\/whatsapp-image-2026-04-02-at-14-30-13.jpeg\" alt=\"Radu Miru\u021b\u0103, la conferin\u021ba de pres\u0103 de la sediul MApN. Foto: Iosif Popescu\/GOLAZO.ro\" data-blur=\"https:\/\/www.europesays.com\/ro\/wp-content\/uploads\/2026\/06\/whatsapp-image-2026-04-02-at-14-30-13.jpeg\" width=\"684\" height=\"879\" class=\"blur\" loading=\"lazy\"\/><\/p>\n<p>            <img decoding=\"async\" src=\"https:\/\/www.europesays.com\/ro\/wp-content\/uploads\/2026\/06\/1780567572_189_whatsapp-image-2026-04-02-at-14-30-13.jpeg\" loading=\"lazy\" alt=\"Radu Miru\u021b\u0103, la conferin\u021ba de pres\u0103 de la sediul MApN. Foto: Iosif Popescu\/GOLAZO.ro\" width=\"684\" height=\"879\"\/><\/p>\n<p>        Galerie foto (9 imagini)<\/p>\n<p>                    <a href=\"https:\/\/golazo.ro\/radu-miruta-la-conferinta-de-presa-de-la-sediul-mapn-169693-g1?articleSource=176282\" class=\"gallery-link\" aria-label=\"Show gallery\" rel=\"nofollow noopener\" target=\"_blank\"><\/p>\n<p>                +9 Foto<br \/>\n            <\/a><\/p>\n<p>    <a href=\"https:\/\/golazo.ro\/radu-miruta-la-conferinta-de-presa-de-la-sediul-mapn-169693-g1\/radu-miruta-la-conferinta-de-presa-de-la-sediul-mapn-foto-iosif-popescugolazoro-413628?articleSource=176282\" class=\"link\" rel=\"nofollow noopener\" target=\"_blank\">labels.photo-gallery<\/a><\/p>\n<p class=\"\">Radu Miru\u021b\u0103 a subliniat c\u0103 nu va mai tolera astfel de probleme la Steaua.<\/p>\n<p class=\"\">\u201eNu i-am verificat pe to\u021bi. Sunt chiar oameni care erau \u00eencadra\u021bi la CSA \u0219i erau trimi\u0219i s\u0103 lucreze prin alte institu\u021bii \u00een afara Ministerului cu cumul de func\u021bii. <\/p>\n<p class=\"\">Sunt oameni la Clubul Sportiv al Armatei care pontau 609 ore \u00eentr-o anumit\u0103 perioad\u0103 de timp, ei fiind la serviciu 20 de ore.<\/p>\n<p class=\"\">Sunt oameni la club care figurau ca fiind \u00een concediu, \u0219i nu doar c\u0103 ap\u0103reau \u0219i la serviciu, ap\u0103reau la serviciu lu\u00e2nd ore suplimentare pe s\u00e2mbete \u0219i duminici. \u0218mecheria asta nu mai merge\u201d.<\/p>\n<p>Radu Miru\u021b\u0103: \u201eAu mers s\u0103 fie valida\u021bi la DNA\u201d<\/p>\n<p class=\"\">Radu Miru\u021b\u0103 a precizat \u0219i ce m\u0103suri au fost luate deja \u00een privin\u021ba angaja\u021bilor.<\/p>\n<p class=\"\">\u201ePentru cei pe care i-am g\u0103sit, chiar dac\u0103 au func\u021bie ca un blat, cum se spune pe rom\u00e2ne\u0219te \u0219i cu cioara vopsit\u0103, \u00een ceea ce presupune activitatea financiar\u0103, ast\u0103zi (n.r. &#8211; miercuri) au mers s\u0103 fie valida\u021bi la DNA, dac\u0103 e adev\u0103rat sau nu ceea ce s-a g\u0103sit.<\/p>\n<p class=\"\">Pentru ceilal\u021bi se face o reorganizare a \u00eentregului Club Sportiv al Armatei, a\u0219teptarea fiind c\u0103 propunerea de reorganizare s\u0103 fie una care s\u0103 r\u0103spund\u0103 problemelor care au fost identificate \u00een urma acestor controale\u201d, a mai declarat Radu Miru\u021b\u0103.<\/p>\n<p class=\"\"><a href=\"https:\/\/golazo.ro\/radu-miruta-ministrul-apararii-csa-steaua-dezvaluiri-166158\" target=\"_blank\" rel=\"noreferrer noopener nofollow\">Radu Miru\u021b\u0103 a mai vorbit \u0219i \u00een februarie 2026 despre neregulile<\/a> grave pe care le-a g\u0103sit la clubul din Ghencea.<\/p>\n<p>Cite\u0219te \u0219i<\/p>\n<p>VIDEO: cele mai noi imagini din sport<\/p>\n","protected":false},"excerpt":{"rendered":"&#13; Radu Miru\u021b\u0103 (41 de ani), ministrul Ap\u0103r\u0103rii Na\u021bionale, a vorbit din nou despre neregulile grave pe care&hellip;\n","protected":false},"author":2,"featured_media":196975,"comment_status":"","ping_status":"","sticky":false,"template":"","format":"standard","meta":{"footnotes":"","_share_on_mastodon":"0"},"categories":[5],"tags":[32,33,31,2366,36,37,27,34,35,4608,34215,25,539,41,40,38,39,26,28,29,30],"class_list":["post-196974","post","type-post","status-publish","format-standard","has-post-thumbnail","category-titluri","tag-breaking-news","tag-breakingnews","tag-cele-mai-populare-subiecte","tag-csa-steaua","tag-featured-news","tag-featurednews","tag-headlines","tag-latest-news","tag-latestnews","tag-mapn","tag-nereguli","tag-news","tag-radu-miruta","tag-ro","tag-romana","tag-romania","tag-romanian","tag-stiri","tag-titluri","tag-top-stories","tag-topstories"],"share_on_mastodon":{"url":"https:\/\/pubeurope.com\/@ro\/116691284326686379","error":""},"_links":{"self":[{"href":"https:\/\/www.europesays.com\/ro\/wp-json\/wp\/v2\/posts\/196974","targetHints":{"allow":["GET"]}}],"collection":[{"href":"https:\/\/www.europesays.com\/ro\/wp-json\/wp\/v2\/posts"}],"about":[{"href":"https:\/\/www.europesays.com\/ro\/wp-json\/wp\/v2\/types\/post"}],"author":[{"embeddable":true,"href":"https:\/\/www.europesays.com\/ro\/wp-json\/wp\/v2\/users\/2"}],"replies":[{"embeddable":true,"href":"https:\/\/www.europesays.com\/ro\/wp-json\/wp\/v2\/comments?post=196974"}],"version-history":[{"count":0,"href":"https:\/\/www.europesays.com\/ro\/wp-json\/wp\/v2\/posts\/196974\/revisions"}],"wp:featuredmedia":[{"embeddable":true,"href":"https:\/\/www.europesays.com\/ro\/wp-json\/wp\/v2\/media\/196975"}],"wp:attachment":[{"href":"https:\/\/www.europesays.com\/ro\/wp-json\/wp\/v2\/media?parent=196974"}],"wp:term":[{"taxonomy":"category","embeddable":true,"href":"https:\/\/www.europesays.com\/ro\/wp-json\/wp\/v2\/categories?post=196974"},{"taxonomy":"post_tag","embeddable":true,"href":"https:\/\/www.europesays.com\/ro\/wp-json\/wp\/v2\/tags?post=196974"}],"curies":[{"name":"wp","href":"https:\/\/api.w.org\/{rel}","templated":true}]}}