{"id":197303,"date":"2026-06-04T17:07:12","date_gmt":"2026-06-04T17:07:12","guid":{"rendered":"https:\/\/www.europesays.com\/ro\/197303\/"},"modified":"2026-06-04T17:07:12","modified_gmt":"2026-06-04T17:07:12","slug":"sorana-cirstea-dupa-despartirea-de-tiriac-junior-cred-ca-e-ceva-normal-pentru-cineva-la-varsta-mea","status":"publish","type":"post","link":"https:\/\/www.europesays.com\/ro\/197303\/","title":{"rendered":"Sorana C\u00eerstea, dup\u0103 desp\u0103r\u021birea de \u021airiac junior: \u201dCred c\u0103 e ceva normal pentru cineva la v\u00e2rsta mea\u201d"},"content":{"rendered":"<p>Joi, 04 Iunie 2026, ora 10:15<\/p>\n<p>4127 citiri<\/p>\n<p><a class=\"news__image\" data-href=\"https:\/\/s2.ziareromania.ro\/?mmid=3924956ad96207c6e8\" data-size=\"430x325\" title=\"Sorana C\u00eerstea, dup\u0103 desp\u0103r\u021birea de \u021airiac junior: \u201dCred c\u0103 e ceva normal pentru cineva la v\u00e2rsta mea\u201d\"><img decoding=\"async\" src=\"https:\/\/www.europesays.com\/ro\/wp-content\/uploads\/2026\/06\/Sorana-C--rstea--dup---desp--r--irea-de---iriac-junior-----Cred-c---e-ceva-normal-pentru-cineva-la-v.jpeg\" alt=\"Sorana C\u00eerstea, dup\u0103 desp\u0103r\u021birea de \u021airiac junior: \u201dCred c\u0103 e ceva normal pentru cineva la v\u00e2rsta mea\u201d\" title=\"Sorana C\u00eerstea, dup\u0103 desp\u0103r\u021birea de \u021airiac junior: \u201dCred c\u0103 e ceva normal pentru cineva la v\u00e2rsta mea\u201d\" class=\"img-responsive\"\/><\/a><\/p>\n<p>Sorana C\u00eerstea \u0219i Ion Alexandru \u021airiac FOTO X @kenmckinnon13<\/p>\n<p>Tenismena Sorana C\u00eerstea (36 de ani, locul 18 <a href=\"https:\/\/ziare.com\/tenis\/wta\/\" title=\"WTA\" rel=\"nofollow noopener\" target=\"_blank\">WTA<\/a>) a revenit \u00een \u021bar\u0103 dup\u0103 ce a fost eliminat\u0103 \u00een sferturi la <a href=\"https:\/\/ziare.com\/sorana-cirstea\/roland-garros-stiri\/\" title=\"Roland Garros\" rel=\"nofollow noopener\" target=\"_blank\">Roland Garros<\/a> de c\u0103tre Mirra Andreeva (19 ani, locul 8 <a href=\"https:\/\/ziare.com\/sorana-cirstea\/wta-stiri\/\" title=\"WTA\" rel=\"nofollow noopener\" target=\"_blank\">WTA<\/a>), scor 6-0, 6-3. Sorana C\u00eerstea s-a referit din nou la anun\u021bata sa retragere din circuit, la finalul anului, justificat\u0103 de problemele personale.<\/p>\n<p>\u201d\u00cen sferturi am avut o zi nefast\u0103, iar Mirra a jucat excelent. Un sezon de zgur\u0103 foarte frumos, sunt \u00eemplinit\u0103. \u00cen momentul de fa\u021b\u0103 suntem abia \u00een mai, vom vedea cum va decurge anul.<\/p>\n<p>Fac lucrurile la fel, sunt la fel de disciplinat\u0103, de profesionist\u0103, muncesc la fel de mult \u0219i poate \u00een subcon\u0219tient sunt relaxat\u0103. \u00cencerc s\u0103 fac lucrurile la fel \u0219i am ambi\u021bie. Acum \u00eencepe sezonul de iarb\u0103. S\u0103pt\u0103m\u00e2na viitoare voi la <a href=\"https:\/\/ziare.com\/queen\/\" title=\"Queen\" rel=\"nofollow noopener\" target=\"_blank\">Queen<\/a>&#8216;s, apoi la Berlin 500, Hamburg \u0219i <a href=\"https:\/\/ziare.com\/tenis\/wimbledon\/\" title=\"Wimbledon\" rel=\"nofollow noopener\" target=\"_blank\">Wimbledon<\/a>.<\/p>\n<p>Am aceea\u0219i echip\u0103, fac lucrurile la fel, muncesc la fel de mult. Ceea ce este diferit fa\u021b\u0103 de anii preceden\u021bi este constan\u021ba. Asta face ca rezultatele s\u0103 fie mai frecvente. Mai avem p\u00e2n\u0103 la Top 10. Nu am obiective de clasament, ci s\u0103 \u00eembun\u0103t\u0103\u021besc jocul\u201d, a declarat C\u00eerstea.<\/p>\n<p>\u201dDecizia de a m\u0103 retrage a fost personal\u0103. Momentan nu vreau s\u0103 spun motivele. Tot ce pot s\u0103 spun este c\u0103 \u00eemi doream o familie \u0219i cred c\u0103 e ceva normal pentru cineva la v\u00e2rsta mea\u201d, a mai spus Sorana, care la \u00eenceputul acestui an s-a desp\u0103r\u021bit de Alexandru \u021airiac, fiul lui Ion \u021airiac, dup\u0103 o rela\u021bie \u00eendelungat\u0103.<\/p>\n<p>\u021ai-a pl\u0103cut articolul?<\/p>\n<p> Vrem s\u0103 producem mai multe, \u00eens\u0103 avem nevoie de sus\u021binerea ta. Orice dona\u021bie conteaz\u0103 pentru jurnalismul independent <\/p>\n","protected":false},"excerpt":{"rendered":"Joi, 04 Iunie 2026, ora 10:15 4127 citiri Sorana C\u00eerstea \u0219i Ion Alexandru \u021airiac FOTO X @kenmckinnon13 Tenismena&hellip;\n","protected":false},"author":2,"featured_media":197304,"comment_status":"","ping_status":"","sticky":false,"template":"","format":"standard","meta":{"footnotes":"","_share_on_mastodon":"0"},"categories":[20],"tags":[29421,4842,2314,7311,41,40,38,39,785,185,184],"class_list":["post-197303","post","type-post","status-publish","format-standard","has-post-thumbnail","category-sport","tag-alexandru-tiriac","tag-despartire","tag-familie","tag-relatie","tag-ro","tag-romana","tag-romania","tag-romanian","tag-sorana-cirstea","tag-sport","tag-sports"],"share_on_mastodon":{"url":"https:\/\/pubeurope.com\/@ro\/116692939734915689","error":""},"_links":{"self":[{"href":"https:\/\/www.europesays.com\/ro\/wp-json\/wp\/v2\/posts\/197303","targetHints":{"allow":["GET"]}}],"collection":[{"href":"https:\/\/www.europesays.com\/ro\/wp-json\/wp\/v2\/posts"}],"about":[{"href":"https:\/\/www.europesays.com\/ro\/wp-json\/wp\/v2\/types\/post"}],"author":[{"embeddable":true,"href":"https:\/\/www.europesays.com\/ro\/wp-json\/wp\/v2\/users\/2"}],"replies":[{"embeddable":true,"href":"https:\/\/www.europesays.com\/ro\/wp-json\/wp\/v2\/comments?post=197303"}],"version-history":[{"count":0,"href":"https:\/\/www.europesays.com\/ro\/wp-json\/wp\/v2\/posts\/197303\/revisions"}],"wp:featuredmedia":[{"embeddable":true,"href":"https:\/\/www.europesays.com\/ro\/wp-json\/wp\/v2\/media\/197304"}],"wp:attachment":[{"href":"https:\/\/www.europesays.com\/ro\/wp-json\/wp\/v2\/media?parent=197303"}],"wp:term":[{"taxonomy":"category","embeddable":true,"href":"https:\/\/www.europesays.com\/ro\/wp-json\/wp\/v2\/categories?post=197303"},{"taxonomy":"post_tag","embeddable":true,"href":"https:\/\/www.europesays.com\/ro\/wp-json\/wp\/v2\/tags?post=197303"}],"curies":[{"name":"wp","href":"https:\/\/api.w.org\/{rel}","templated":true}]}}