{"id":197888,"date":"2026-06-05T10:55:13","date_gmt":"2026-06-05T10:55:13","guid":{"rendered":"https:\/\/www.europesays.com\/ro\/197888\/"},"modified":"2026-06-05T10:55:13","modified_gmt":"2026-06-05T10:55:13","slug":"comisarul-european-pentru-extindere-republica-moldova-ar-putea-incheia-negocierile-de-aderare-pana-in-2028","status":"publish","type":"post","link":"https:\/\/www.europesays.com\/ro\/197888\/","title":{"rendered":"Comisarul european pentru extindere: Republica Moldova ar putea \u00eencheia negocierile de aderare p\u00e2n\u0103 \u00een 2028"},"content":{"rendered":"<p>Comisarul UE pentru extindere, Marta Kos, se arat\u0103 \u201eoptimist\u0103\u201d c\u0103 Republica Moldova va reu\u0219i p\u00e2n\u0103 \u00een 2028 s\u0103 finalizeze procesul de negocieri privind aderarea la Uniunea European\u0103, dar a sus\u021binut \u201ec\u0103 mai este mult de lucru\u201d.<\/p>\n<p>\t\t\t<img decoding=\"async\" src=\"https:\/\/www.europesays.com\/ro\/wp-content\/uploads\/2026\/06\/1780656913_905_index.jpeg\" alt=\"Marta Kos \u0219i Maia Sandu FOTO X \/ @MartaKosEU\" width=\"1400\" height=\"750\" loading=\"eager\" fetchpriority=\"high\" class=\"svelte-h45upf\"\/><\/p>\n<p>Marta Kos \u0219i Maia Sandu FOTO X \/ @MartaKosEU<\/p>\n<p>publicitate&#8221;); background-position: center center; background-repeat: no-repeat;&#8221;&gt;<\/p>\n<p>Comisara european\u0103 Marta Kos a eviden\u021biat progresul Republicii Moldova \u00een procesul de aderare, afirm\u00e2nd c\u0103 \u021bara a \u00eenregistrat unul dintre cele mai mari salturi \u00een raportul de extindere al Comisiei Europene.<\/p>\n<p>\u201eMoldova este pe primul loc \u00een preg\u0103tirea sa pentru calitatea de membru al Uniunii Europene. Acest lucru va deveni \u0219i mai vizibil \u00een momentul \u00een care vor \u00eencepe negocierile pe capitole\u201d, a declarat Marta Kos, potrivit <a href=\"https:\/\/newsmaker.md\/ro\/sandu-dup%c4%83-ce-ue-a-lansat-preg%c4%83tirile-pentru-deschiderea-oficial%c4%83-a-negocierilor-suntem-gata-kos-optimist%c4%83-privind-calendarul-ader%c4%83rii\" rel=\"nofollow noopener\" target=\"_blank\">Newsmaker.<\/a><\/p>\n<p>Ea a precizat c\u0103, \u00een cadrul conferin\u021bei de investi\u021bii desf\u0103\u0219urate joi la Chi\u0219in\u0103u, au fost anun\u021bate angajamente importante din partea companiilor private \u0219i a b\u0103ncilor de dezvoltare, ceea ce reflect\u0103 o \u00eencredere crescut\u0103 \u00een economia Republicii Moldova.<\/p>\n<p>\u201eNiciun alt stat cu planuri de cre\u0219tere nu a reu\u0219it o rat\u0103 de implementare de 93%. Felicit\u0103ri pentru acest rezultat\u201d, a spus Marta Kos, ad\u0103ug\u00e2nd c\u0103 stabilitatea \u0219i \u00eembun\u0103t\u0103\u021birea mediului economic fac Republica Moldova mai atractiv\u0103 pentru investitori.<\/p>\n<p>Afirma\u021biile au fost f\u0103cute \u00een cadrul unei conferin\u021be de pres\u0103 sus\u021binute la Chi\u0219in\u0103u, al\u0103turi de pre\u0219edinta Republicii Moldova, Maia Sandu.<\/p>\n<p>publicitate&#8221;); background-position: center center; background-repeat: no-repeat;&#8221;&gt;<\/p>\n<p><a href=\"https:\/\/adevarul.ro\/stiri-externe\/republica-moldova\/maia-sandu-spune-ca-republica-moldova-este-2534332.html\" rel=\"nofollow noopener\" target=\"_blank\">\u0218efa statului moldovean a salutat, joi, decizia Pre\u0219edin\u021biei cipriote<\/a> a Consiliului Uniunii Europene de a \u00eencepe preg\u0103tirile pentru deschiderea primelor capitole de negociere cu Chi\u0219in\u0103ul. Maia Sandu a afirmat, totodat\u0103, c\u0103 autorit\u0103\u021bile de la Chi\u0219in\u0103u \u00ee\u0219i men\u021bin angajamentul de a continua reformele asumate \u00een rela\u021bia cu Uniunea European\u0103, inclusiv \u00een domenii considerate esen\u021biale pentru procesul de integrare, precum justi\u021bia \u0219i administra\u021bia public\u0103 local\u0103.<\/p>\n<p>Reac\u021bia vine dup\u0103 ce Republica Moldova <a href=\"https:\/\/adevarul.ro\/stiri-interne\/evenimente\/republica-moldova-face-un-nou-pas-spre-aderarea-la-2534308.html\" rel=\"nofollow noopener\" target=\"_blank\">a primit confirmarea oficial\u0103 din partea Uniunii Europene<\/a> c\u0103 este preg\u0103tit\u0103 pentru deschiderea negocierilor privind primul cluster de aderare, un nou pas important \u00een procesul de integrare european\u0103 al \u021b\u0103rii.<\/p>\n<p>\u201e\u00cen numele statelor membre ale Uniunii Europene, dorim s\u0103 v\u0103 inform\u0103m c\u0103, \u00een urma evalu\u0103rii \u00eendeplinirii criteriilor de referin\u0163\u0103 pentru deschiderea Clusterului 1 &#8211; Aspecte fundamentale, Uniunea European\u0103 consider\u0103 \u00een prezent c\u0103 Republica Moldova este suficient de preg\u0103tit\u0103, \u00een aceast\u0103 etap\u0103, pentru negocierile privind Clusterul 1. Prin urmare, sunte\u0163i invitat\u0103 s\u0103 transmite\u0163i pozi\u0163ia de negociere a Republicii Moldova Conferin\u0163ei pentru aderare, \u00een vederea deschiderii acestui cluster\u201d, se arat\u0103 \u00een documentul transmis ambasadoarei Republicii Moldova pe l\u00e2ng\u0103 Uniunea European\u0103, Daniela Morari.<\/p>\n<p>publicitate&#8221;); background-position: center center; background-repeat: no-repeat;&#8221;&gt;<\/p>\n<p>Actuala conducere proeuropean\u0103 de la Chi\u0219in\u0103u \u0219i-a stabilit ca obiectiv semnarea tratatului de aderare la Uniunea European\u0103 p\u00e2n\u0103 \u00een 2028.<\/p>\n","protected":false},"excerpt":{"rendered":"Comisarul UE pentru extindere, Marta Kos, se arat\u0103 \u201eoptimist\u0103\u201d c\u0103 Republica Moldova va reu\u0219i p\u00e2n\u0103 \u00een 2028 s\u0103&hellip;\n","protected":false},"author":2,"featured_media":197889,"comment_status":"","ping_status":"","sticky":false,"template":"","format":"standard","meta":{"footnotes":"","_share_on_mastodon":"0"},"categories":[12],"tags":[56016,32,33,31,56017,36,37,27,74,34,35,988,56018,25,825,41,40,38,39,26,28,29,30,71,72,73],"class_list":["post-197888","post","type-post","status-publish","format-standard","has-post-thumbnail","category-international","tag-aderarea-republicii-moldova-la-ue","tag-breaking-news","tag-breakingnews","tag-cele-mai-populare-subiecte","tag-comisarul-european-pentru-extindere","tag-featured-news","tag-featurednews","tag-headlines","tag-international","tag-latest-news","tag-latestnews","tag-maia-sandu","tag-marta-kos","tag-news","tag-republica-moldova","tag-ro","tag-romana","tag-romania","tag-romanian","tag-stiri","tag-titluri","tag-top-stories","tag-topstories","tag-world","tag-world-news","tag-worldnews"],"share_on_mastodon":{"url":"https:\/\/pubeurope.com\/@ro\/116697138947626878","error":""},"_links":{"self":[{"href":"https:\/\/www.europesays.com\/ro\/wp-json\/wp\/v2\/posts\/197888","targetHints":{"allow":["GET"]}}],"collection":[{"href":"https:\/\/www.europesays.com\/ro\/wp-json\/wp\/v2\/posts"}],"about":[{"href":"https:\/\/www.europesays.com\/ro\/wp-json\/wp\/v2\/types\/post"}],"author":[{"embeddable":true,"href":"https:\/\/www.europesays.com\/ro\/wp-json\/wp\/v2\/users\/2"}],"replies":[{"embeddable":true,"href":"https:\/\/www.europesays.com\/ro\/wp-json\/wp\/v2\/comments?post=197888"}],"version-history":[{"count":0,"href":"https:\/\/www.europesays.com\/ro\/wp-json\/wp\/v2\/posts\/197888\/revisions"}],"wp:featuredmedia":[{"embeddable":true,"href":"https:\/\/www.europesays.com\/ro\/wp-json\/wp\/v2\/media\/197889"}],"wp:attachment":[{"href":"https:\/\/www.europesays.com\/ro\/wp-json\/wp\/v2\/media?parent=197888"}],"wp:term":[{"taxonomy":"category","embeddable":true,"href":"https:\/\/www.europesays.com\/ro\/wp-json\/wp\/v2\/categories?post=197888"},{"taxonomy":"post_tag","embeddable":true,"href":"https:\/\/www.europesays.com\/ro\/wp-json\/wp\/v2\/tags?post=197888"}],"curies":[{"name":"wp","href":"https:\/\/api.w.org\/{rel}","templated":true}]}}