{"id":198085,"date":"2026-06-05T17:16:07","date_gmt":"2026-06-05T17:16:07","guid":{"rendered":"https:\/\/www.europesays.com\/ro\/198085\/"},"modified":"2026-06-05T17:16:07","modified_gmt":"2026-06-05T17:16:07","slug":"poli-timisoara-mai-da-o-lovitura-s-a-inteles-cu-capitanul-stelei","status":"publish","type":"post","link":"https:\/\/www.europesays.com\/ro\/198085\/","title":{"rendered":"Poli Timi\u0219oara mai d\u0103 o lovitur\u0103! S-a \u00een\u021beles cu c\u0103pitanul Stelei"},"content":{"rendered":"<p>\n            Articol de <a rel=\"author nofollow noopener\" href=\"https:\/\/www.gsp.ro\/autor\/eduard-apostol-10.html\" target=\"_blank\">Eduard Apostol<\/a>            &#8211; Publicat vineri, 05 iunie 2026,  16:53            \/ Actualizat vineri, 05 iunie 2026 16:58                    <\/p>\n<p>B\u0103n\u0103\u021benii \u00ee\u0219i propun s\u0103 atace promovarea \u00een Superlig\u0103 \u00een edi\u021bia 2026\/2027, astfel c\u0103 sunt \u00een plin\u0103 ascensiune pe pia\u021ba transferurilor: s-au \u00een\u021beles \u0219i cu <a target=\"_self\" class=\"editor-link\" href=\"https:\/\/www.gsp.ro\/rezultate-live\/jucatorul-stephan-draghici-182360\" rel=\"nofollow noopener\">Stephan Dr\u0103ghici, <\/a>28 de ani, c\u0103pitanul Stelei, conform informa\u021biilor GSP<\/p>\n<p class=\"do-not-hide\">Poli Timi\u0219oara se mi\u0219c\u0103 spectaculos \u00een mercato de var\u0103. Dup\u0103 transferul lui Andrei Artean, 32 de ani, ultima oar\u0103 la U Cluj, b\u0103n\u0103\u021benii mai fac un transfer cu impact. Conform surselor GSP.ro, gruparea de pe Bega a ajuns la un acord cu Stephan Dr\u0103ghici, 28 de ani, c\u0103pitanul Stelei!<\/p>\n<p class=\"cifra do-not-hide\">27de meciuri a adunat Dr\u0103ghici la Steaua \u00een ultimul sezon, 2 goluri \u0219i 3 assist-uri<\/p>\n<p>Stephan Dr\u0103ghici vine s\u0103 se lupte cu Timi\u0219oara pentru a promova \u00een Superliga<\/p>\n<p>Mijloca\u0219 lateral, \u0219i de band\u0103 dreapt\u0103, Dr\u0103ghici va fi juc\u0103torilor b\u0103n\u0103\u021benilor \u00een urm\u0103toarele dou\u0103 sezoane. Stephan vrea s\u0103 ajung\u0103 s\u0103 joace din nou \u00een liga de elit\u0103, acolo unde are deja 71 de meciuri, 2 goluri \u0219i 3 assist-uri.<\/p>\n<p>Dr\u0103ghici a \u00eenceput fotbalul la Ardealul, a continuat la R\u00e2mnicu V\u00e2lcea, Universitatea Craiova, Clinceni, Juventus Bucure\u0219ti, Sepsi, Gaz Metan Media\u0219, FC Arge\u0219 \u0219i timp de cinci ani a fost juc\u0103torilor ro\u0219-alba\u0219trilor.<\/p>\n<p>Chiar dac\u0103 a ajuns cu Steaua pe loc de promovare, situa\u021bia grup\u0103rii din Ghencea nu i-a permis nici lui, nici colegilor, s\u0103 se bucure de performan\u021ba de a evolua pe prima scen\u0103.<\/p>\n<p class=\"cifra \">119meciuri, 17 goluri \u0219i 12 assist-uri a bifat fotbalistul pentru Steaua<\/p>\n<p>Poli Timi\u0219oare are g\u00e2nduri mari<\/p>\n<p>Politehnica Timi\u0219oara a promovat \u00een Liga 2 dup\u0103 3 ani de &#8222;exil&#8221; \u00een cel de-al treilea e\u0219alon! Echipa antrenat\u0103 de Dan Alexa (46 de ani) are planuri mari \u0219i \u00een proximul sezon.Performan\u021ba a fost ob\u021binut\u0103 cu dou\u0103 etape \u00eenainte de \u00eencheierea campionatului Ligii 3, alb-viole\u021bii fiind \u0219i primii care reu\u0219esc s\u0103-\u0219i c\u00e2\u0219tige seria de play-off \u00een noul format al competi\u021biei.<\/p>\n<p>Juc\u0103torii preg\u0103ti\u021bi de Dan Alexa au \u0219i \u00eenregistrat totodat\u0103 c\u00e2teva recorduri notabile \u00een aceast\u0103 edi\u021bie.Cele mai impresionante cifre privesc defensiva. <\/p>\n<p>Poli a \u00eencasat doar 15 goluri, mai mult, doar dou\u0103 au fost primite pe teren propriu \u0219i a avut astfel cea mai bun\u0103 defensiv\u0103 din cele trei e\u0219aloane na\u021bionale ale \u021b\u0103rii, at\u00e2t la general, c\u00e2t \u0219i acas\u0103.<\/p>\n","protected":false},"excerpt":{"rendered":"Articol de Eduard Apostol &#8211; Publicat vineri, 05 iunie 2026, 16:53 \/ Actualizat vineri, 05 iunie 2026 16:58&hellip;\n","protected":false},"author":2,"featured_media":198086,"comment_status":"","ping_status":"","sticky":false,"template":"","format":"standard","meta":{"footnotes":"","_share_on_mastodon":"0"},"categories":[20],"tags":[2366,6650,41,40,38,39,185,184,56047],"class_list":["post-198085","post","type-post","status-publish","format-standard","has-post-thumbnail","category-sport","tag-csa-steaua","tag-poli-timisoara","tag-ro","tag-romana","tag-romania","tag-romanian","tag-sport","tag-sports","tag-stephan-draghici"],"share_on_mastodon":{"url":"https:\/\/pubeurope.com\/@ro\/116698636740744554","error":""},"_links":{"self":[{"href":"https:\/\/www.europesays.com\/ro\/wp-json\/wp\/v2\/posts\/198085","targetHints":{"allow":["GET"]}}],"collection":[{"href":"https:\/\/www.europesays.com\/ro\/wp-json\/wp\/v2\/posts"}],"about":[{"href":"https:\/\/www.europesays.com\/ro\/wp-json\/wp\/v2\/types\/post"}],"author":[{"embeddable":true,"href":"https:\/\/www.europesays.com\/ro\/wp-json\/wp\/v2\/users\/2"}],"replies":[{"embeddable":true,"href":"https:\/\/www.europesays.com\/ro\/wp-json\/wp\/v2\/comments?post=198085"}],"version-history":[{"count":0,"href":"https:\/\/www.europesays.com\/ro\/wp-json\/wp\/v2\/posts\/198085\/revisions"}],"wp:featuredmedia":[{"embeddable":true,"href":"https:\/\/www.europesays.com\/ro\/wp-json\/wp\/v2\/media\/198086"}],"wp:attachment":[{"href":"https:\/\/www.europesays.com\/ro\/wp-json\/wp\/v2\/media?parent=198085"}],"wp:term":[{"taxonomy":"category","embeddable":true,"href":"https:\/\/www.europesays.com\/ro\/wp-json\/wp\/v2\/categories?post=198085"},{"taxonomy":"post_tag","embeddable":true,"href":"https:\/\/www.europesays.com\/ro\/wp-json\/wp\/v2\/tags?post=198085"}],"curies":[{"name":"wp","href":"https:\/\/api.w.org\/{rel}","templated":true}]}}