{"id":198100,"date":"2026-06-05T17:44:11","date_gmt":"2026-06-05T17:44:11","guid":{"rendered":"https:\/\/www.europesays.com\/ro\/198100\/"},"modified":"2026-06-05T17:44:11","modified_gmt":"2026-06-05T17:44:11","slug":"cine-transmite-la-tv-semifinalele-masculine-de-la-roland-garros","status":"publish","type":"post","link":"https:\/\/www.europesays.com\/ro\/198100\/","title":{"rendered":"Cine transmite la tv semifinalele masculine de la Roland Garros"},"content":{"rendered":"<p id=\"p-0\">Vineri vom afla numele celor doi finali\u0219ti ai edi\u021biei din 2026 de la Roland Garros. Alexander Zverev este capul de serie cel mai important r\u0103mas \u00eenc\u0103 \u00een competi\u021bie.<\/p>\n<p id=\"p-1\">De la ora 15:30, pe arena Philippe Chatrier se vor \u00eent\u00e2lni Jakub Mensik (al 27-lea favorit) \u0219i Alexander Zverev (cap de serie 2)<\/p>\n<p id=\"p-2\">Germanul este favoritul la victorie, dar sportivul din Cehia a ar\u0103tat un tenis solid pe durata turneului de la Porte d\u2019Auteuil.<\/p>\n<p>&#8211; articolul continu\u0103 mai jos &#8211;<\/p>\n<p id=\"p-3\">De-a lungul carierei, Zverev (29 de ani) a disputat trei finale de Grand Slam, toate pierdute. US Open 2020 (\u00eenvins de Thiem), Roland Garros 2024 (\u00eenvins de Alcaraz) \u0219i Australian Open 2025 (\u00eenvins de Sinner).<\/p>\n<p id=\"p-4\">Ar putea fi venit \u00een sf\u00e2r\u0219it momentul lui Sascha s\u0103 ridice primul trofeu de Grand Slam. Concuren\u021ba r\u0103m\u00e2ne \u00eens\u0103 una acerb\u0103, r\u0103m\u00e2ne de v\u0103zut ce va fi vineri pe Chatrier.<\/p>\n<p id=\"p-5\">\u00cen fine, de la ora 20:00 va fi un duel 100% italian pe zgura parizian\u0103. Matteo Arnaldi (locul 104 ATP) \u0219i Fabio Cobolli (14 ATP) se vor duela pentru un loc \u00een marea final\u0103 de duminic\u0103.<\/p>\n<p id=\"p-6\">Arnaldi este una dintre marile surprize ale turneului de la Roland Garros. El a ajuns \u00een penultimul act clasat fiind \u00een afara TOP 100 mondial.<\/p>\n<p id=\"p-7\">Cobolli este favoritul disputei, dar \u00eentr-un meci cu o asemenea miz\u0103 orice se poate \u00eent\u00e2mpla.<\/p>\n<p>Semifinale Roland Garros 2026<\/p>\n<p id=\"p-8\">Jakub Mensik (27) \u2013 Alexander Zverev (2) \/ de la ora 15:30<\/p>\n<p id=\"p-9\">Matteo Arnaldi (104 ATP) \u2013 Fabio Cobolli (10) \/ de la ora 20:00<\/p>\n<p id=\"p-10\">Meciurile pot fi urm\u0103rite \u00een direct pe canalele Eurosport.<\/p>\n","protected":false},"excerpt":{"rendered":"Vineri vom afla numele celor doi finali\u0219ti ai edi\u021biei din 2026 de la Roland Garros. Alexander Zverev este&hellip;\n","protected":false},"author":2,"featured_media":198101,"comment_status":"","ping_status":"","sticky":false,"template":"","format":"standard","meta":{"footnotes":"","_share_on_mastodon":"0"},"categories":[20],"tags":[6530,56057,32210,56058,41,53023,40,38,39,185,184],"class_list":["post-198100","post","type-post","status-publish","format-standard","has-post-thumbnail","category-sport","tag-alexander-zverev","tag-fabio-cobolli","tag-jakub-mensik","tag-matteo-arnaldi","tag-ro","tag-roland-garros-2026","tag-romana","tag-romania","tag-romanian","tag-sport","tag-sports"],"share_on_mastodon":{"url":"","error":""},"_links":{"self":[{"href":"https:\/\/www.europesays.com\/ro\/wp-json\/wp\/v2\/posts\/198100","targetHints":{"allow":["GET"]}}],"collection":[{"href":"https:\/\/www.europesays.com\/ro\/wp-json\/wp\/v2\/posts"}],"about":[{"href":"https:\/\/www.europesays.com\/ro\/wp-json\/wp\/v2\/types\/post"}],"author":[{"embeddable":true,"href":"https:\/\/www.europesays.com\/ro\/wp-json\/wp\/v2\/users\/2"}],"replies":[{"embeddable":true,"href":"https:\/\/www.europesays.com\/ro\/wp-json\/wp\/v2\/comments?post=198100"}],"version-history":[{"count":0,"href":"https:\/\/www.europesays.com\/ro\/wp-json\/wp\/v2\/posts\/198100\/revisions"}],"wp:featuredmedia":[{"embeddable":true,"href":"https:\/\/www.europesays.com\/ro\/wp-json\/wp\/v2\/media\/198101"}],"wp:attachment":[{"href":"https:\/\/www.europesays.com\/ro\/wp-json\/wp\/v2\/media?parent=198100"}],"wp:term":[{"taxonomy":"category","embeddable":true,"href":"https:\/\/www.europesays.com\/ro\/wp-json\/wp\/v2\/categories?post=198100"},{"taxonomy":"post_tag","embeddable":true,"href":"https:\/\/www.europesays.com\/ro\/wp-json\/wp\/v2\/tags?post=198100"}],"curies":[{"name":"wp","href":"https:\/\/api.w.org\/{rel}","templated":true}]}}