{"id":198115,"date":"2026-06-05T17:57:09","date_gmt":"2026-06-05T17:57:09","guid":{"rendered":"https:\/\/www.europesays.com\/ro\/198115\/"},"modified":"2026-06-05T17:57:09","modified_gmt":"2026-06-05T17:57:09","slug":"lovitura-dura-la-roland-garros-matteo-arnaldi-s-a-retras-iar-flavio-cobolli-avanseaza-in-finala-unde-il-va-intalni-pe-alexander-zverev","status":"publish","type":"post","link":"https:\/\/www.europesays.com\/ro\/198115\/","title":{"rendered":"Lovitur\u0103 dur\u0103 la Roland Garros \u00bb Matteo Arnaldi s-a retras, iar Flavio Cobolli avanseaz\u0103 \u00een final\u0103, unde \u00eel va \u00eent\u00e2lni pe Alexander Zverev"},"content":{"rendered":"<p>\n            Articol de <a rel=\"author nofollow noopener\" href=\"https:\/\/www.gsp.ro\/autor\/roxana-fleseru-48.html\" target=\"_blank\">Roxana Fle\u015feru<\/a>            &#8211; Publicat vineri, 05 iunie 2026,  19:58            \/ Actualizat vineri, 05 iunie 2026 20:13                    <\/p>\n<p>Matteo Arnaldi (25 de ani, 104 ATP) a anun\u021bat cu mai pu\u021bin de o or\u0103 \u00eenainte de cea de-a doua semifinal\u0103 masculin\u0103 c\u0103 nu poate intra pe teren, el fiind diminuat de un virus. Flavio Cobolli (24 de ani, 14 ATP) avanseaz\u0103 \u00een final\u0103, unde \u00eel va \u00eent\u00e2lni <a target=\"_self\" class=\"editor-link\" href=\"https:\/\/www.gsp.ro\/sporturi\/tenis\/alexander-zverev-primul-finalist-de-pe-tabloul-masculin-la-roland-garros-945019.html\" rel=\"nofollow noopener\">duminic\u0103 pe Alexander Zverev (29 de ani, 3 ATP)<\/a><\/p>\n<p class=\"do-not-hide\">Al doilea turneu de Mare \u0218lem a avut mult\u0103 intrig\u0103 la aceast\u0103 edi\u021bie. Grev\u0103, mod\u0103, controverse, c\u0103ldur\u0103, ploaie, favori\u021bi elimina\u021bi. Ultimul episod care s-a ad\u0103ugat acestei edi\u021bii pline de evenimente a fost retragerea lui Matteo Arnaldi. Italianul a anun\u021bat c\u0103 nu poate intra pe teren \u00eempotriva prietenului s\u0103u, Flavio Cobolli, din cauza unui virus.<\/p>\n<p class=\"do-not-hide\">\u201eNu \u0219tiu de unde s\u0103 \u00eencep\u201d, a spus Arnaldi la o conferin\u021b\u0103 de pres\u0103 ce a urmat anun\u021bului . \u201eNoaptea trecut\u0103 am \u00eenceput s\u0103 am probleme cu stomacul. Nu am reu\u0219it s\u0103 dorm, am vomitat mult \u0219i am chemat medicul diminea\u021ba devreme, dar nu s-a putut face nimic. Nu a\u0219 fi reu\u0219it s\u0103 stau pe teren \u0219i a trebuit s\u0103 renun\u021b. \u00cemi pare foarte r\u0103u, pentru c\u0103 eram cu adev\u0103rat fericit de cum mergeau lucrurile\u201d.<\/p>\n<p>El a \u021binut s\u0103 men\u021bioneze c\u0103 e vorba despre un virus, nu despre o intoxica\u021bie: \u201eAveam \u0219i pu\u021bin\u0103 febr\u0103. Nu am luat medicamente pentru a-mi reveni, nu \u0219tiu ce ar fi putut fi, m\u0103 sim\u021beam bine \u0219i m-am antrenat ieri dup\u0103-amiaz\u0103. \u00cemi pare r\u0103u, dar sunt fericit pentru Flavio, care va fi \u00een final\u0103, \u00eens\u0103 a\u0219 fi vrut s\u0103 joc \u0219i eu\u201d<\/p>\n<p>Cobolli a reac\u021bionat la aceast\u0103 veste: \u201eMul\u021bumesc, pentru c\u0103, pentru noi to\u021bi, ai fost un exemplu \u00een aceste dou\u0103 s\u0103pt\u0103m\u00e2ni prin felul \u00een care ai luptat \u0219i prin angajamentul pe care l-ai ar\u0103tat mereu \u00een carier\u0103. E\u0219ti exemplul unui sportiv \u0219i al unui profesionist excelent. Sper c\u0103 vom avea ocazia s\u0103 d\u0103m o alt\u0103 mare b\u0103t\u0103lie\u201d.<\/p>\n<p>\u00cen drumul s\u0103u spre semifinal\u0103, Arnaldi a adunat 19 ore \u0219i 43 de minute pe teren. Spectatorii care aveau bilete la cea de-a doua semifinal\u0103 vor primi \u00eenapoi suma integral\u0103.<\/p>\n<p>Este o nou\u0103 lovitur\u0103 pentru italianul aflat pe locul 104 ATP, el confrunt\u00e2ndu-se cu o accidentare de lung\u0103 durat\u0103 la piciorul drept la \u00eenceputul acestui an. \u00cen sferturile de final\u0103, Arnaldi a beneficiat de abandonul lui Berrettini, care s-a retras la scorul de 7-5, 5-2 \u00een favoarea lui Arnaldi, din cauza unei probleme la \u0219old.<\/p>\n<p>Flavio Cobolli, prima final\u0103 de Mare \u0218lem <\/p>\n<p>Flavio Cobolli, c\u00e2\u0219tig\u0103tor la \u021airiac Open \u00een 2025, s-a calificat \u00een prima sa final\u0103 de Mare \u0218lem f\u0103r\u0103 a juca \u0219i \u00eel va \u00eent\u00e2lni duminic\u0103 pe Alexander Zverev. Scorul \u00eent\u00e2lnirilor directe dintre cei doi este 3-1, germanul impun\u00e2ndu-se la Roland Garros \u00een 2025, Halle 2025 \u0219i Madrid 2026, \u00een timp ce italianul l-a \u00eenvins la Munchen \u00een 2026.<\/p>\n<p>Alexander Zverev va disputa a patra sa final\u0103 de Mare \u0218lem, dup\u0103 cele de la US Open 2020, c\u00e2nd a fost \u00eenvins de Dominic Thiem, Roland Garros 2024, c\u00e2nd a fost \u00eenvins de Carlos Alcaraz, \u0219i Australian Open 2025, c\u00e2nd a fost \u00eenvins de Jannik Sinner. Germanul a devenit al cincilea juc\u0103tor activ care bifeaz\u0103 mai multe ultime acte la Roland Garros, dup\u0103 Novak Djokovic cu 7, Wawrinka, Ruud \u0219i Alcaraz, cu c\u00e2te dou\u0103.<\/p>\n","protected":false},"excerpt":{"rendered":"Articol de Roxana Fle\u015feru &#8211; Publicat vineri, 05 iunie 2026, 19:58 \/ Actualizat vineri, 05 iunie 2026 20:13&hellip;\n","protected":false},"author":2,"featured_media":198116,"comment_status":"","ping_status":"","sticky":false,"template":"","format":"standard","meta":{"footnotes":"","_share_on_mastodon":"0"},"categories":[5],"tags":[32,33,31,36,37,46726,27,34,35,56058,25,1161,41,56062,40,38,39,8297,26,657,28,29,30],"class_list":["post-198115","post","type-post","status-publish","format-standard","has-post-thumbnail","category-titluri","tag-breaking-news","tag-breakingnews","tag-cele-mai-populare-subiecte","tag-featured-news","tag-featurednews","tag-flavio-cobolli","tag-headlines","tag-latest-news","tag-latestnews","tag-matteo-arnaldi","tag-news","tag-retragere","tag-ro","tag-roalnd-garros","tag-romana","tag-romania","tag-romanian","tag-semifinale","tag-stiri","tag-tenis","tag-titluri","tag-top-stories","tag-topstories"],"share_on_mastodon":{"url":"https:\/\/pubeurope.com\/@ro\/116698798630817335","error":""},"_links":{"self":[{"href":"https:\/\/www.europesays.com\/ro\/wp-json\/wp\/v2\/posts\/198115","targetHints":{"allow":["GET"]}}],"collection":[{"href":"https:\/\/www.europesays.com\/ro\/wp-json\/wp\/v2\/posts"}],"about":[{"href":"https:\/\/www.europesays.com\/ro\/wp-json\/wp\/v2\/types\/post"}],"author":[{"embeddable":true,"href":"https:\/\/www.europesays.com\/ro\/wp-json\/wp\/v2\/users\/2"}],"replies":[{"embeddable":true,"href":"https:\/\/www.europesays.com\/ro\/wp-json\/wp\/v2\/comments?post=198115"}],"version-history":[{"count":0,"href":"https:\/\/www.europesays.com\/ro\/wp-json\/wp\/v2\/posts\/198115\/revisions"}],"wp:featuredmedia":[{"embeddable":true,"href":"https:\/\/www.europesays.com\/ro\/wp-json\/wp\/v2\/media\/198116"}],"wp:attachment":[{"href":"https:\/\/www.europesays.com\/ro\/wp-json\/wp\/v2\/media?parent=198115"}],"wp:term":[{"taxonomy":"category","embeddable":true,"href":"https:\/\/www.europesays.com\/ro\/wp-json\/wp\/v2\/categories?post=198115"},{"taxonomy":"post_tag","embeddable":true,"href":"https:\/\/www.europesays.com\/ro\/wp-json\/wp\/v2\/tags?post=198115"}],"curies":[{"name":"wp","href":"https:\/\/api.w.org\/{rel}","templated":true}]}}