{"id":198149,"date":"2026-06-05T18:53:16","date_gmt":"2026-06-05T18:53:16","guid":{"rendered":"https:\/\/www.europesays.com\/ro\/198149\/"},"modified":"2026-06-05T18:53:16","modified_gmt":"2026-06-05T18:53:16","slug":"forfait-in-semifinala-roland-garros-din-cauza-unui-virus-stim-marea-finala-de-la-paris","status":"publish","type":"post","link":"https:\/\/www.europesays.com\/ro\/198149\/","title":{"rendered":"Forfait \u00een semifinala Roland Garros din cauza unui virus! \u0218tim marea final\u0103 de la Paris"},"content":{"rendered":"\n<ul class=\"bullets\">\n<li>\n<p>Fotbal: Ungaria &#8211; Finlanda, vineri, 20:45, DGS 1<\/p>\n<\/li>\n<li>\n<p>Fotbal: Azerbaidjan &#8211; Malta, vineri, 21:00, DGS 2<\/p>\n<\/li>\n<\/ul>\n<p>Flavio Cobolli va juca duminic\u0103, 7 mai, prima sa final\u0103 de Grand Slam <a href=\"https:\/\/www.digisport.ro\/tenis\/stim-primul-finalist-la-roland-garros-are-o-sansa-uriasa-la-trofeu-4296243\" target=\"_blank\" rel=\"noopener nofollow\" data-skip-linkfix=\"1\">\u00eempotriva germanului Alexander Zverev<\/a>, num\u0103rul 3 mondial, care, la 29 de ani, este \u00een c\u0103utarea primului s\u0103u titlu major dup\u0103 trei \u00eenfr\u00e2ngeri \u00een finale (US Open 2020, Roland Garros 2024, Australian Open 2025).<\/p>\n<p>Flavio Cobolli &#8211; Alexander Zverev, finala masculin\u0103 de la Roland Garros<\/p>\n<p>Matteo Arnaldi a fost juc\u0103torul cu cel mai slab clasament care a ajuns \u00een semifinalele de la Roland Garros \u00een ultimii aproape 30 de ani. Sportivul n\u0103scut la Sanremo a jucat o serie de meciuri maraton la Paris, petrec\u00e2nd \u00een total 19 ore \u015fi 42 de minute \u00een cinci meciuri disputate pe terenurile de la Roland Garros, un record pentru turneele de Grand Slam.<\/p>\n<p>Vineri, Alexander Zverev a trecut \u00een semifinale de cehul Jakub Mensik, num\u0103rul 27 mondial, \u00een patru seturi, 7-5, 6-2, 3-6, 6-3.<\/p>\n<p>C\u00e2\u015ftig\u0103tor a 24 de titluri ATP, inclusiv \u015fapte turnee ATP Masters 1.000, cele mai prestigioase dup\u0103 cele de Grand Slam, germanul conduce cu 3-1 \u00een meciurile directe \u00eempotriva lui Cobolli.<\/p>\n<p>  <img decoding=\"async\" data-skip-htmlfix=\"1\" src=\"https:\/\/www.europesays.com\/ro\/wp-content\/uploads\/2026\/06\/Jnc9NTkwJmhhc2g9N2E1NDliZmFmZTI1YTUxYzYzYzJlZWU2MDlmYzdjNDg=.thumb.jpg\" alt=\"PARIS, FRANCE - JUNE 3: Flavio Cobolli of Italy during Day Eleven of the 2026 French Open at Roland Garros on June 3, 2026 in Paris, France. (Photo by Marleen Fouchier\/BSR Agency)\"\/>   Flavio Cobolli \/ Foto: Profimedia  <\/p>\n<p>Zverev este considerat marele favorit al finalei de la French Open, unde are ocazia de a-\u0219i trece \u00een palmares primul trofeu de Grand Slam, profit\u00e2nd de absen\u021ba lui Carlos Alcaraz (accidentat la \u00eencheietur\u0103) \u0219i elimin\u0103rile premature suferite de Novak Djokovic \u0219i Jannik Sinner.<\/p>\n<p>Maja Chwalinska &#8211; Mirra Andreeva, finala feminin\u0103 de la Roland Garros<\/p>\n<p>\u00cen finala feminin\u0103 de la Roland Garros au ajuns Maja Chwalinska (24 de ani, 114 WTA) \u0219i Mirra Andreeva (19 ani, 8 WTA). Cea din urm\u0103 a trecut \u00een drumul c\u0103tre ultimul act \u0219i de c\u0103tre Sorana C\u00eerstea, 6-0, 6-3 \u00een sferturile de final\u0103 ale competi\u021biei.<\/p>\n<p><a href=\"https:\/\/www.digisport.ro\/tenis\/fara-precedent-din-calificari-in-finala-roland-garros-confruntarea-cu-trofeul-pe-masa-e-stabilita-4294989\" target=\"_blank\" rel=\"noopener nofollow\" data-skip-linkfix=\"1\">Finala feminin\u0103<\/a>\u00a0se va disputa s\u00e2mb\u0103t\u0103, 6 mai, \u00een jurul orei 16:00.<\/p>\n<p>  Etichete:  <a href=\"https:\/\/www.digisport.ro\/eticheta\/roland-garros\" rel=\"nofollow noopener\" target=\"_blank\">roland garros<\/a> , <a href=\"https:\/\/www.digisport.ro\/eticheta\/grand-slam\" rel=\"nofollow noopener\" target=\"_blank\">grand slam<\/a> , <a href=\"https:\/\/www.digisport.ro\/eticheta\/matteo-arnaldi\" rel=\"nofollow noopener\" target=\"_blank\">matteo arnaldi<\/a> , <a href=\"https:\/\/www.digisport.ro\/eticheta\/flavio-cobolli\" rel=\"nofollow noopener\" target=\"_blank\">flavio cobolli<\/a>   <\/p>\n<p>Urm\u0103re\u0219te \u0219tirile digisport.ro \u0219i pe <a href=\"https:\/\/news.google.com\/publications\/CAAiENr1L9HFNMG5hpp5zTfVtpsqFAgKIhDa9S_RxTTBuYaaec031bab?ceid=RO:ro&amp;oc=3\" target=\"_blank\" rel=\"external nofollow noopener\">Google News<\/a><\/p>\n<p>   Noua Aplica\u0163ie Digi Sport poate fi desc\u0103rcat\u0103 din   <\/p>\n","protected":false},"excerpt":{"rendered":"Fotbal: Ungaria &#8211; Finlanda, vineri, 20:45, DGS 1 Fotbal: Azerbaidjan &#8211; Malta, vineri, 21:00, DGS 2 Flavio Cobolli&hellip;\n","protected":false},"author":2,"featured_media":198150,"comment_status":"","ping_status":"","sticky":false,"template":"","format":"standard","meta":{"footnotes":"","_share_on_mastodon":"0"},"categories":[5],"tags":[32,33,31,36,37,46726,3471,27,34,35,56058,25,41,1803,40,38,39,26,28,29,30],"class_list":["post-198149","post","type-post","status-publish","format-standard","has-post-thumbnail","category-titluri","tag-breaking-news","tag-breakingnews","tag-cele-mai-populare-subiecte","tag-featured-news","tag-featurednews","tag-flavio-cobolli","tag-grand-slam","tag-headlines","tag-latest-news","tag-latestnews","tag-matteo-arnaldi","tag-news","tag-ro","tag-roland-garros","tag-romana","tag-romania","tag-romanian","tag-stiri","tag-titluri","tag-top-stories","tag-topstories"],"share_on_mastodon":{"url":"https:\/\/pubeurope.com\/@ro\/116699018719387876","error":""},"_links":{"self":[{"href":"https:\/\/www.europesays.com\/ro\/wp-json\/wp\/v2\/posts\/198149","targetHints":{"allow":["GET"]}}],"collection":[{"href":"https:\/\/www.europesays.com\/ro\/wp-json\/wp\/v2\/posts"}],"about":[{"href":"https:\/\/www.europesays.com\/ro\/wp-json\/wp\/v2\/types\/post"}],"author":[{"embeddable":true,"href":"https:\/\/www.europesays.com\/ro\/wp-json\/wp\/v2\/users\/2"}],"replies":[{"embeddable":true,"href":"https:\/\/www.europesays.com\/ro\/wp-json\/wp\/v2\/comments?post=198149"}],"version-history":[{"count":0,"href":"https:\/\/www.europesays.com\/ro\/wp-json\/wp\/v2\/posts\/198149\/revisions"}],"wp:featuredmedia":[{"embeddable":true,"href":"https:\/\/www.europesays.com\/ro\/wp-json\/wp\/v2\/media\/198150"}],"wp:attachment":[{"href":"https:\/\/www.europesays.com\/ro\/wp-json\/wp\/v2\/media?parent=198149"}],"wp:term":[{"taxonomy":"category","embeddable":true,"href":"https:\/\/www.europesays.com\/ro\/wp-json\/wp\/v2\/categories?post=198149"},{"taxonomy":"post_tag","embeddable":true,"href":"https:\/\/www.europesays.com\/ro\/wp-json\/wp\/v2\/tags?post=198149"}],"curies":[{"name":"wp","href":"https:\/\/api.w.org\/{rel}","templated":true}]}}