{"id":198243,"date":"2026-06-05T21:48:10","date_gmt":"2026-06-05T21:48:10","guid":{"rendered":"https:\/\/www.europesays.com\/ro\/198243\/"},"modified":"2026-06-05T21:48:10","modified_gmt":"2026-06-05T21:48:10","slug":"cum-a-reactionat-alexander-zverev-cand-a-aflat-ca-matteo-arnaldi-s-a-retras-arata-ingrozitor-ce-a-dezvaluit-despre-relatia-cu-flavio-cobolli","status":"publish","type":"post","link":"https:\/\/www.europesays.com\/ro\/198243\/","title":{"rendered":"Cum a reac\u021bionat Alexander Zverev c\u00e2nd a aflat c\u0103 Matteo Arnaldi s-a retras: \u201eAr\u0103ta \u00eengrozitor\u201d + ce a dezv\u0103luit despre rela\u021bia cu Flavio Cobolli"},"content":{"rendered":"<p>\n            Articol de <a rel=\"author nofollow noopener\" href=\"https:\/\/www.gsp.ro\/autor\/roxana-fleseru-48.html\" target=\"_blank\">Roxana Fle\u015feru<\/a>            &#8211; Publicat vineri, 05 iunie 2026 21:14            \/ Actualizat vineri, 05 iunie 2026 21:25                    <\/p>\n<p>Alexander Zverev (29 de ani, 3 ATP) a venit la conferin\u021ba de pres\u0103 <a target=\"_self\" class=\"editor-link\" href=\"https:\/\/www.gsp.ro\/sporturi\/tenis\/lovitura-dura-la-roland-garros-matteo-arnaldi-s-a-retras-iar-flavio-cobolli-avanseaza-in-finala-unde-il-va-intalni-pe-alexander-zverev-945047.html\" rel=\"nofollow noopener\">dup\u0103 ce Matteo Arnaldi \u0219i-a anun\u021bat retragerea.<\/a> Germanul, aflat la a patra final\u0103 de Mare \u0218lem, a vorbit despre rela\u021bia de prietenie pe care o are cu Flavio Cobolli (24 de ani, 14 ATP).<\/p>\n<p class=\"do-not-hide\">Alexander Zverev \u0219i Flavio Cobolli sunt cei doi finali\u0219ti ai acestei edi\u021bii de Roland Garros. <a target=\"_self\" class=\"editor-link\" href=\"https:\/\/www.gsp.ro\/sporturi\/tenis\/alexander-zverev-primul-finalist-de-pe-tabloul-masculin-la-roland-garros-945019.html\" rel=\"nofollow noopener\">Germanul l-a \u00eenvins pe Jakub Mensik,<\/a> iar Flavio Cobolli a beneficiat de abandonul lui Matteo Arnaldi, cauzat de un virus.<\/p>\n<p class=\"do-not-hide\">Al treilea juc\u0103tor al lumii a venit la conferin\u021ba de pres\u0103 dup\u0103 anun\u021b \u0219i a vorbit despre retragerea lui Arnaldi: \u201eCred c\u0103 nu acesta este modul \u00een care \u00ee\u021bi dore\u0219ti s\u0103 se desf\u0103\u0219oare o semifinal\u0103 de Grand Slam, dar l-am v\u0103zut \u0219i pe Matteo \u00een vestiar \u0219i ar\u0103ta groaznic. \u00cel \u00een\u021beleg. Nu prea avea ce s\u0103 fac\u0103. Astfel de lucruri se \u00eent\u00e2mpl\u0103. Suntem cu to\u021bii oameni. Nu ne dorim s\u0103 se \u00eent\u00e2mple, dar se \u00eent\u00e2mpl\u0103\u201d, a spus Zverev. El este de p\u0103rere c\u0103 nu este obosit \u0219i crede c\u0103 nu este o problem\u0103 c\u0103 Flavio Cobolli este mai odihnit. <\/p>\n<p>Cobolli-Zverev, o prietenie care a \u00eenceput \u00een 2024<\/p>\n<p>Al 14-lea juc\u0103tor al lumii dezv\u0103luise la conferin\u021ba de pres\u0103 sus\u021binut\u0103 \u00eempreun\u0103 cu Matteo Arnaldi c\u0103 el \u0219i Alexander Zverev au o rela\u021bie de prietenie. Germanul a fost \u00eentrebat despre acest aspect.<\/p>\n<p>\u201eNe-am apropiat la Laver Cup, \u00een 2024, la Berlin. Atunci am devenit apropia\u021bi pentru prima dat\u0103. Apoi, \u00een anumite momente dificile, tat\u0103l lui venea la mine \u0219i \u00eemi punea \u00eentreb\u0103ri. \u00cel \u00eentreba \u0219i pe tat\u0103l meu despre tenis \u0219i despre diverse alte lucruri. \u00centotdeauna am fost bucuros s\u0103 discut cu el. Cred c\u0103 atunci a \u00eenceput totul. Cu unele persoane rela\u021bia continu\u0103 \u00een mod natural, iar cu Flavio exact asta s-a \u00eent\u00e2mplat\u201d, a povestit Zverev.<\/p>\n<p>El a continuat: \u201eEste un juc\u0103tor excelent \u0219i un om extraordinar. \u00cel plac foarte mult. \u00cemi place foarte mult \u0219i tat\u0103l lui. Pentru mine sunt doi oameni foarte, foarte buni. Abia a\u0219tept s\u0103 joc \u00eempotriva lui \u00een final\u0103. Desigur, este prima lui final\u0103, a\u0219a c\u0103 m\u0103 bucur pentru el c\u0103 a ajuns p\u00e2n\u0103 aici. Dar singurul lucru pe care \u00eel pot controla este s\u0103 joc un tenis bun. Voi \u00eencerca s\u0103 \u00eemi ar\u0103t nivelul, s\u0103 fac lucrurile corect \u0219i s\u0103 joc c\u00e2t mai bine. Asta este tot ce conteaz\u0103 pentru mine\u201d.<\/p>\n<p class=\"cifra \">3-1 este scorul\u00eent\u00e2lnirilor directe dintre Alexander Zverev \u0219i Flavio Cobolli<\/p>\n<p>Cum este s\u0103 joci \u00eentr-o final\u0103 de Mare \u0218lem \u00eempotriva unui prieten? \u201eCred c\u0103 atunci c\u00e2nd joci o final\u0103 de Grand Slam nu este at\u00e2t de dificil, pentru c\u0103 \u00eenseamn\u0103 c\u0103 ai ajuns \u00een cea mai \u00eenalt\u0103 faz\u0103 a tenisului. Ai ajuns c\u00e2t se poate de departe \u0219i este frumos s\u0103 \u00eemp\u0103rt\u0103\u0219e\u0219ti acest moment. Desigur, \u00een continuare \u00eencerci s\u0103 \u00eel \u00eenvingi \u0219i s\u0103 c\u00e2\u0219tigi, dar asta este normal. Pentru mine, el este pur \u0219i simplu o persoan\u0103 foarte pl\u0103cut\u0103. Are un suflet bun. Este extrem de amuzant dac\u0103 ajungi s\u0103 \u00eel cuno\u0219ti. \u00cemi place \u0219i tat\u0103l lui, care este de asemenea foarte amuzant. Da, este un tip de treab\u0103\u201d, a spus Zverev.<\/p>\n<p>Alexander Zverev: \u201eAm sim\u021bit mereui c\u0103 voi ajunge din nou aici\u201d<\/p>\n<p>Alexander Zverev va disputa a patra sa final\u0103 de Mare \u0218lem, dup\u0103 cele de la US Open 2020, c\u00e2nd a fost \u00eenvins de Dominic Thiem, Roland Garros 2024, c\u00e2nd a fost \u00eenvins de Carlos Alcaraz, \u0219i Australian Open 2025, c\u00e2nd a fost \u00eenvins de Jannik Sinner.<\/p>\n<p>\u201eNu a trecut chiar at\u00e2t de mult timp de atunci. A fost anul trecut, deci nu vorbim despre o perioad\u0103 foarte lung\u0103. \u00cen cea mai mare parte a acestui timp am fost fie num\u0103rul 2, fie num\u0103rul 3 mondial. A\u0219a c\u0103 am sim\u021bit mereu c\u0103 pot reveni \u00een aceste faze ale turneelor \u0219i c\u0103 voi ajunge din nou aici. Nu am jucat bine anul trecut. Nu practicam cel mai bun tenis al meu, dar sim\u021beam c\u0103 \u00eel voi reg\u0103si. Desigur, sunt fericit s\u0103 fiu din nou \u00een aceast\u0103 faz\u0103 a competi\u021biei\u201d.<\/p>\n","protected":false},"excerpt":{"rendered":"Articol de Roxana Fle\u015feru &#8211; Publicat vineri, 05 iunie 2026 21:14 \/ Actualizat vineri, 05 iunie 2026 21:25&hellip;\n","protected":false},"author":2,"featured_media":198244,"comment_status":"","ping_status":"","sticky":false,"template":"","format":"standard","meta":{"footnotes":"","_share_on_mastodon":"0"},"categories":[5],"tags":[6530,32,33,31,56079,36,37,27,34,35,56058,25,41,53023,40,38,39,26,657,28,29,30],"class_list":["post-198243","post","type-post","status-publish","format-standard","has-post-thumbnail","category-titluri","tag-alexander-zverev","tag-breaking-news","tag-breakingnews","tag-cele-mai-populare-subiecte","tag-fabio-cobolii","tag-featured-news","tag-featurednews","tag-headlines","tag-latest-news","tag-latestnews","tag-matteo-arnaldi","tag-news","tag-ro","tag-roland-garros-2026","tag-romana","tag-romania","tag-romanian","tag-stiri","tag-tenis","tag-titluri","tag-top-stories","tag-topstories"],"share_on_mastodon":{"url":"https:\/\/pubeurope.com\/@ro\/116699706282090773","error":""},"_links":{"self":[{"href":"https:\/\/www.europesays.com\/ro\/wp-json\/wp\/v2\/posts\/198243","targetHints":{"allow":["GET"]}}],"collection":[{"href":"https:\/\/www.europesays.com\/ro\/wp-json\/wp\/v2\/posts"}],"about":[{"href":"https:\/\/www.europesays.com\/ro\/wp-json\/wp\/v2\/types\/post"}],"author":[{"embeddable":true,"href":"https:\/\/www.europesays.com\/ro\/wp-json\/wp\/v2\/users\/2"}],"replies":[{"embeddable":true,"href":"https:\/\/www.europesays.com\/ro\/wp-json\/wp\/v2\/comments?post=198243"}],"version-history":[{"count":0,"href":"https:\/\/www.europesays.com\/ro\/wp-json\/wp\/v2\/posts\/198243\/revisions"}],"wp:featuredmedia":[{"embeddable":true,"href":"https:\/\/www.europesays.com\/ro\/wp-json\/wp\/v2\/media\/198244"}],"wp:attachment":[{"href":"https:\/\/www.europesays.com\/ro\/wp-json\/wp\/v2\/media?parent=198243"}],"wp:term":[{"taxonomy":"category","embeddable":true,"href":"https:\/\/www.europesays.com\/ro\/wp-json\/wp\/v2\/categories?post=198243"},{"taxonomy":"post_tag","embeddable":true,"href":"https:\/\/www.europesays.com\/ro\/wp-json\/wp\/v2\/tags?post=198243"}],"curies":[{"name":"wp","href":"https:\/\/api.w.org\/{rel}","templated":true}]}}