{"id":198940,"date":"2026-06-06T21:58:13","date_gmt":"2026-06-06T21:58:13","guid":{"rendered":"https:\/\/www.europesays.com\/ro\/198940\/"},"modified":"2026-06-06T21:58:13","modified_gmt":"2026-06-06T21:58:13","slug":"stupoare-la-roland-garros-semifinala-italiana-nu-s-a-mai-disputat-care-e-motivul","status":"publish","type":"post","link":"https:\/\/www.europesays.com\/ro\/198940\/","title":{"rendered":"Stupoare la Roland-Garros. Semifinala italian\u0103 nu s-a mai disputat. Care e motivul"},"content":{"rendered":"<p>Vineri, 05 Iunie 2026, ora 20:15<\/p>\n<p>5139 citiri<\/p>\n<p><a class=\"news__image\" data-href=\"https:\/\/s2.ziareromania.ro\/?mmid=fc20456b0d3d8fb94a\" data-size=\"1024x639\" title=\"Stupoare la Roland-Garros. Semifinala italian\u0103 nu s-a mai disputat. Care e motivul\"><img decoding=\"async\" src=\"https:\/\/www.europesays.com\/ro\/wp-content\/uploads\/2026\/06\/Stupoare-la-Roland-Garros--Semifinala-italian---nu-s-a-mai-disputat--Care-e-motivul.jpg\" alt=\"Stupoare la Roland-Garros. Semifinala italian\u0103 nu s-a mai disputat. Care e motivul\" title=\"Stupoare la Roland-Garros. Semifinala italian\u0103 nu s-a mai disputat. Care e motivul\" class=\"img-responsive\"\/><\/a><\/p>\n<p>Flavio Cobolli FOTO X Jose Moron<\/p>\n<p>Tenismanul italian Flavio Cobolli, num\u0103rul 14 mondial, s-a calificat \u00een finala turneului de Mare \u0218lem de la Roland Garros dup\u0103 ce compatriotul s\u0103u Matteo Arnaldi, num\u0103rul 104 mondial, a declarat forfait din cauza unui virus, au indicat organizatorii, cita\u021bi de AFP.<\/p>\n<p>Flavio Cobolli va juca duminic\u0103 prima sa final\u0103 de Grand Slam \u00eempotriva germanului Alexander Zverev, num\u0103rul 3 mondial, care, la 29 de ani, este \u00een c\u0103utarea primului s\u0103u titlu major dup\u0103 trei \u00eenfr\u00e2ngeri \u00een finale (US Open 2020, Roland Garros 2024, <a href=\"https:\/\/ziare.com\/tenis\/australian-open\/\" title=\"Australian Open\" rel=\"nofollow noopener\" target=\"_blank\">Australian Open<\/a> 2025).<\/p>\n<p>Matteo Arnaldi a fost juc\u0103torul cu cel mai slab clasament care a ajuns \u00een semifinalele de la Roland Garros \u00een ultimii aproape 30 de ani. Sportivul n\u0103scut la <a href=\"https:\/\/ziare.com\/sanremo\/\" title=\"Sanremo\" rel=\"nofollow noopener\" target=\"_blank\">Sanremo<\/a> a jucat o serie de meciuri maraton la Paris, petrec\u00e2nd \u00een total 19 ore \u0219i 42 de minute \u00een cinci meciuri disputate pe terenurile de la Roland Garros, un record pentru turneele de Mare \u0218lem.<\/p>\n<p>Vineri, Alexander Zverev a trecut \u00een semifinale de cehul Jakub Mensik, num\u0103rul 27 mondial, \u00een patru seturi, 7-5, 6-2, 3-6, 6-3.<\/p>\n<p>C\u00e2\u0219tig\u0103tor a 24 de titluri <a href=\"https:\/\/ziare.com\/tenis\/atp\/\" title=\"ATP\" rel=\"nofollow noopener\" target=\"_blank\">ATP<\/a>, inclusiv \u0219apte turnee ATP Masters 1.000, cele mai prestigioase dup\u0103 cele de Grand Slam, germanul conduce cu 3-1 \u00een meciurile directe \u00eempotriva lui Cobolli.<\/p>\n<p>\u021ai-a pl\u0103cut articolul?<\/p>\n<p> Vrem s\u0103 producem mai multe, \u00eens\u0103 avem nevoie de sus\u021binerea ta. Orice dona\u021bie conteaz\u0103 pentru jurnalismul independent <\/p>\n","protected":false},"excerpt":{"rendered":"Vineri, 05 Iunie 2026, ora 20:15 5139 citiri Flavio Cobolli FOTO X Jose Moron Tenismanul italian Flavio Cobolli,&hellip;\n","protected":false},"author":2,"featured_media":160710,"comment_status":"","ping_status":"","sticky":false,"template":"","format":"standard","meta":{"footnotes":"","_share_on_mastodon":"0"},"categories":[20],"tags":[46726,56058,13945,41,1803,40,38,39,8297,185,184],"class_list":["post-198940","post","type-post","status-publish","format-standard","has-post-thumbnail","category-sport","tag-flavio-cobolli","tag-matteo-arnaldi","tag-motiv","tag-ro","tag-roland-garros","tag-romana","tag-romania","tag-romanian","tag-semifinale","tag-sport","tag-sports"],"share_on_mastodon":{"url":"https:\/\/pubeurope.com\/@ro\/116705408142300565","error":""},"_links":{"self":[{"href":"https:\/\/www.europesays.com\/ro\/wp-json\/wp\/v2\/posts\/198940","targetHints":{"allow":["GET"]}}],"collection":[{"href":"https:\/\/www.europesays.com\/ro\/wp-json\/wp\/v2\/posts"}],"about":[{"href":"https:\/\/www.europesays.com\/ro\/wp-json\/wp\/v2\/types\/post"}],"author":[{"embeddable":true,"href":"https:\/\/www.europesays.com\/ro\/wp-json\/wp\/v2\/users\/2"}],"replies":[{"embeddable":true,"href":"https:\/\/www.europesays.com\/ro\/wp-json\/wp\/v2\/comments?post=198940"}],"version-history":[{"count":0,"href":"https:\/\/www.europesays.com\/ro\/wp-json\/wp\/v2\/posts\/198940\/revisions"}],"wp:featuredmedia":[{"embeddable":true,"href":"https:\/\/www.europesays.com\/ro\/wp-json\/wp\/v2\/media\/160710"}],"wp:attachment":[{"href":"https:\/\/www.europesays.com\/ro\/wp-json\/wp\/v2\/media?parent=198940"}],"wp:term":[{"taxonomy":"category","embeddable":true,"href":"https:\/\/www.europesays.com\/ro\/wp-json\/wp\/v2\/categories?post=198940"},{"taxonomy":"post_tag","embeddable":true,"href":"https:\/\/www.europesays.com\/ro\/wp-json\/wp\/v2\/tags?post=198940"}],"curies":[{"name":"wp","href":"https:\/\/api.w.org\/{rel}","templated":true}]}}