{"id":198954,"date":"2026-06-06T22:21:10","date_gmt":"2026-06-06T22:21:10","guid":{"rendered":"https:\/\/www.europesays.com\/ro\/198954\/"},"modified":"2026-06-06T22:21:10","modified_gmt":"2026-06-06T22:21:10","slug":"revolutia-preturilor-revine-la-emag-iphone-17-pro-max-si-sute-de-carduri-cadou-se-afla-printre-premiile-campaniei","status":"publish","type":"post","link":"https:\/\/www.europesays.com\/ro\/198954\/","title":{"rendered":"Revolu\u021bia Pre\u021burilor revine la eMAG; iPhone 17 Pro Max \u0219i sute de carduri cadou se afl\u0103 printre premiile campaniei"},"content":{"rendered":"<p><a href=\"https:\/\/www.mobilissimo.ro\/autori\/szilard-ervin-szogyenyi\" target=\"_top\" title=\"profil Szil\u00e1rd-Ervin Sz\u0151gy\u00e9nyi\" rel=\"nofollow noopener\"><img loading=\"lazy\" decoding=\"async\" src=\"https:\/\/www.europesays.com\/ro\/wp-content\/uploads\/2026\/06\/1780784469_248_616f5108ac208.jpg\" width=\"30\" height=\"30\" border=\"0\"\/><\/a>Autor: <a href=\"https:\/\/www.mobilissimo.ro\/autori\/szilard-ervin-szogyenyi\" target=\"_top\" title=\"profil Szil\u00e1rd-Ervin Sz\u0151gy\u00e9nyi\" itemprop=\"name\" rel=\"nofollow noopener\">Szil\u00e1rd-Ervin Sz\u0151gy\u00e9nyi<\/a>\u00a0|\u00a0Publicat \u00een:\u00a0\t\t\t\t\t\t\t<a href=\"https:\/\/www.mobilissimo.ro\/stiri-despre\/reduceri\" target=\"_top\" title=\"totul despre Reduceri\" rel=\"nofollow noopener\">Reduceri<\/a>\u00a0497 ori06-06-2026<a class=\"photo ui-action-fancybox articleHeroLightboxLink\" href=\"https:\/\/images1.mobilissimo.ro\/4Ma\/6a246a703319b.jpg\" data-fancybox-source=\"\/\/images1.mobilissimo.ro\/4Ma\/6a246a703319b.jpg\" data-fancybox-fallback-source=\"\/photos\/1600x900-crop\/419484\/419484.jpg?upscale=1&amp;format=jpg\" data-original-width=\"1672\" data-original-height=\"941\" title=\"Revolu\u021bia Pre\u021burilor revine la eMAG; iPhone 17 Pro Max \u0219i sute de carduri cadou se afl\u0103 printre premiile campaniei\" aria-label=\"Deschide imaginea articolului\" style=\"display: block;\" rel=\"nofollow noopener\" target=\"_blank\"><img loading=\"lazy\" decoding=\"async\" src=\"https:\/\/www.mobilissimo.ro\/photos\/1600x900-crop\/419484\/419484.webp?upscale=1&amp;format=webp\" data-fallback-src=\"\/photos\/1600x900-crop\/419484\/419484.jpg?upscale=1&amp;format=jpg\" onerror=\"this.onerror=null;var s=this.getAttribute('data-fallback-src');if(s){this.src=s;}\" alt=\"Revolu\u021bia Pre\u021burilor revine la eMAG; iPhone 17 Pro Max \u0219i sute de carduri cadou se afl\u0103 printre premiile campaniei\" class=\"ui-no-constraint mainPhoto\" border=\"0\" width=\"1600\" height=\"900\" style=\"display: block; width: 100%; height: auto;\"\/><\/a><a data-popup-href=\"https:\/\/www.facebook.com\/sharer\/sharer.php?u=https%3A%2F%2Fwww.mobilissimo.ro%2Freduceri-diverse%2Frevolutia-preturilor-revine-la-emag-iphone-17-pro-max-si-sute-de-carduri-cadou-se-afla-printre-premiile-campaniei\" target=\"_blank\" rel=\"noopener noreferrer nofollow\" class=\"facebook\">Facebook<\/a><a data-popup-href=\"https:\/\/twitter.com\/share?via=mobilissimo&amp;text=Revolu%C8%9Bia+Pre%C8%9Burilor+revine+la+eMAG%3B+iPhone+17+Pro+Max+%C8%99i+sute+de+carduri+cadou+se+afl%C4%83+printre+premiile+campaniei&amp;url=https%3A%2F%2Fwww.mobilissimo.ro%2Freduceri-diverse%2Frevolutia-preturilor-revine-la-emag-iphone-17-pro-max-si-sute-de-carduri-cadou-se-afla-printre-premiile-campaniei\" target=\"_blank\" rel=\"noopener noreferrer nofollow\" class=\"twitter\">Twitter<\/a><a data-popup-href=\"https:\/\/pinterest.com\/pin\/create\/button\/?url=https%3A%2F%2Fwww.mobilissimo.ro%2Freduceri-diverse%2Frevolutia-preturilor-revine-la-emag-iphone-17-pro-max-si-sute-de-carduri-cadou-se-afla-printre-premiile-campaniei&amp;media=&amp;description=\" target=\"_blank\" rel=\"noopener noreferrer nofollow\" class=\"pinterest\">Pinterest<\/a><a data-popup-href=\"https:\/\/plus.google.com\/share?url=https%3A%2F%2Fwww.mobilissimo.ro%2Freduceri-diverse%2Frevolutia-preturilor-revine-la-emag-iphone-17-pro-max-si-sute-de-carduri-cadou-se-afla-printre-premiile-campaniei\" target=\"_blank\" rel=\"noopener noreferrer nofollow\" class=\"googleplus\">Google+<\/a><\/p>\n<p><a href=\"https:\/\/www.bf.ro\/go\/fvbbmXTX\" rel=\"nofollow noopener\" target=\"_blank\">Revolu\u021bia Pre\u021burilor de la eMAG<\/a> revine \u00een perioada 9-11 iunie 2026, iar retailerul a \u00eenceput deja s\u0103 dezv\u0103luie o parte dintre ofertele \u0219i premiile preg\u0103tite pentru aceast\u0103 edi\u021bie. Campania va include peste un milion de reduceri din categorii diverse, de la electronice \u0219i electrocasnice p\u00e2n\u0103 la produse pentru cas\u0103, gr\u0103din\u0103 sau \u00eengrijire personal\u0103. \u00cen plus, cump\u0103r\u0103torii vor fi \u00eenscri\u0219i automat la o tombol\u0103, iar utilizatorii aplica\u021biei eMAG vor beneficia de \u0219anse duble la extragere.<\/p>\n<p>Printre premiile anun\u021bate de eMAG se reg\u0103sesc produse foarte c\u0103utate, dar \u0219i sute de recompense sub form\u0103 de vouchere. Conform informa\u021biilor publicate de retailer, lista include:<\/p>\n<ul>\n<li>iPhone 17 Pro Max<\/li>\n<li>Televizor Samsung OLED<\/li>\n<li>10 l\u0103zi frigorifice Polarbox<\/li>\n<li>5 seturi de trollere Caterpillar<\/li>\n<li>10 seturi de cosmetice Kiehl&#8217;s<\/li>\n<li>450 de carduri cadou eMAG \u00een valoare de 100 de lei fiecare<\/li>\n<\/ul>\n<p style=\"text-align: center;\"><a href=\"https:\/\/www.europesays.com\/ro\/wp-content\/uploads\/2026\/06\/Screenshot_111(2).jpg\" style=\"text-align: center;\"><img decoding=\"async\" alt=\"Revolu\u021bia Pre\u021burilor revine la eMAG\" src=\"https:\/\/www.europesays.com\/ro\/wp-content\/uploads\/2026\/06\/Screenshot_111(2).jpg\" style=\"height:497px; width:592px\"\/><\/a><\/p>\n<p>Primele produse afi\u0219ate \u00een cadrul campaniei arat\u0103 c\u0103 accentul cade pe gadgeturi, electrocasnice \u0219i produse de sezon. Printre cele mai interesante oferte publicate p\u00e2n\u0103 acum se num\u0103r\u0103:<\/p>\n<ul>\n<li>Nothing Phone (3a), 256 GB \u2013 <a href=\"https:\/\/www.bf.ro\/go\/f3sVhS6C\" rel=\"nofollow noopener\" target=\"_blank\">1.499 lei<\/a> (reducere 22%)<\/li>\n<li>Televizor LG UHD AI 43 inch 4K \u2013 <a href=\"https:\/\/www.bf.ro\/go\/3JDCdpdD\" rel=\"nofollow noopener\" target=\"_blank\">999 lei<\/a> (reducere 16%)<\/li>\n<li>Combin\u0103 frigorific\u0103 Samsung 390 litri \u2013 <a href=\"https:\/\/www.bf.ro\/go\/FLzf2FqF\" rel=\"nofollow noopener\" target=\"_blank\">2.399 lei<\/a> (reducere 11%)<\/li>\n<li>Aspirator f\u0103r\u0103 sac Rowenta Swift Power Cyclonic \u2013 <a href=\"https:\/\/www.bf.ro\/go\/MKk73WYI\" rel=\"nofollow noopener\" target=\"_blank\">249 lei<\/a> (reducere 23%)<\/li>\n<li>Friteuz\u0103 cu aer cald Tefal 4.2 litri \u2013 <a href=\"https:\/\/www.bf.ro\/go\/nCW0AULv\" rel=\"nofollow noopener\" target=\"_blank\">449 lei<\/a> (reducere 10%)<\/li>\n<li>Tigaie Tefal Professional 24 cm \u2013 <a href=\"https:\/\/www.bf.ro\/go\/4woHUGlj\" rel=\"nofollow noopener\" target=\"_blank\">49 lei<\/a> (reducere 27%)<\/li>\n<\/ul>\n<p>Pe m\u0103sur\u0103 ce se apropie debutul campaniei, <a href=\"https:\/\/www.bf.ro\/go\/fvbbmXTX\" rel=\"nofollow noopener\" target=\"_blank\">eMAG<\/a> afi\u0219eaz\u0103 \u0219i alte produse cu discounturi consistente. Reducerile ajung p\u00e2n\u0103 la 54% \u00een unele categorii \u0219i includ at\u00e2t articole pentru familie, c\u00e2t \u0219i produse pentru sezonul cald.<\/p>\n<p style=\"text-align: center;\"><a href=\"https:\/\/www.europesays.com\/ro\/wp-content\/uploads\/2026\/06\/Screenshot_110(1).jpg\"><img decoding=\"async\" alt=\"Alte produse deja confirmate la reducere\" src=\"https:\/\/www.europesays.com\/ro\/wp-content\/uploads\/2026\/06\/Screenshot_110(1).jpg\" style=\"height:175px; width:592px\"\/><\/a><\/p>\n<p>Alte produse deja confirmate la reducere<\/p>\n<ul>\n<li>Aparat de ras Gillette ProGlide cu 12 rezerve \u2013 <a href=\"https:\/\/www.bf.ro\/go\/n57kDhs7\" rel=\"nofollow noopener\" target=\"_blank\">139 lei<\/a> (reducere 43%)<\/li>\n<li>Premium Probiotic + Prebiotic Vegan \u2013 <a href=\"https:\/\/www.bf.ro\/go\/YW28zy7a\" rel=\"nofollow noopener\" target=\"_blank\">40 lei<\/a> (reducere 54%)<\/li>\n<li>LEGO Disney Pixar, 811 piese \u2013 <a href=\"https:\/\/www.bf.ro\/go\/g2j51Syv\" rel=\"nofollow noopener\" target=\"_blank\">199 lei<\/a> (reducere 25%)<\/li>\n<li>Ma\u0219inu\u021b\u0103 cu telecomand\u0103 Mappy \u2013 <a href=\"https:\/\/www.bf.ro\/go\/WXcsyX6P\" rel=\"nofollow noopener\" target=\"_blank\">47 lei<\/a> (reducere 41%)<\/li>\n<li>Triciclet\u0103 Coccolle ultrapliabil\u0103 \u2013 <a href=\"https:\/\/www.bf.ro\/go\/oNm3cHoY\" rel=\"nofollow noopener\" target=\"_blank\">599 lei<\/a> (reducere 20%)<\/li>\n<li>Piscin\u0103 gonflabil\u0103 Intex \u2013 <a href=\"https:\/\/www.bf.ro\/go\/4BuY2cdi\" rel=\"nofollow noopener\" target=\"_blank\">90 lei<\/a> (reducere 40%)<\/li>\n<li>Motocoas\u0103 Steinhaus \u2013 <a href=\"https:\/\/www.bf.ro\/go\/dJ3Rh8w6\" rel=\"nofollow noopener\" target=\"_blank\">300 lei<\/a> (reducere 21%)<\/li>\n<li>\u0218ezlong pliabil JEMIDI \u2013 <a href=\"https:\/\/www.bf.ro\/go\/EBZaXKzm\" rel=\"nofollow noopener\" target=\"_blank\">139 lei<\/a> (reducere 30%)<\/li>\n<li>Set mobilier de gr\u0103din\u0103 Kilimanjaro \u2013 <a href=\"https:\/\/www.bf.ro\/go\/6gkQ7gmy\" rel=\"nofollow noopener\" target=\"_blank\">699 lei<\/a> (reducere 22%)<\/li>\n<li>Lad\u0103 frigorific\u0103 Polarbox Classic 20L \u2013 <a href=\"https:\/\/www.bf.ro\/go\/cRbBZHrR\" rel=\"nofollow noopener\" target=\"_blank\">127 lei<\/a> (reducere 25%)<\/li>\n<li>Sandale Skechers pentru femei \u2013 <a href=\"https:\/\/www.bf.ro\/go\/qhjZvNHV\" rel=\"nofollow noopener\" target=\"_blank\">129 lei<\/a> (reducere 24%)<\/li>\n<li>Ochelari de soare Marc Lauder \u2013 <a href=\"https:\/\/www.bf.ro\/go\/ftJ8u7EW\" rel=\"nofollow noopener\" target=\"_blank\">99 lei<\/a> (reducere 23%)<\/li>\n<\/ul>\n<p>Primele oferte sugereaz\u0103 c\u0103 retailerul \u00eencearc\u0103 s\u0103 acopere majoritatea categoriilor importante de produse, de la telefoane \u0219i televizoare p\u00e2n\u0103 la articole pentru gr\u0103din\u0103, vacan\u021b\u0103 \u0219i activit\u0103\u021bi \u00een aer liber. Lista complet\u0103 a ofertelor \u0219i regulamentul campaniei pot fi consultate pe pagina dedicat\u0103 <a href=\"https:\/\/www.bf.ro\/go\/fvbbmXTX\" rel=\"nofollow noopener\" target=\"_blank\">Revolu\u021biei Pre\u021burilor<\/a>.<\/p>\n<p>Aboneaz\u0103-te la newsletter<\/p>\n<p class=\"articleSupportLead\">Prime\u0219ti \u00een inbox selec\u021bia Mobilissimo, iar abonarea se finalizeaz\u0103 direct \u00een Substack.<\/p>\n<p><a href=\"https:\/\/mobilissimo.substack.com\/\" target=\"_blank\" rel=\"noopener noreferrer nofollow\" class=\"articleNewsletterSecondaryLink\">Vezi publica\u021bia pe Substack<\/a><\/p>\n<p class=\"articleNewsletterNote\">Dup\u0103 trimitere ajungi \u00een fluxul oficial Substack al publica\u021biei Mobilissimo.<\/p>\n<p><script async src=\"https:\/\/platform.twitter.com\/widgets.js\" charset=\"utf-8\"><\/script><\/p>\n","protected":false},"excerpt":{"rendered":"Autor: Szil\u00e1rd-Ervin Sz\u0151gy\u00e9nyi\u00a0|\u00a0Publicat \u00een:\u00a0 Reduceri\u00a0497 ori06-06-2026FacebookTwitterPinterestGoogle+ Revolu\u021bia Pre\u021burilor de la eMAG revine \u00een perioada 9-11 iunie 2026, iar&hellip;\n","protected":false},"author":2,"featured_media":198955,"comment_status":"","ping_status":"","sticky":false,"template":"","format":"standard","meta":{"footnotes":"","_share_on_mastodon":"0"},"categories":[16],"tags":[152,2603,56235,56234,41,40,38,39,56236,141,124],"class_list":["post-198954","post","type-post","status-publish","format-standard","has-post-thumbnail","category-tehnologie","tag-emag","tag-iphone-17-pro-max","tag-nothing-phone-3a","tag-revolutia-preturilor","tag-ro","tag-romana","tag-romania","tag-romanian","tag-samsung-oled","tag-technology","tag-tehnologie"],"share_on_mastodon":{"url":"https:\/\/pubeurope.com\/@ro\/116705498763234305","error":""},"_links":{"self":[{"href":"https:\/\/www.europesays.com\/ro\/wp-json\/wp\/v2\/posts\/198954","targetHints":{"allow":["GET"]}}],"collection":[{"href":"https:\/\/www.europesays.com\/ro\/wp-json\/wp\/v2\/posts"}],"about":[{"href":"https:\/\/www.europesays.com\/ro\/wp-json\/wp\/v2\/types\/post"}],"author":[{"embeddable":true,"href":"https:\/\/www.europesays.com\/ro\/wp-json\/wp\/v2\/users\/2"}],"replies":[{"embeddable":true,"href":"https:\/\/www.europesays.com\/ro\/wp-json\/wp\/v2\/comments?post=198954"}],"version-history":[{"count":0,"href":"https:\/\/www.europesays.com\/ro\/wp-json\/wp\/v2\/posts\/198954\/revisions"}],"wp:featuredmedia":[{"embeddable":true,"href":"https:\/\/www.europesays.com\/ro\/wp-json\/wp\/v2\/media\/198955"}],"wp:attachment":[{"href":"https:\/\/www.europesays.com\/ro\/wp-json\/wp\/v2\/media?parent=198954"}],"wp:term":[{"taxonomy":"category","embeddable":true,"href":"https:\/\/www.europesays.com\/ro\/wp-json\/wp\/v2\/categories?post=198954"},{"taxonomy":"post_tag","embeddable":true,"href":"https:\/\/www.europesays.com\/ro\/wp-json\/wp\/v2\/tags?post=198954"}],"curies":[{"name":"wp","href":"https:\/\/api.w.org\/{rel}","templated":true}]}}