{"id":199053,"date":"2026-06-07T05:49:13","date_gmt":"2026-06-07T05:49:13","guid":{"rendered":"https:\/\/www.europesays.com\/ro\/199053\/"},"modified":"2026-06-07T05:49:13","modified_gmt":"2026-06-07T05:49:13","slug":"lovit-de-ghinion-la-roland-garros-s-a-retras-inainte-de-meciul-carierei-n-am-putut-dormi-deloc-reactia-virala-a-lui-agassi-si-cine-sunt-cei-doi-finalisti","status":"publish","type":"post","link":"https:\/\/www.europesays.com\/ro\/199053\/","title":{"rendered":"Lovit de ghinion la Roland Garros! S-a retras \u00eenainte de meciul carierei: \u201eN-am putut dormi deloc\u201d. Reac\u021bia viral\u0103 a lui Agassi \u0219i cine sunt cei doi finali\u0219ti"},"content":{"rendered":"<ul class=\"bullets\">&#13;<\/p>\n<li>Italianul Matteo Arnaldi (25 de ani, #104 ATP) s-a retras \u00eenainte de cea de-a doua semifinal\u0103 de la Roland Garros, pe care urma s\u0103 o dispute \u00eempotriva lui Flavio Cobolli (24 de ani, #14 ATP).<\/li>\n<p>&#13;<br \/>\n&#13;<\/p>\n<li>\u00cen marea final\u0103, Coboli se va duela cu Alexander Zverev (29 de ani, #3 ATP).<\/li>\n<p>&#13;\n<\/ul>\n<p><a id=\"google-source-button\" class=\"google-favorite\" target=\"_blank\" href=\"https:\/\/www.google.com\/preferences\/source?q=golazo.ro\" rel=\"nofollow noopener\"><\/p>\n<p>        <img decoding=\"async\" src=\"https:\/\/golazo.ro\/images\/google-logo.svg\" alt=\"\"\/><br \/>\n        <img decoding=\"async\" src=\"https:\/\/golazo.ro\/images\/check-icon-2.svg\" alt=\"\"\/><\/p>\n<p>    Adaug\u0103 GOLAZO.ro la favorite<\/p>\n<p><\/a><\/p>\n<p class=\"\">Ghinion uria\u0219 pentru Matteo Arnaldi. Dup\u0103 un parcurs remarcabil la Paris, italianul a fost nevoit s\u0103 declare forfait chiar \u00eenaintea primei sale semifinale de Grand Slam din carier\u0103, din cauza unui virus la stomac.<\/p>\n<p>Matteo Arnaldi s-a retras \u00eenainte de a doua semifinal\u0103 de la Roland Garros! Coboli merge \u00een final\u0103<\/p>\n<p class=\"\">La scurt timp dup\u0103 ce s-a retras, Arnaldi \u0219i-a explicat decizia \u00een cadrul unei conferin\u021be de pres\u0103.<\/p>\n<p class=\"\">\u201eE greu s\u0103 fiu aici. Nu asta mi-am dorit. Dar asear\u0103 am \u00eenceput s\u0103 m\u0103 simt cam r\u0103u. Ieri m\u0103 sim\u021beam bine. Am venit la antrenament \u0219i am f\u0103cut tot ce trebuia s\u0103 fac. M\u0103 sim\u021beam bine. Am luat cina. Am \u00eenceput s\u0103 m\u0103 simt cam r\u0103u la stomac. <\/p>\n<p class=\"\">Mi-am spus: \u00abBine, probabil c\u0103 nu am digerat prea bine\u00bb. M-am trezit la ora 1 diminea\u021ba \u0219i am \u00eenceput s\u0103 vomit. Nu m\u0103 sim\u021beam prea bine. Apoi am \u00eencercat s\u0103 dorm.<\/p>\n<p class=\"\">Nu am putut dormi deloc. La ora 6, 7 diminea\u021ba am vomitat din nou. De data aceasta a fost destul de grav. L-am chemat pe doctor \u00een camer\u0103. <\/p>\n<p class=\"\">A venit \u0219i mi-a dat ni\u0219te medicamente. Speram s\u0103 fie doar ceva de la cin\u0103 sau ceva de genul \u0103sta. <\/p>\n<blockquote class=\"twitter-tweet\">\n<p lang=\"en\" dir=\"ltr\">Matteo Arnaldi and Flavio Cobolli in the press room together, Matteo issues his official statement about his withdrawal from Roland Garros:<\/p>\n<p>\u201cIt\u2019s difficult to be here. It\u2019s not what I wanted to do. But last night I started to feel not very well. Yesterday I was feeling okay. I\u2026 <a href=\"https:\/\/t.co\/uJyt7PKWTX\" rel=\"nofollow\">pic.twitter.com\/uJyt7PKWTX<\/a><\/p>\n<p>\u2014 The Tennis Letter (@TheTennisLetter) <a href=\"https:\/\/x.com\/TheTennisLetter\/status\/2062941436010713365?ref_src=twsrc%5Etfw\" rel=\"nofollow\">June 5, 2026<\/a><\/p><\/blockquote>\n<p class=\"\">Pe parcursul zilei nu am putut m\u00e2nca. De fiecare dat\u0103 c\u00e2nd m\u00e2ncam sau beam ceva, m\u0103 \u00eentorceam la baie. A\u0219a c\u0103 e greu. E greu. Av\u00e2nd \u00een vedere cum a decurs turneul, av\u00e2nd \u00een vedere c\u00e2te ore am petrecut pe teren, m\u0103 sim\u021beam de fapt foarte bine.<\/p>\n<p class=\"\">S\u0103 fii nevoit s\u0103 te retragi din prima ta semifinal\u0103 de Grand Slam nu este ceva ce ai dori pentru nimeni. Am \u00eencercat s\u0103 m\u0103 preg\u0103tesc \u0219i am \u00eencercat s\u0103 r\u0103m\u00e2n aici c\u00e2t de mult am putut. <\/p>\n<p class=\"\">Am \u00eencercat s\u0103 v\u0103d dac\u0103 pot intra pe teren, dar de fiecare dat\u0103 c\u00e2nd m\u0103 ridic, am ame\u021beli \u0219i nu m\u0103 simt prea bine. Sunt destul de sigur c\u0103, dac\u0103 m\u0103n\u00e2nc din nou, nu m\u0103 voi sim\u021bi bine. A fost decizia corect\u0103 pe care trebuia s\u0103 o iau\u201d, a declarat Matteo Arnaldi, potrivit <a target=\"_blank\" href=\"https:\/\/x.com\/TheTennisLetter\/status\/2062941436010713365\" rel=\"nofollow\">The Tennis Letter<\/a>.<\/p>\n<p>70 de pozi\u021bii<\/p>\n<p>urc\u0103 Matteo Arnaldi \u00een clasamentul ATP, dup\u0103 parcursul excelent de la Roland Garros. Va ocupa locul 3 (cel mai sus a fost pe 30)<\/p>\n<p class=\"\">Imediat dup\u0103 anun\u021bul sportivului de 23 de ani, organizatorii turneului au afi\u0219at pe ecranele arenei Philippe-Chatrier un mesaj \u00een care se preciza c\u0103 biletele vor fi rambursate integral.<\/p>\n<p class=\"\">De asemenea, legendarul Andre Agassi (56 de ani), fost #1 ATP, \u0219i-a pus m\u00e2inile \u00een cap c\u00e2nd a auzit vestea dat\u0103 de Arnaldi.<\/p>\n<p>    <img decoding=\"async\" src=\"https:\/\/www.europesays.com\/ro\/wp-content\/uploads\/2026\/06\/andre-agassi-2.jpg\" alt=\"Reac\u021bia lui Andre Agassi dup\u0103 ce Matteo Arnaldi s-a retras de la Roland Garros (FOTO: captur\u0103 TNT Sports)\" data-blur=\"https:\/\/www.europesays.com\/ro\/wp-content\/uploads\/2026\/06\/andre-agassi-2.jpg\" width=\"684\" height=\"879\" class=\"blur\" loading=\"lazy\"\/><\/p>\n<p>            <img decoding=\"async\" src=\"https:\/\/www.europesays.com\/ro\/wp-content\/uploads\/2026\/06\/1780811353_734_andre-agassi-2.jpg\" loading=\"lazy\" alt=\"Reac\u021bia lui Andre Agassi dup\u0103 ce Matteo Arnaldi s-a retras de la Roland Garros (FOTO: captur\u0103 TNT Sports)\" width=\"684\" height=\"879\"\/><\/p>\n<p>        Galerie foto (4 imagini)<\/p>\n<p>                    <a href=\"https:\/\/golazo.ro\/reactia-lui-andre-agassi-dupa-ce-matteo-arnaldi-s-a-retras-de-la-roland-garros-foto-captura-tnt-sports-176427-g1?articleSource=176426\" class=\"gallery-link\" aria-label=\"Show gallery\" rel=\"nofollow noopener\" target=\"_blank\"><\/p>\n<p>                +4 Foto<br \/>\n            <\/a><\/p>\n<p>    <a href=\"https:\/\/golazo.ro\/reactia-lui-andre-agassi-dupa-ce-matteo-arnaldi-s-a-retras-de-la-roland-garros-foto-captura-tnt-sports-176427-g1\/reactia-lui-andre-agassi-dupa-ce-matteo-arnaldi-s-a-retras-de-la-roland-garros-foto-captura-tnt-sports-444060?articleSource=176426\" class=\"link\" rel=\"nofollow noopener\" target=\"_blank\">labels.photo-gallery<\/a><\/p>\n<p>Flavio Coboli &#8211; Alexander Zverez, finala masculin\u0103 de la Roland Garros<\/p>\n<p class=\"\">Dup\u0103 retragerea compatriotului s\u0103u, Flavio Coboli, <a target=\"_blank\" href=\"https:\/\/golazo.ro\/flavio-cobolli-sebastian-baez-tiriac-open-atp-131790\" data-type=\"link\" data-id=\"https:\/\/golazo.ro\/flavio-cobolli-sebastian-baez-tiriac-open-atp-131790\" rel=\"nofollow noopener\">c\u00e2\u0219tig\u0103tor al turneului \u021airiac Open 2025<\/a>, s-a calificat \u00een prima sa final\u0103 de Grand Slam, unde \u00eel va \u00eent\u00e2lni pe Alexander Zverez.<\/p>\n<p class=\"\">Neam\u021bul a trecut \u00een semifinale de cehul Jakub Mensik (20 de ani, #27 ATP), scor 7-5, 6-2, 3-6, 6-3.<\/p>\n<p class=\"\">Va fi a cincea confruntare dintre Zverez \u0219i Coboli, scorul fiind 3-1 pentru juc\u0103torul din Germania.<\/p>\n<p class=\"\">Cei doi s-au \u00eent\u00e2lnit \u0219i anul trecut la Roland Garros, iar Zverez se impunea \u00een minimum de seturi, 6-2, 7-6 (4), 6-1.<\/p>\n<p class=\"\">Pentru \u201eSascha\u201d va fi a patra final\u0103 de Grand Slam a carierei. Le-a pierdut pe precedentele trei: US Open 2020,  Roland Garros 2024 \u0219i Australian Open 2025.<\/p>\n<p>Cite\u0219te \u0219i<\/p>\n<p>VIDEO: cele mai noi imagini din sport<\/p>\n<p><script async src=\"https:\/\/platform.twitter.com\/widgets.js\" charset=\"utf-8\"><\/script><\/p>\n","protected":false},"excerpt":{"rendered":"&#13; Italianul Matteo Arnaldi (25 de ani, #104 ATP) s-a retras \u00eenainte de cea de-a doua semifinal\u0103 de&hellip;\n","protected":false},"author":2,"featured_media":199054,"comment_status":"","ping_status":"","sticky":false,"template":"","format":"standard","meta":{"footnotes":"","_share_on_mastodon":"0"},"categories":[20],"tags":[6530,56269,56058,1161,41,1803,40,38,39,185,184],"class_list":["post-199053","post","type-post","status-publish","format-standard","has-post-thumbnail","category-sport","tag-alexander-zverev","tag-flavio-coboli","tag-matteo-arnaldi","tag-retragere","tag-ro","tag-roland-garros","tag-romana","tag-romania","tag-romanian","tag-sport","tag-sports"],"share_on_mastodon":{"url":"https:\/\/pubeurope.com\/@ro\/116707260469742739","error":""},"_links":{"self":[{"href":"https:\/\/www.europesays.com\/ro\/wp-json\/wp\/v2\/posts\/199053","targetHints":{"allow":["GET"]}}],"collection":[{"href":"https:\/\/www.europesays.com\/ro\/wp-json\/wp\/v2\/posts"}],"about":[{"href":"https:\/\/www.europesays.com\/ro\/wp-json\/wp\/v2\/types\/post"}],"author":[{"embeddable":true,"href":"https:\/\/www.europesays.com\/ro\/wp-json\/wp\/v2\/users\/2"}],"replies":[{"embeddable":true,"href":"https:\/\/www.europesays.com\/ro\/wp-json\/wp\/v2\/comments?post=199053"}],"version-history":[{"count":0,"href":"https:\/\/www.europesays.com\/ro\/wp-json\/wp\/v2\/posts\/199053\/revisions"}],"wp:featuredmedia":[{"embeddable":true,"href":"https:\/\/www.europesays.com\/ro\/wp-json\/wp\/v2\/media\/199054"}],"wp:attachment":[{"href":"https:\/\/www.europesays.com\/ro\/wp-json\/wp\/v2\/media?parent=199053"}],"wp:term":[{"taxonomy":"category","embeddable":true,"href":"https:\/\/www.europesays.com\/ro\/wp-json\/wp\/v2\/categories?post=199053"},{"taxonomy":"post_tag","embeddable":true,"href":"https:\/\/www.europesays.com\/ro\/wp-json\/wp\/v2\/tags?post=199053"}],"curies":[{"name":"wp","href":"https:\/\/api.w.org\/{rel}","templated":true}]}}