{"id":199309,"date":"2026-06-07T12:53:14","date_gmt":"2026-06-07T12:53:14","guid":{"rendered":"https:\/\/www.europesays.com\/ro\/199309\/"},"modified":"2026-06-07T12:53:14","modified_gmt":"2026-06-07T12:53:14","slug":"ue-pregateste-reducerea-taxelor-pentru-energia-regenerabila","status":"publish","type":"post","link":"https:\/\/www.europesays.com\/ro\/199309\/","title":{"rendered":"UE preg\u0103te\u0219te reducerea taxelor pentru energia regenerabil\u0103"},"content":{"rendered":"<p id=\"p-0\">Uniunea European\u0103 elaboreaz\u0103 planuri pentru reducerea taxelor aplicate energiei regenerabile \u0219i pentru cre\u0219terea flexibilit\u0103\u021bii sistemelor electrice, \u00een contextul \u00een care costurile ridicate ale energiei continu\u0103 s\u0103 afecteze economia regiunii, transmite<a href=\"https:\/\/www.bloomberg.com\/news\/articles\/2026-06-06\/eu-plans-lower-taxes-on-clean-energy-in-drive-to-cut-power-bills?srnd=homepage-americas&amp;embedded-checkout=true\" target=\"_blank\" rel=\"noopener nofollow\"> Bloomberg.<\/a><\/p>\n<p id=\"p-1\">Potrivit unui proiect de document consultat de Bloomberg News, European Commission inten\u021bioneaz\u0103 s\u0103 propun\u0103 luna viitoare un nou regulament care s\u0103 introduc\u0103 obiective privind adoptarea contoarelor inteligente \u0219i modific\u0103ri fiscale menite s\u0103 \u00eencurajeze utilizarea energiei curate.<\/p>\n<p>&#8211; articolul continu\u0103 mai jos &#8211;<\/p>\n<p id=\"p-2\">R\u0103zboiul din Orientul Mijlociu a adus din nou problema energiei \u00een prim-planul agendei politice a Uniunii Europene, pe fondul \u00eengrijor\u0103rilor tot mai mari legate de impactul economic al facturilor mai mari la electricitate.<\/p>\n","protected":false},"excerpt":{"rendered":"Uniunea European\u0103 elaboreaz\u0103 planuri pentru reducerea taxelor aplicate energiei regenerabile \u0219i pentru cre\u0219terea flexibilit\u0103\u021bii sistemelor electrice, \u00een contextul&hellip;\n","protected":false},"author":2,"featured_media":199310,"comment_status":"","ping_status":"","sticky":false,"template":"","format":"standard","meta":{"footnotes":"","_share_on_mastodon":"0"},"categories":[12],"tags":[32,33,31,3962,36,37,27,74,34,35,25,41,40,38,39,26,28,29,30,289,71,72,73],"class_list":["post-199309","post","type-post","status-publish","format-standard","has-post-thumbnail","category-international","tag-breaking-news","tag-breakingnews","tag-cele-mai-populare-subiecte","tag-electricitate","tag-featured-news","tag-featurednews","tag-headlines","tag-international","tag-latest-news","tag-latestnews","tag-news","tag-ro","tag-romana","tag-romania","tag-romanian","tag-stiri","tag-titluri","tag-top-stories","tag-topstories","tag-ue","tag-world","tag-world-news","tag-worldnews"],"share_on_mastodon":{"url":"https:\/\/pubeurope.com\/@ro\/116708927635678652","error":""},"_links":{"self":[{"href":"https:\/\/www.europesays.com\/ro\/wp-json\/wp\/v2\/posts\/199309","targetHints":{"allow":["GET"]}}],"collection":[{"href":"https:\/\/www.europesays.com\/ro\/wp-json\/wp\/v2\/posts"}],"about":[{"href":"https:\/\/www.europesays.com\/ro\/wp-json\/wp\/v2\/types\/post"}],"author":[{"embeddable":true,"href":"https:\/\/www.europesays.com\/ro\/wp-json\/wp\/v2\/users\/2"}],"replies":[{"embeddable":true,"href":"https:\/\/www.europesays.com\/ro\/wp-json\/wp\/v2\/comments?post=199309"}],"version-history":[{"count":0,"href":"https:\/\/www.europesays.com\/ro\/wp-json\/wp\/v2\/posts\/199309\/revisions"}],"wp:featuredmedia":[{"embeddable":true,"href":"https:\/\/www.europesays.com\/ro\/wp-json\/wp\/v2\/media\/199310"}],"wp:attachment":[{"href":"https:\/\/www.europesays.com\/ro\/wp-json\/wp\/v2\/media?parent=199309"}],"wp:term":[{"taxonomy":"category","embeddable":true,"href":"https:\/\/www.europesays.com\/ro\/wp-json\/wp\/v2\/categories?post=199309"},{"taxonomy":"post_tag","embeddable":true,"href":"https:\/\/www.europesays.com\/ro\/wp-json\/wp\/v2\/tags?post=199309"}],"curies":[{"name":"wp","href":"https:\/\/api.w.org\/{rel}","templated":true}]}}