{"id":199380,"date":"2026-06-07T14:41:11","date_gmt":"2026-06-07T14:41:11","guid":{"rendered":"https:\/\/www.europesays.com\/ro\/199380\/"},"modified":"2026-06-07T14:41:11","modified_gmt":"2026-06-07T14:41:11","slug":"marele-capello-a-numit-cel-mai-bun-jucator-pe-care-l-a-antrenat-duhnea-a-bautura-l-am-dat-afara","status":"publish","type":"post","link":"https:\/\/www.europesays.com\/ro\/199380\/","title":{"rendered":"Marele Capello a numit cel mai bun juc\u0103tor pe care l-a antrenat: &#8222;Duhnea a b\u0103utur\u0103! L-am dat afar\u0103&#8221;"},"content":{"rendered":"\n<ul class=\"bullets\">\n<li>\n<p>Handbal: Gyor &#8211; Metz, duminic\u0103, 19:00, DGS 1<\/p>\n<\/li>\n<li>\n<p>Handbal: Brest &#8211; CSM Bucure\u0219ti, duminic\u0103, 16:00, DGS 1<\/p>\n<\/li>\n<\/ul>\n<p>Legendarul antrenor l-a avut elev pe brazilian la Real Madrid, c\u00e2nd fostul atacant era considerat unul dintre <a href=\"https:\/\/www.digisport.ro\/fotbal\/surprize-de-proportii-ai-ul-a-facut-cel-mai-bun-prim-11-din-istoria-fotbalului-patru-nume-uriase-out-4097399\" target=\"_blank\" rel=\"noopener nofollow\" data-skip-linkfix=\"1\">cei mai buni juc\u0103tori din lume<\/a>. \u00cens\u0103, \u00een ciuda acestui statut, s-a v\u0103zut nevoit s\u0103 \u00eel alunge de pe Bernabeu, din cauza vie\u021bii extrasportive.\u00a0<\/p>\n<p>Fabio Capello l-a numit pe Ronaldo cel mai bun juc\u0103tor pe care l-a antrenat\u00a0<\/p>\n<p>Dup\u0103 ce a spus c\u0103 Ronaldo Nazario este mult peste starul portughez cu acela\u0219i nume, Fabio Capello a vorbit \u0219i despre marele defect al brazilianului.\u00a0<\/p>\n<p>&#8222;F\u0103r\u0103 niciun dubiu, Ronaldo. Nici m\u0103car nu exist\u0103 termen de compara\u021bie cu Cristiano. Sigur, nu a f\u0103cut acelea\u0219i sacrificii \u0219i nu s-a antrenat la fel de mult, dar a fost cel mai mare dintre to\u021bi. Avea o calitate pe care nu am mai v\u0103zut-o la niciun alt juc\u0103tor. Era unic. <\/p>\n<p>Dar nu a cauzat dec\u00e2t daune. Iubea s\u0103 petreac\u0103. Duhnea a b\u0103utur\u0103 \u00een vestiar din cauza lui, dup\u0103 petrecerile la care mergea, \u0219i tr\u0103sese \u00een jos \u0219i c\u00e2\u021biva colegi ai lui. A\u0219a c\u0103 l-am dat afar\u0103.\u00a0<\/p>\n<p>Am vorbit cu Silvio Berlusconi (n.r. pre\u0219edintele lui AC Milan de la acea vreme) \u0219i i-am spus c\u0103 \u00eel trimitem \u00een Arabia Saudit\u0103. <\/p>\n<p>M-a \u00eentrebat cum e ca om \u0219i cum se comport\u0103 \u0219i i-am spus c\u0103 \u00eei place s\u0103 se distreze \u0219i s\u0103 petreac\u0103.\u00a0A doua zi, am citit \u00een Gazzetta dello Sport c\u0103 se transfer\u0103 la AC Milan&#8221;, a povestit Fabio Capello, conform <a href=\"https:\/\/www.gazzetta.it\/Calcio\/Serie-A\/06-06-2026\/capello-alla-milano-football-week-per-la-nazionale-sceglierei-conte-e-l-inter.shtml\" target=\"_blank\" rel=\"noopener nofollow\" data-skip-linkfix=\"1\">Gazzetta dello Sport<\/a>.\u00a0<\/p>\n<p>La Real Madrid, &#8222;Il Fenomeno&#8221; a jucat 177 de meciuri, cu 104 goluri \u0219i 34 de pase decisive. AC Milan l-a transferat \u00een vara anului 2007 pentru o sum\u0103 infim\u0103, de doar 7,5 milioane de euro, mult sub valoarea sa.\u00a0<\/p>\n<p>Pe San Siro, Ronaldo Nazario nu a jucat dec\u00e2t 20 de mecuri de-a lungul unui sezon \u0219i jum\u0103tate, cu nou\u0103 goluri \u0219i cinci pase decisive, din cauza accident\u0103rilor, \u0219i a plecat gratis la Corinthians.\u00a0<\/p>\n<p>Ronaldo, \u00een cel mai bun prim 11 din istoria fotbalului! Cum arat\u0103 echipa f\u0103cut\u0103 de Marca cu AI\u00a0Galerie Foto   <\/p>\n<p>  Etichete:  <a href=\"https:\/\/www.digisport.ro\/eticheta\/fabio-capello\" rel=\"nofollow noopener\" target=\"_blank\">fabio capello<\/a> , <a href=\"https:\/\/www.digisport.ro\/eticheta\/ronaldo-nazario\" rel=\"nofollow noopener\" target=\"_blank\">ronaldo nazario<\/a> , <a href=\"https:\/\/www.digisport.ro\/eticheta\/il-fenomeno\" rel=\"nofollow noopener\" target=\"_blank\">il fenomeno<\/a>   <\/p>\n<p>Urm\u0103re\u0219te \u0219tirile digisport.ro \u0219i pe <a href=\"https:\/\/news.google.com\/publications\/CAAiENr1L9HFNMG5hpp5zTfVtpsqFAgKIhDa9S_RxTTBuYaaec031bab?ceid=RO:ro&amp;oc=3\" target=\"_blank\" rel=\"external nofollow noopener\">Google News<\/a><\/p>\n<p>   Noua Aplica\u0163ie Digi Sport poate fi desc\u0103rcat\u0103 din   <\/p>\n","protected":false},"excerpt":{"rendered":"Handbal: Gyor &#8211; Metz, duminic\u0103, 19:00, DGS 1 Handbal: Brest &#8211; CSM Bucure\u0219ti, duminic\u0103, 16:00, DGS 1 Legendarul&hellip;\n","protected":false},"author":2,"featured_media":61422,"comment_status":"","ping_status":"","sticky":false,"template":"","format":"standard","meta":{"footnotes":"","_share_on_mastodon":"0"},"categories":[20],"tags":[1837,56350,41,40,38,39,14364,185,184],"class_list":["post-199380","post","type-post","status-publish","format-standard","has-post-thumbnail","category-sport","tag-fabio-capello","tag-il-fenomeno","tag-ro","tag-romana","tag-romania","tag-romanian","tag-ronaldo-nazario","tag-sport","tag-sports"],"share_on_mastodon":{"url":"https:\/\/pubeurope.com\/@ro\/116709352232320823","error":""},"_links":{"self":[{"href":"https:\/\/www.europesays.com\/ro\/wp-json\/wp\/v2\/posts\/199380","targetHints":{"allow":["GET"]}}],"collection":[{"href":"https:\/\/www.europesays.com\/ro\/wp-json\/wp\/v2\/posts"}],"about":[{"href":"https:\/\/www.europesays.com\/ro\/wp-json\/wp\/v2\/types\/post"}],"author":[{"embeddable":true,"href":"https:\/\/www.europesays.com\/ro\/wp-json\/wp\/v2\/users\/2"}],"replies":[{"embeddable":true,"href":"https:\/\/www.europesays.com\/ro\/wp-json\/wp\/v2\/comments?post=199380"}],"version-history":[{"count":0,"href":"https:\/\/www.europesays.com\/ro\/wp-json\/wp\/v2\/posts\/199380\/revisions"}],"wp:featuredmedia":[{"embeddable":true,"href":"https:\/\/www.europesays.com\/ro\/wp-json\/wp\/v2\/media\/61422"}],"wp:attachment":[{"href":"https:\/\/www.europesays.com\/ro\/wp-json\/wp\/v2\/media?parent=199380"}],"wp:term":[{"taxonomy":"category","embeddable":true,"href":"https:\/\/www.europesays.com\/ro\/wp-json\/wp\/v2\/categories?post=199380"},{"taxonomy":"post_tag","embeddable":true,"href":"https:\/\/www.europesays.com\/ro\/wp-json\/wp\/v2\/tags?post=199380"}],"curies":[{"name":"wp","href":"https:\/\/api.w.org\/{rel}","templated":true}]}}