{"id":199551,"date":"2026-06-07T19:25:09","date_gmt":"2026-06-07T19:25:09","guid":{"rendered":"https:\/\/www.europesays.com\/ro\/199551\/"},"modified":"2026-06-07T19:25:09","modified_gmt":"2026-06-07T19:25:09","slug":"detalii-despre-starea-de-sanatate-a-lui-joe-biden-va-trai-cu-cancer-tot-restul-vietii-s-a-metastazat-la-oase","status":"publish","type":"post","link":"https:\/\/www.europesays.com\/ro\/199551\/","title":{"rendered":"Detalii despre starea de s\u0103n\u0103tate a lui Joe Biden: \u201dVa tr\u0103i cu cancer tot restul vie\u021bii. S-a metastazat la oase\u201d"},"content":{"rendered":"<p>Duminica, 07 Iunie 2026, ora 20:59<\/p>\n<p>1249 citiri<\/p>\n<p><a class=\"news__image\" data-href=\"https:\/\/s2.ziareromania.ro\/?mmid=b1b0e56a7dda86311b\" data-size=\"1024x768\" title=\"Detalii despre starea de s\u0103n\u0103tate a lui Joe Biden: \u201dVa tr\u0103i cu cancer tot restul vie\u021bii. S-a metastazat la oase\u201d\"><img decoding=\"async\" src=\"https:\/\/www.europesays.com\/ro\/wp-content\/uploads\/2026\/06\/Detalii-despre-starea-de-s--n--tate-a-lui-Joe-Biden-----Va-tr--i-cu-cancer-tot-restul-vie--ii--S-a-m.jpeg\" alt=\"Detalii despre starea de s\u0103n\u0103tate a lui Joe Biden: \u201dVa tr\u0103i cu cancer tot restul vie\u021bii. S-a metastazat la oase\u201d\" title=\"Detalii despre starea de s\u0103n\u0103tate a lui Joe Biden: \u201dVa tr\u0103i cu cancer tot restul vie\u021bii. S-a metastazat la oase\u201d\" class=\"img-responsive\"\/><\/a><\/p>\n<p>Joe \u0219i Jill Biden, ultimul selfie de la Casa Alb\u0103 FOTO Hepta<\/p>\n<p>Fosta prim\u0103 doamn\u0103 a <a href=\"https:\/\/ziare.com\/international\/sua\/\" title=\"SUA\" rel=\"nofollow noopener\" target=\"_blank\">SUA<\/a>, <a href=\"https:\/\/ziare.com\/jill-biden\/\" title=\"Jill Biden\" rel=\"nofollow noopener\" target=\"_blank\">Jill Biden<\/a>, a vorbit despre starea de s\u0103n\u0103tate a so\u021bului ei, fostul pre\u0219edinte <a href=\"https:\/\/ziare.com\/joe-biden\/\" title=\"Joe Biden\" rel=\"nofollow noopener\" target=\"_blank\">Joe Biden<\/a>, oferind detalii despre diagnosticul s\u0103u de cancer \u0219i despre modul \u00een care acesta \u00eei afecteaz\u0103 via\u021ba de zi cu zi.<\/p>\n<p>\u00centr-o apari\u021bie televizat\u0103, Jill Biden a afirmat c\u0103 Joe Biden, \u00een v\u00e2rst\u0103 de 83 de ani, se confrunt\u0103 cu o form\u0103 avansat\u0103 de cancer de prostat\u0103, care s-a extins la nivelul oaselor. Ea a spus c\u0103, \u00een aceste condi\u021bii, boala nu poate fi considerat\u0103 vindecabil\u0103 \u00een sens clasic, iar fostul pre\u0219edinte va trebui s\u0103 tr\u0103iasc\u0103 pentru tot restul vie\u021bii cu aceast\u0103 afec\u021biune, urm\u00e2nd tratamente continue.<\/p>\n<p>Potrivit declara\u021biilor sale, primele semne ale problemelor de s\u0103n\u0103tate au fost observate \u00eenc\u0103 din perioada \u00een care Joe Biden se afla la Casa Alb\u0103, c\u00e2nd acesta se confrunta cu simptome persistente, inclusiv treziri frecvente \u00een timpul nop\u021bii. Dup\u0103 \u00eencheierea mandatului, \u00een 2025, controalele medicale ar fi confirmat diagnosticul, \u00een urma unor consulta\u021bii \u0219i investiga\u021bii imagistice.<\/p>\n<p>Ea a explicat c\u0103, de\u0219i \u00een unele cazuri cancerul de prostat\u0103 poate fi \u201evindecat\u201d, \u00een cazul lui Joe Biden este \u00een stadiul patru \u0219i s-a metastazat la oase. \u201eAsta schimb\u0103 complet situa\u021bia. Adic\u0103 Joe va trebui s\u0103 tr\u0103iasc\u0103 cu cancer tot restul vie\u021bii, ceea ce \u00eenseamn\u0103 c\u0103 urmeaz\u0103 tratamente speciale.\u201d<\/p>\n<p>Jill Biden a descris parcursul medical al fostului pre\u0219edinte, men\u021bion\u00e2nd perioade de radioterapie \u0219i deplas\u0103ri regulate pentru tratament \u00eentre Delaware \u0219i Philadelphia. Ea a spus c\u0103, \u00een ciuda tratamentelor, Joe Biden \u0219i-a continuat activit\u0103\u021bile publice \u0219i participarea la evenimente politice \u0219i sociale, de\u0219i cu un ritm mai redus.<\/p>\n<p>Fosta prim\u0103 doamn\u0103 a vorbit \u0219i despre impactul emo\u021bional \u0219i practic al situa\u021biei, descriindu-se drept principalul sprijin \u00een gestionarea tratamentului. Ea a men\u021bionat coordonarea consulta\u021biilor medicale, administrarea medica\u021biei \u0219i monitorizarea st\u0103rii generale de s\u0103n\u0103tate a so\u021bului s\u0103u.<\/p>\n<p>Jill Biden a comentat \u0219i decizia lui Joe Biden de a se retrage din cursa electoral\u0103 din 2024, afirm\u00e2nd c\u0103 a fost un moment dificil, determinat de dezbaterea considerat\u0103 problematic\u0103 din acel an \u0219i de evalu\u0103rile politice ulterioare.<\/p>\n<p>De\u0219i diagnosticul este sever, ea a spus c\u0103 starea general\u0103 a fostului pre\u0219edinte este stabil\u0103, iar acesta \u00ee\u0219i continu\u0103 activit\u0103\u021bile \u00eentr-un ritm adaptat situa\u021biei sale medicale.<\/p>\n<p>\u021ai-a pl\u0103cut articolul?<\/p>\n<p> Vrem s\u0103 producem mai multe, \u00eens\u0103 avem nevoie de sus\u021binerea ta. Orice dona\u021bie conteaz\u0103 pentru jurnalismul independent <\/p>\n","protected":false},"excerpt":{"rendered":"Duminica, 07 Iunie 2026, ora 20:59 1249 citiri Joe \u0219i Jill Biden, ultimul selfie de la Casa Alb\u0103&hellip;\n","protected":false},"author":2,"featured_media":199552,"comment_status":"","ping_status":"","sticky":false,"template":"","format":"standard","meta":{"footnotes":"","_share_on_mastodon":"0"},"categories":[12],"tags":[32,33,532,31,36,37,27,74,56408,3675,34,35,25,41,40,38,39,215,26,28,29,30,71,72,73],"class_list":["post-199551","post","type-post","status-publish","format-standard","has-post-thumbnail","category-international","tag-breaking-news","tag-breakingnews","tag-cancer","tag-cele-mai-populare-subiecte","tag-featured-news","tag-featurednews","tag-headlines","tag-international","tag-jill-biden","tag-joe-biden","tag-latest-news","tag-latestnews","tag-news","tag-ro","tag-romana","tag-romania","tag-romanian","tag-sanatate","tag-stiri","tag-titluri","tag-top-stories","tag-topstories","tag-world","tag-world-news","tag-worldnews"],"share_on_mastodon":{"url":"https:\/\/pubeurope.com\/@ro\/116710469082017119","error":""},"_links":{"self":[{"href":"https:\/\/www.europesays.com\/ro\/wp-json\/wp\/v2\/posts\/199551","targetHints":{"allow":["GET"]}}],"collection":[{"href":"https:\/\/www.europesays.com\/ro\/wp-json\/wp\/v2\/posts"}],"about":[{"href":"https:\/\/www.europesays.com\/ro\/wp-json\/wp\/v2\/types\/post"}],"author":[{"embeddable":true,"href":"https:\/\/www.europesays.com\/ro\/wp-json\/wp\/v2\/users\/2"}],"replies":[{"embeddable":true,"href":"https:\/\/www.europesays.com\/ro\/wp-json\/wp\/v2\/comments?post=199551"}],"version-history":[{"count":0,"href":"https:\/\/www.europesays.com\/ro\/wp-json\/wp\/v2\/posts\/199551\/revisions"}],"wp:featuredmedia":[{"embeddable":true,"href":"https:\/\/www.europesays.com\/ro\/wp-json\/wp\/v2\/media\/199552"}],"wp:attachment":[{"href":"https:\/\/www.europesays.com\/ro\/wp-json\/wp\/v2\/media?parent=199551"}],"wp:term":[{"taxonomy":"category","embeddable":true,"href":"https:\/\/www.europesays.com\/ro\/wp-json\/wp\/v2\/categories?post=199551"},{"taxonomy":"post_tag","embeddable":true,"href":"https:\/\/www.europesays.com\/ro\/wp-json\/wp\/v2\/tags?post=199551"}],"curies":[{"name":"wp","href":"https:\/\/api.w.org\/{rel}","templated":true}]}}