{"id":199956,"date":"2026-06-08T10:58:12","date_gmt":"2026-06-08T10:58:12","guid":{"rendered":"https:\/\/www.europesays.com\/ro\/199956\/"},"modified":"2026-06-08T10:58:12","modified_gmt":"2026-06-08T10:58:12","slug":"dusmanii-mei-sa-fie-sanatosi-andrei-nicolescu-nu-exclude-plecarea-de-la-dinamo","status":"publish","type":"post","link":"https:\/\/www.europesays.com\/ro\/199956\/","title":{"rendered":"\u201eDu\u0219manii mei s\u0103 fie s\u0103n\u0103to\u0219i\u201d. Andrei Nicolescu nu exclude plecarea de la Dinamo"},"content":{"rendered":"<ul class=\"bullets\">&#13;<\/p>\n<li>Andrei Nicolescu, pre\u0219edintele lui Dinamo, a vorbit despre viitorul s\u0103u la club, dup\u0103 un final de sezon agitat \u00een \u0218tefan cel Mare.<\/li>\n<p>&#13;<br \/>\n&#13;<\/p>\n<li>Desp\u0103r\u021birea de Zeljko Kopic \u0219i criticile venite din partea unei p\u0103r\u021bi a suporterilor au pus presiune pe conducere.<\/li>\n<p>&#13;\n<\/ul>\n<p><a id=\"google-source-button\" class=\"google-favorite\" target=\"_blank\" href=\"https:\/\/www.google.com\/preferences\/source?q=golazo.ro\" rel=\"nofollow noopener\"><\/p>\n<p>        <img decoding=\"async\" src=\"https:\/\/golazo.ro\/images\/google-logo.svg\" alt=\"\"\/><br \/>\n        <img decoding=\"async\" src=\"https:\/\/golazo.ro\/images\/check-icon-2.svg\" alt=\"\"\/><\/p>\n<p>    Adaug\u0103 GOLAZO.ro la favorite<\/p>\n<p><\/a><\/p>\n<p class=\"\">Oficialul \u201ec\u00e2inilor\u201d a explicat c\u0103 situa\u021bia sa este analizat\u0103, ca \u00een fiecare an, de ac\u021bionarii clubului. \u0218i c\u0103 debarcarea nu este exclus\u0103. <\/p>\n<p>Andrei Nicolescu nu exclude plecarea de la Dinamo: \u201eMandatul meu e tot timpul pe masa ac\u021bionarilor\u201d<\/p>\n<p class=\"\">\u201eMecanismul prin care a\u0219 putea pleca este clar. La sf\u00e2r\u0219itul fiec\u0103rui sezon facem un raport, abord\u0103m exact tot ce s-a f\u0103cut anul \u0103sta, ce am crezut c\u0103 facem, ce nu am atins, ce am atins. <\/p>\n<p class=\"\">\u0218i anul trecut, \u0219i cu un an \u00eenainte, mandatul meu e tot timpul pe masa ac\u021bionarilor, adic\u0103 din perspectiva asta nu e o noutate. \u0218i dup\u0103 ce facem \u00een planul, plec\u0103m la drum. Planul se mai poate schimba, asta e o alt\u0103 discu\u021bie, dar deocamdat\u0103 planurile sunt s\u0103 mergem la drum \u00eenainte.<\/p>\n<p class=\"\">Decizia este a ac\u021bionarilor. Sunt perspectiva sportiv\u0103 \u0219i cea financiar\u0103, care nu e controlat\u0103 100% de mine, dar cumva intr\u0103 \u00een aria \u0219i a mea de responsabilitate\u201d, a declarat Nicolescu, potrivit <a target=\"_blank\" href=\"https:\/\/www.fanatik.ro\/pleaca-andrei-nicolescu-de-la-dinamo-decizia-sta-in-mainile-actionarilor-din-stefan-cel-mare-astea-sunt-planurile-21485587\" rel=\"nofollow noopener\">fanatik.ro. <\/a><\/p>\n<p class=\"\">FOTO: Dinamo &#8211; FCSB 1-2, \u00een barajul pentru Conference League<\/p>\n<p>    <img decoding=\"async\" src=\"https:\/\/www.europesays.com\/ro\/wp-content\/uploads\/2026\/06\/1780916292_753_dinamo-fcsb-foto-raed-krishan-golazo-ro-9.jpeg\" alt=\"Dinamo - FCSB Foto Raed Krishan - GOLAZO.ro.jpeg\" data-blur=\"https:\/\/www.europesays.com\/ro\/wp-content\/uploads\/2026\/06\/1780916292_753_dinamo-fcsb-foto-raed-krishan-golazo-ro-9.jpeg\" width=\"684\" height=\"879\" class=\"blur\" loading=\"lazy\"\/><\/p>\n<p>            <img decoding=\"async\" src=\"https:\/\/www.europesays.com\/ro\/wp-content\/uploads\/2026\/06\/1780916292_558_dinamo-fcsb-foto-raed-krishan-golazo-ro-9.jpeg\" loading=\"lazy\" alt=\"Dinamo - FCSB Foto Raed Krishan - GOLAZO.ro.jpeg\" width=\"684\" height=\"879\"\/><\/p>\n<p>        Galerie foto (50 imagini)<\/p>\n<p>                    <a href=\"https:\/\/golazo.ro\/dinamo-fcsb-foto-raed-krishan-golazoro-175720-g1?articleSource=176638\" class=\"gallery-link\" aria-label=\"Show gallery\" rel=\"nofollow noopener\" target=\"_blank\"><\/p>\n<p>                +50 Foto<br \/>\n            <\/a><\/p>\n<p>    <a href=\"https:\/\/golazo.ro\/dinamo-fcsb-foto-raed-krishan-golazoro-175720-g1\/dinamo-fcsb-foto-raed-krishan-golazorojpeg-441291?articleSource=176638\" class=\"link\" rel=\"nofollow noopener\" target=\"_blank\">labels.photo-gallery<\/a><\/p>\n<p class=\"\">Dinamo s-a desp\u0103r\u021bit de Zeljko Kopic, antrenorul care a stat doi ani \u0219i jum\u0103tate pe banc\u0103, perioad\u0103 \u00een care echipa a trecut de la lupta pentru salvarea de la retrogradare la dou\u0103 calific\u0103ri consecutive \u00een play-off.<\/p>\n<p class=\"\">Andrei Nicolescu fusese contestat de suporteri \u0219i \u00eenaintea plec\u0103rii lui Kopic, \u00een <a target=\"_blank\" href=\"https:\/\/golazo.ro\/dinamo-sigla-protest-ultrasi-andrei-nicolescu-173560\" rel=\"noreferrer noopener nofollow\">scandalul noii sigle a clubului<\/a>. Noua identitate vizual\u0103 a provocat un val de reac\u021bii negative.<\/p>\n<p>Planul lui Dinamo: deficit de patru ori mai mic<\/p>\n<p class=\"\">Nicolescu a vorbit \u0219i despre obiectivul financiar al clubului pentru sezonul urm\u0103tor.<\/p>\n<p class=\"\">\u201eAvem un target s\u0103 mic\u0219or\u0103m deficitul opera\u021bional p\u00e2n\u0103 la o valoare de vreo patru ori mai mic\u0103 dec\u00e2t cea de anul acesta\u201d, a spus oficialul \u201ec\u00e2inilor\u201d.<\/p>\n<p class=\"\">\u00centrebat dac\u0103 performan\u021ba sportiv\u0103 \u0219i reducerea deficitului nu se bat cap \u00een cap, Andrei Nicolescu a explicat:<\/p>\n<p class=\"\">\u201eLa noi deficitul opera\u021bional a venit \u0219i din ni\u0219te datorii de ie\u0219ire din insolven\u021b\u0103, ni\u0219te eforturi \u0219i o campanie de transferuri care au \u00eensemnat o valoare destul de mare anul trecut.<\/p>\n<p class=\"\">Noi ne-am asumat sume de transfer care \u00eentr-adev\u0103r n-au fost pl\u0103tite toate la momentul realiz\u0103rii actelor. Sume de transfer care au trecut de 3 milioane de euro\u201d, a mai spus acesta.<\/p>\n<blockquote class=\"quote\"><p>\n    Zvonul \u0103sta c\u0103 Dinamo nu face, nu investe\u0219te, c\u0103 ac\u021bionarii nu pun bani, sunt lansate pe pia\u021b\u0103 de oameni binevoitori care nu au \u00een spate nicio realitate. Totu\u0219i, Dinamo a investit \u00een transferuri anul trecut destul de mult. Nu \u0219tiu dac\u0103 s-au \u00eenmul\u021bit du\u0219manii mei, s\u0103 fie s\u0103n\u0103to\u0219i! Andrei Nicolescu, pre\u0219edintele lui Dinamo\n<\/p><\/blockquote>\n<p>Cite\u0219te \u0219i<\/p>\n<p>VIDEO: cele mai noi imagini din sport<\/p>\n","protected":false},"excerpt":{"rendered":"&#13; Andrei Nicolescu, pre\u0219edintele lui Dinamo, a vorbit despre viitorul s\u0103u la club, dup\u0103 un final de sezon&hellip;\n","protected":false},"author":2,"featured_media":199957,"comment_status":"","ping_status":"","sticky":false,"template":"","format":"standard","meta":{"footnotes":"","_share_on_mastodon":"0"},"categories":[5],"tags":[2263,2114,32,33,31,4842,49,36,37,27,34,35,25,41,40,38,39,26,55,398,28,29,30,46],"class_list":["post-199956","post","type-post","status-publish","format-standard","has-post-thumbnail","category-titluri","tag-actionari","tag-andrei-nicolescu","tag-breaking-news","tag-breakingnews","tag-cele-mai-populare-subiecte","tag-despartire","tag-dinamo","tag-featured-news","tag-featurednews","tag-headlines","tag-latest-news","tag-latestnews","tag-news","tag-ro","tag-romana","tag-romania","tag-romanian","tag-stiri","tag-superliga","tag-suporteri","tag-titluri","tag-top-stories","tag-topstories","tag-zeljko-kopic"],"share_on_mastodon":{"url":"https:\/\/pubeurope.com\/@ro\/116714137604572969","error":""},"_links":{"self":[{"href":"https:\/\/www.europesays.com\/ro\/wp-json\/wp\/v2\/posts\/199956","targetHints":{"allow":["GET"]}}],"collection":[{"href":"https:\/\/www.europesays.com\/ro\/wp-json\/wp\/v2\/posts"}],"about":[{"href":"https:\/\/www.europesays.com\/ro\/wp-json\/wp\/v2\/types\/post"}],"author":[{"embeddable":true,"href":"https:\/\/www.europesays.com\/ro\/wp-json\/wp\/v2\/users\/2"}],"replies":[{"embeddable":true,"href":"https:\/\/www.europesays.com\/ro\/wp-json\/wp\/v2\/comments?post=199956"}],"version-history":[{"count":0,"href":"https:\/\/www.europesays.com\/ro\/wp-json\/wp\/v2\/posts\/199956\/revisions"}],"wp:featuredmedia":[{"embeddable":true,"href":"https:\/\/www.europesays.com\/ro\/wp-json\/wp\/v2\/media\/199957"}],"wp:attachment":[{"href":"https:\/\/www.europesays.com\/ro\/wp-json\/wp\/v2\/media?parent=199956"}],"wp:term":[{"taxonomy":"category","embeddable":true,"href":"https:\/\/www.europesays.com\/ro\/wp-json\/wp\/v2\/categories?post=199956"},{"taxonomy":"post_tag","embeddable":true,"href":"https:\/\/www.europesays.com\/ro\/wp-json\/wp\/v2\/tags?post=199956"}],"curies":[{"name":"wp","href":"https:\/\/api.w.org\/{rel}","templated":true}]}}