{"id":200054,"date":"2026-06-08T12:52:10","date_gmt":"2026-06-08T12:52:10","guid":{"rendered":"https:\/\/www.europesays.com\/ro\/200054\/"},"modified":"2026-06-08T12:52:10","modified_gmt":"2026-06-08T12:52:10","slug":"bubu-cernea-s-a-casatorit-cu-elena-mogildea-irina-rimes-smiley-si-pavel-bartos-s-au-numarat-printre-invitati","status":"publish","type":"post","link":"https:\/\/www.europesays.com\/ro\/200054\/","title":{"rendered":"Bubu Cernea s-a c\u0103s\u0103torit cu Elena Mog\u00eeldea. Irina Rimes, Smiley \u0219i Pavel Barto\u0219 s-au num\u0103rat printre invita\u021bi"},"content":{"rendered":"<p>                        <a href=\"https:\/\/www.protv.ro\/autorii\/9-diana-oprea\" class=\"author -image\" rel=\"nofollow noopener\" target=\"_blank\"><\/p>\n<p>                                <img loading=\"lazy\" decoding=\"async\" data- src=\"https:\/\/www.europesays.com\/ro\/wp-content\/uploads\/2026\/06\/137c9e26-2362-49be-9daa-4d4a14c3a681.jpeg\" width=\"48\" height=\"48\" alt=\"Diana Oprea\" class=\"img-fluid lazyload\"\/><\/p>\n<p>                        <\/a><\/p>\n<p class=\"lead\">\n            Bubu Cernea \u0219i actri\u021ba Elena Mog\u00eeldea \u0219i-au unit destinele dup\u0103 o rela\u021bie de opt ani. Cei doi au s\u0103rb\u0103torit al\u0103turi de familie, prieteni \u0219i numero\u0219i colegi din lumea muzicii \u0219i a televiziunii, care le-au fost aproape \u00een una dintre cele mai importante zile din via\u021b\u0103.\n        <\/p>\n<p>    S-au cununat religios pe 7 iunie<\/p>\n<p>\u00cen urm\u0103 patru ani, Bubu \u0219i Elena au spus \u201eDA\u201d \u00een fa\u021ba ofi\u021berului st\u0103rii civile, iar pe 7 iunie 2026 a avut loc cununia religioas\u0103 la Biserica Domni\u021ba B\u0103la\u0219a din Bucure\u0219ti.\u00a0Bubu Cernea \u0219i Elena Mog\u00eeldea sunt \u00eempreun\u0103 de opt ani. La nunta celor doi au participat numeroase persoane cunoscute din showbizul rom\u00e2nesc.<\/p>\n<p>        <img decoding=\"async\" data- src=\"https:\/\/www.europesays.com\/ro\/wp-content\/uploads\/2026\/06\/852f0f67-e207-4fa5-a60f-d5485d424e69.jpeg\" width=\"\" height=\"\" alt=\"\" class=\"img-fluid lazyload\"\/><\/p>\n<p>\u200bCunoscut publicului drept tobo\u0219arul care face spectacol al\u0103turi de Irina Rimes \u00een concertele sale, Bubu Cernea \u0219i-a construit \u00een timp o carier\u0103 solid\u0103 \u00een industria muzical\u0103. Acesta ocup\u0103 \u0219i rolul de produc\u0103tor muzical \u00een cadrul emisiunii \u201eVocea Rom\u00e2niei\u201d, fiind implicat \u00een realizarea unuia dintre cele mai urm\u0103rite show-uri de televiziune din Rom\u00e2nia.<\/p>\n<p>Colegi \u0219i prieteni, prezen\u021bi la marele eveniment<\/p>\n<p>        <img decoding=\"async\" data- src=\"https:\/\/www.europesays.com\/ro\/wp-content\/uploads\/2026\/06\/31ad8bef-79b5-451e-87cf-cfa27e7d93d0.jpeg\" width=\"\" height=\"\" alt=\"\" class=\"img-fluid lazyload\"\/><\/p>\n<p>\u200bLa nunta lui Bubu Cernea \u0219i a Elenei Mog\u00eeldea au participat mai mul\u021bi colegi de breasl\u0103 \u0219i prieteni apropia\u021bi. Printre invita\u021bi s-au num\u0103rat Smiley, Gina Pistol, Horia Brenciu, Theo Rose, Pavel Barto\u0219, Irina Rimes, Ana Baniciu, Vlad Musta \u0219i Raluka. Atmosfera a fost una relaxat\u0103 \u0219i plin\u0103 de emo\u021bie, iar imaginile surprinse de invita\u021bi au reflectat bucuria momentului \u0219i apropierea dintre miri \u0219i cei care le-au fost al\u0103turi \u00een aceast\u0103 zi special\u0103.<\/p>\n<p>Crina Mardare, mama lui Bubu, a fost extrem de emo\u021bionat\u0103 \u0219i a recunoscut c\u0103 a pl\u00e2ns pe parcursul slujbei.<\/p>\n<p>Au apelat la ajutorul unui organizator de nun\u021bi<\/p>\n<p>Pentru ca evenimentul s\u0103 se desf\u0103\u0219oare f\u0103r\u0103 probleme, Bubu Cernea \u0219i Elena Mog\u00eeldea au colaborat cu organizatorul de nun\u021bi Geta Ungurean, care s-a ocupat de toate detaliile.\u00a0<\/p>\n<p>Totul a fost atent pus la punct, oferindu-le mirilor posibilitatea de a se bucura pe deplin de una dintre cele mai importante zile din via\u021ba lor.<\/p>\n<p>VEZI MAI MULTE IMAGINI \u00ceN GALERIA FOTO:\u00a0<\/p>\n<p>Atmosfera de distrac\u021bie a fost sus\u021binut\u0103 de Damian Dr\u0103ghici \u0219i trupa Zdob \u0219i Zdub. \u0218i Crina Mardare, mama lui Bubu Cernea, a oferit un moment spectaculos care a ridicat sala \u00een picioare.<\/p>\n<p>\u200bCITE\u0218TE \u0218I:<\/p>\n<p>\u200b<\/p>\n","protected":false},"excerpt":{"rendered":"Bubu Cernea \u0219i actri\u021ba Elena Mog\u00eeldea \u0219i-au unit destinele dup\u0103 o rela\u021bie de opt ani. Cei doi au&hellip;\n","protected":false},"author":2,"featured_media":200055,"comment_status":"","ping_status":"","sticky":false,"template":"","format":"standard","meta":{"footnotes":"","_share_on_mastodon":"0"},"categories":[18],"tags":[171,170,8318,17739,874,38256,56576,41,40,38,39,2009,176],"class_list":["post-200054","post","type-post","status-publish","format-standard","has-post-thumbnail","category-divertisment","tag-divertisment","tag-entertainment","tag-gina-pistol","tag-irina-rimes","tag-nunta","tag-pavel-bartos","tag-pregatiri-de-nunta","tag-ro","tag-romana","tag-romania","tag-romanian","tag-smiley","tag-vocea-romaniei"],"share_on_mastodon":{"url":"https:\/\/pubeurope.com\/@ro\/116714585885273078","error":""},"_links":{"self":[{"href":"https:\/\/www.europesays.com\/ro\/wp-json\/wp\/v2\/posts\/200054","targetHints":{"allow":["GET"]}}],"collection":[{"href":"https:\/\/www.europesays.com\/ro\/wp-json\/wp\/v2\/posts"}],"about":[{"href":"https:\/\/www.europesays.com\/ro\/wp-json\/wp\/v2\/types\/post"}],"author":[{"embeddable":true,"href":"https:\/\/www.europesays.com\/ro\/wp-json\/wp\/v2\/users\/2"}],"replies":[{"embeddable":true,"href":"https:\/\/www.europesays.com\/ro\/wp-json\/wp\/v2\/comments?post=200054"}],"version-history":[{"count":0,"href":"https:\/\/www.europesays.com\/ro\/wp-json\/wp\/v2\/posts\/200054\/revisions"}],"wp:featuredmedia":[{"embeddable":true,"href":"https:\/\/www.europesays.com\/ro\/wp-json\/wp\/v2\/media\/200055"}],"wp:attachment":[{"href":"https:\/\/www.europesays.com\/ro\/wp-json\/wp\/v2\/media?parent=200054"}],"wp:term":[{"taxonomy":"category","embeddable":true,"href":"https:\/\/www.europesays.com\/ro\/wp-json\/wp\/v2\/categories?post=200054"},{"taxonomy":"post_tag","embeddable":true,"href":"https:\/\/www.europesays.com\/ro\/wp-json\/wp\/v2\/tags?post=200054"}],"curies":[{"name":"wp","href":"https:\/\/api.w.org\/{rel}","templated":true}]}}