{"id":200983,"date":"2026-06-09T16:57:08","date_gmt":"2026-06-09T16:57:08","guid":{"rendered":"https:\/\/www.europesays.com\/ro\/200983\/"},"modified":"2026-06-09T16:57:08","modified_gmt":"2026-06-09T16:57:08","slug":"la-46-de-ani-un-fost-jucator-de-la-fcsb-a-fost-dat-disparut-nu-mai-stie-nimeni-nimic-de-el","status":"publish","type":"post","link":"https:\/\/www.europesays.com\/ro\/200983\/","title":{"rendered":"La 46 de ani, un fost juc\u0103tor de la FCSB a fost dat disp\u0103rut: \u201dNu mai \u0219tie nimeni nimic de el\u201d"},"content":{"rendered":"\n<ul class=\"bullets\">\n<li>\n<p>Fotbal: Portugalia &#8211; Nigeria, miercuri, 22:45, DGS 1<\/p>\n<\/li>\n<li>\n<p>Fotbal: Ungaria &#8211; Kazahstan, mar\u021bi, 20:00, DGS 1<\/p>\n<\/li>\n<\/ul>\n<p>Fostul funda\u0219 a jucat aproximativ 10 minute \u00een \u201dco\u0219marul\u201d de la Middlesbrough (2-4) \u0219i a fost unul dintre \u201dUEFAntasticii\u201d care au ratat in extremis finala Cupei UEFA din 2006. Eugen Baciu a adunat o selec\u021bie la na\u021bionala Rom\u00e2niei \u0219i \u0219i-a trecut \u00een cont dou\u0103 titluri de campion al Rom\u00e2niei cu FCSB, pentru care a str\u00e2ns 115 de apari\u021bii, un gol \u0219i un assist.<\/p>\n<p>Galerie FotoAndrei Cristea, despre Eugen Baciu: \u201dSe zvone\u0219te c\u0103 ar fi prin Anglia pe undeva, dar nu \u0219tim de el\u201d<\/p>\n<p>La finalul lunii mai, <a href=\"https:\/\/www.digisport.ro\/special\/uefantasticul-pe-care-becali-l-a-umilit-a-revenit-in-romania-cum-arata-la-20-de-ani-de-la-fcsb-rapid-din-cupa-uefa-4281987\" target=\"_blank\" rel=\"noopener nofollow\" data-skip-linkfix=\"1\">echipele din 2006 de la FCSB \u0219i Rapid s-au reunit<\/a> pentru a marca 20 de ani la \u201ddubla\u201d din sferturile Cupei UEFA, c\u00e2\u0219tigat\u0103 de ro\u0219-alba\u0219tri gra\u021bie regulii golului marcat \u00een deplasare, 1-1 \u00een Giule\u0219ti \u0219i 0-0 pe fostul stadion \u201dLia Manoliu\u201d.<\/p>\n<p>Fo\u0219tii coechipieri ai lui Baciu au \u00eencercat s\u0103-l cheme \u0219i pe el la eveniment, \u00eens\u0103 acesta nu a fost de g\u0103sit: \u201dCu Marius Baciu n-am jucat. Cu Eugen Baciu. De el nu mai \u0219tie nimeni nimic. <\/p>\n<p>Am vrut s\u0103-l chem\u0103m acum la meci, la UEFAntastici&#8230; Se zvone\u0219te c\u0103 ar fi prin Anglia pe undeva, dar nu \u0219tim de el\u201d, a declarat Andrei Cristea, la Liga DigiSport.<\/p>\n<p>Eugen Baciu a \u00eenceputul fotbalul la CSM Roman, apoi a trecut la FCM Bac\u0103u. Mutarea sa la FCSB s-a realizat \u00een 2004, iar FCM Bac\u0103u urma s\u0103 primeasc\u0103, potrivit contractului, suma de 800.000 de euro dac\u0103 fotbalistul ar fi fost v\u00e2ndut sau acordul i-ar fi expirat, ceea ce s-a \u0219i \u00eent\u00e2mplat \u00een cele din urm\u0103. Cazul a ajuns \u00een cele din urm\u0103 la TAS, unde <a href=\"https:\/\/www.digisport.ro\/fotbal\/liga-1\/tas-obliga-la-executarea-stelei-fcm-bacau-nu-indeplineste-criteriul-financiar-43948\" target=\"_blank\" rel=\"noopener nofollow\" data-skip-linkfix=\"1\">moldovenii au avut c\u00e2\u0219tig de cauz\u0103<\/a>. \u00cen 2012, s-a retras din fotbal.<\/p>\n<p>VIDEO Andrei Cristea l-a dat disp\u0103rut pe Eugen BaciuVIDEO NImeni nu mai \u0219tie nimic despre Eugen Baciu, fost juc\u0103tor la FCSB\u00cen urm\u0103 cu un an, Florin Lovin a dezv\u0103luit c\u0103 Eugen Baciu a plecat la munc\u0103 \u00een Anglia<\/p>\n<p>Informa\u021biile despre Eugen Baciu sunt foarte pu\u021bine. \u00cen urm\u0103 cu aproximativ 2 ani, Dorin Goian a spus c\u0103 fostul s\u0103u coleg lucreaz\u0103 la un atelier auto. Ulterior, dup\u0103 un an, Florin Lovin a transmis c\u0103 <a href=\"https:\/\/www.digisport.ro\/special\/obligat-de-socru-sa-lucreze-la-vulcanizare-un-fost-jucator-de-la-fcsb-a-plecat-la-munca-in-anglia-acasa-n-ar-face-asta-3536333\" target=\"_blank\" rel=\"noopener nofollow\" data-skip-linkfix=\"1\">Baciu a plecat la munc\u0103 \u00een Anglia<\/a>, al\u0103turi de partenera sa \u0219i copilul lor.<\/p>\n<p>\u201dBaciu era \u00een Anglia ultima oar\u0103. La munc\u0103. Iubita lui de\u021binea vulcanizarea respectiv\u0103 (n.r.- unde a lucrat Eugen Baciu), pe l\u00e2ng\u0103 Crevedia. El s-a mutat acolo \u0219i tat\u0103l fetei, care muncea cot la cot cu oamenii, i-a zis: `Dac\u0103 vrei s\u0103 stai \u00een casa noastr\u0103, munce\u0219ti cot la cot cu toat\u0103 lumea`.<\/p>\n<p>\u0218i probabil se ducea \u0219i el, cump\u0103ra piese, era implicat. Apoi a plecat \u00een Anglia. Dar mul\u021bi fo\u0219ti fotbali\u0219ti, ori sunt taximetri\u0219ti, ori sunt pleca\u021bi&#8230; Curieri prin Anglia. Acas\u0103 n-ar face job-urile astea, dar afar\u0103 sunt nevoi\u021bi\u201d, a declarat Florin Lovin.<\/p>\n<p>Galerie FotoJuc\u0103torii prezen\u021bi la meciul \u201dUEFAntasticilor\u201d, FCSB &#8211; Rapid, reeditarea sfertului de final\u0103 de Cup\u0103 UEFA din 2006<\/p>\n<p>FCSB: Carlos, Dorin Goian, Daniel B\u0103lan, Mirel R\u0103doi, Daniel Opri\u021ba, Valentin Simion, Nicolae Dic\u0103, Gabriel Bo\u0219tin\u0103, B\u0103nel Nicoli\u021b\u0103, Petre Marin, Victora\u0219 Iacob, George Og\u0103raru, Andrei Cristea, Sorin Paraschiv, Sorin Ghionea, Lauren\u021biu Dini\u021b\u0103, Florin Lovin, Valentin Badea, Ovidiu Petre, Pantelis Kapetanos;<\/p>\n<p>Rapid: Dani Coman, Ionu\u021b Curc\u0103, Mihai Minc\u0103, Adrian Rusu, Flavius Moldovan, Ionu\u021b Stancu, Ionu\u021b Rada, Ciprian Vasilache, Vali Negru, Valentin B\u0103doi, Artiom Karamyan, Robert Ilyes, Emil Dic\u0103, D\u0103nu\u021b Perj\u0103, Marius M\u0103ld\u0103r\u0103\u0219anu, Nicolae Grigore, Daniel Pancu, Lucian Burdujan, Daniel Niculae, Cristi S\u0103punaru, Marius Constantin, Vasile Maftei, Romeo Stancu, Arman Karamyan, Nae Constantin, Mugurel Buga, Viorel Moldovan.<\/p>\n<p>FOTO Cum arat\u0103 Carlos Fernandes, la 20 de ani de la FCSB &#8211; RapidGalerie Foto   <\/p>\n<p>  Etichete:  <a href=\"https:\/\/www.digisport.ro\/eticheta\/andrei-cristea\" rel=\"nofollow noopener\" target=\"_blank\">andrei cristea<\/a> , <a href=\"https:\/\/www.digisport.ro\/eticheta\/steaua-rapid\" rel=\"nofollow noopener\" target=\"_blank\">steaua rapid<\/a> , <a href=\"https:\/\/www.digisport.ro\/eticheta\/eugen-baciu\" rel=\"nofollow noopener\" target=\"_blank\">eugen baciu<\/a> , <a href=\"https:\/\/www.digisport.ro\/eticheta\/uefantastici\" rel=\"nofollow noopener\" target=\"_blank\">uefantastici<\/a> , <a href=\"https:\/\/www.digisport.ro\/eticheta\/eugen-baciu-disparut\" rel=\"nofollow noopener\" target=\"_blank\">eugen baciu disparut<\/a>   <\/p>\n<p>Urm\u0103re\u0219te \u0219tirile digisport.ro \u0219i pe <a href=\"https:\/\/news.google.com\/publications\/CAAiENr1L9HFNMG5hpp5zTfVtpsqFAgKIhDa9S_RxTTBuYaaec031bab?ceid=RO:ro&amp;oc=3\" target=\"_blank\" rel=\"external nofollow noopener\">Google News<\/a><\/p>\n<p>   Noua Aplica\u0163ie Digi Sport poate fi desc\u0103rcat\u0103 din   <\/p>\n","protected":false},"excerpt":{"rendered":"Fotbal: Portugalia &#8211; Nigeria, miercuri, 22:45, DGS 1 Fotbal: Ungaria &#8211; Kazahstan, mar\u021bi, 20:00, DGS 1 Fostul funda\u0219&hellip;\n","protected":false},"author":2,"featured_media":200984,"comment_status":"","ping_status":"","sticky":false,"template":"","format":"standard","meta":{"footnotes":"","_share_on_mastodon":"0"},"categories":[5],"tags":[2701,32,33,31,56818,56819,36,37,27,34,35,25,41,40,38,39,56817,26,28,29,30,44768],"class_list":["post-200983","post","type-post","status-publish","format-standard","has-post-thumbnail","category-titluri","tag-andrei-cristea","tag-breaking-news","tag-breakingnews","tag-cele-mai-populare-subiecte","tag-eugen-baciu","tag-eugen-baciu-disparut","tag-featured-news","tag-featurednews","tag-headlines","tag-latest-news","tag-latestnews","tag-news","tag-ro","tag-romana","tag-romania","tag-romanian","tag-steaua-rapid","tag-stiri","tag-titluri","tag-top-stories","tag-topstories","tag-uefantastici"],"share_on_mastodon":{"url":"https:\/\/pubeurope.com\/@ro\/116721211839721598","error":""},"_links":{"self":[{"href":"https:\/\/www.europesays.com\/ro\/wp-json\/wp\/v2\/posts\/200983","targetHints":{"allow":["GET"]}}],"collection":[{"href":"https:\/\/www.europesays.com\/ro\/wp-json\/wp\/v2\/posts"}],"about":[{"href":"https:\/\/www.europesays.com\/ro\/wp-json\/wp\/v2\/types\/post"}],"author":[{"embeddable":true,"href":"https:\/\/www.europesays.com\/ro\/wp-json\/wp\/v2\/users\/2"}],"replies":[{"embeddable":true,"href":"https:\/\/www.europesays.com\/ro\/wp-json\/wp\/v2\/comments?post=200983"}],"version-history":[{"count":0,"href":"https:\/\/www.europesays.com\/ro\/wp-json\/wp\/v2\/posts\/200983\/revisions"}],"wp:featuredmedia":[{"embeddable":true,"href":"https:\/\/www.europesays.com\/ro\/wp-json\/wp\/v2\/media\/200984"}],"wp:attachment":[{"href":"https:\/\/www.europesays.com\/ro\/wp-json\/wp\/v2\/media?parent=200983"}],"wp:term":[{"taxonomy":"category","embeddable":true,"href":"https:\/\/www.europesays.com\/ro\/wp-json\/wp\/v2\/categories?post=200983"},{"taxonomy":"post_tag","embeddable":true,"href":"https:\/\/www.europesays.com\/ro\/wp-json\/wp\/v2\/tags?post=200983"}],"curies":[{"name":"wp","href":"https:\/\/api.w.org\/{rel}","templated":true}]}}