{"id":201004,"date":"2026-06-09T17:19:13","date_gmt":"2026-06-09T17:19:13","guid":{"rendered":"https:\/\/www.europesays.com\/ro\/201004\/"},"modified":"2026-06-09T17:19:13","modified_gmt":"2026-06-09T17:19:13","slug":"scrisoare-deschisa-la-despartirea-de-dinamo-sunt-fericit-si-mandru","status":"publish","type":"post","link":"https:\/\/www.europesays.com\/ro\/201004\/","title":{"rendered":"Scrisoare deschis\u0103 la desp\u0103r\u021birea de Dinamo: \u201eSunt fericit \u0219i m\u00e2ndru\u201d"},"content":{"rendered":"<p>\n            Articol de <a rel=\"author nofollow noopener\" href=\"https:\/\/www.gsp.ro\/autor\/eduard-apostol-10.html\" target=\"_blank\">Eduard Apostol<\/a>            &#8211; Publicat luni, 08 iunie 2026 09:58            \/ Actualizat luni, 08 iunie 2026 12:51                    <\/p>\n<p class=\"do-not-hide\">Dinamo face cur\u0103\u021benie de var\u0103 \u00eenainte de noi transferuri. Ieri, clubul a oficializat patru plec\u0103ri. Printre ele \u0219i cea a bulgarului Georgi Milanov, 34 de ani, fotbalistul ofensiv care a evoluat vreme de trei sezoane pentru &#8222;c\u00e2ini&#8221;.<\/p>\n<p class=\"cifra do-not-hide\">2goluri \u0219i un assist a reu\u0219it Milanov pentru Dinamo \u00een 36 de meciuri ale acestui sezon<\/p>\n<p>Georgi Milanov la desp\u0103r\u021birea de Dinamo: \u201eSunt m\u00e2ndru de rolul meu \u00een aceast\u0103 c\u0103l\u0103torie important\u0103&#8221;<\/p>\n<p><a target=\"_self\" class=\"editor-link\" href=\"https:\/\/www.instagram.com\/p\/DZS1F7NDnnU\/?img_index=9&amp;igsh=MWI1Y244c28wdmQxYQ%3D%3D\" rel=\"nofollow noopener\">Fotbalistul a elaborat o adev\u0103rat\u0103 scrisoare de r\u0103mas-bun<\/a> la desp\u0103r\u021birea de Dinamo. A \u021binut s\u0103 le mul\u021bumeasc\u0103 \u0219i celor de la club, \u0219i suporterilor pentru momentele deosebite petrecute \u00een tricoul alb-ro\u0219u.<\/p>\n<p>\u201eDragi fani Dinamo, a venit momentul s\u0103 ne lu\u0103m r\u0103mas bun. \u00cen ace\u0219ti 2 ani \u0219i jum\u0103tate, am trecut prin multe \u00eempreun\u0103 \u0219i vreau s\u0103 v\u0103 mul\u021bumesc pentru sprijinul incredibil la fiecare pas.<\/p>\n<p>De fapt, sunt fericit \u0219i m\u00e2ndru c\u0103 m-am al\u0103turat clubului \u00een timpul uneia dintre cele mai dificile perioade din istoria recent\u0103 \u0219i am putut ajuta. De la riscul retrograd\u0103rii, Dinamo nu numai c\u0103 \u0219i-a asigurat locul, dar s-a \u00eentors acolo unde \u00eei este locul &#8211; printre cei mai buni.<\/p>\n<p>Sunt m\u00e2ndru c\u0103 mi-am jucat rolul \u00een aceast\u0103 c\u0103l\u0103torie important\u0103. Din p\u0103cate, au existat momente \u00een care nu totul a depins de mine, dar chiar \u0219i atunci un lucru nu s-a schimbat niciodat\u0103 &#8211; angajamentul meu fa\u021b\u0103 de echip\u0103.<\/p>\n<p>(&#8230;) De asemenea, sunt recunosc\u0103tor pentru oportunitatea de a \u00eemp\u0103rt\u0103\u0219i experien\u021ba mea cu juc\u0103torii mai tineri. S\u0103 le v\u0103d cre\u0219terea \u0219i dezvoltarea a fost una dintre cele mai satisf\u0103c\u0103toare p\u0103r\u021bi ale timpului petrecut aici \u0219i nu am nicio \u00eendoial\u0103 c\u0103 vor continua s\u0103 aduc\u0103 succes \u0219i bucurie clubului \u00een viitor&#8221;, a transmis Milanov pe re\u021belele de socializare.<\/p>\n<p>Bulgarul a str\u00e2ns numeroase aprecieri \u0219i din partea fanilor, dar \u0219i a colegilor pe care i-a avut la Dinamo \u00een ultimii doi ani \u0219i jum\u0103tate.<\/p>\n<blockquote>\n<p>Fie pe teren, fie \u00een afara lui, \u00een spatele scenei, am dat \u00eentotdeauna tot ce am avut pentru Dinamo, a\u0219a cum fac \u00eentotdeauna ca profesionist<br \/>Georgi Milanov<\/p>\n<\/blockquote>\n<p class=\"cifra \">93de meciuri, 4 goluri \u0219i 8 assist-uri a adunat bulgarul pentru Dinamo \u00een doi ani \u0219i jum\u0103tate<\/p>\n<p class=\"cifra \">54de selec\u021bii \u0219i 2 dou\u0103 goluri a str\u00e2ns Milanov pentru na\u021bionala Bulgariei<\/p>\n<p>        <script async src=\"\/\/www.instagram.com\/embed.js\"><\/script><\/p>\n","protected":false},"excerpt":{"rendered":"Articol de Eduard Apostol &#8211; Publicat luni, 08 iunie 2026 09:58 \/ Actualizat luni, 08 iunie 2026 12:51&hellip;\n","protected":false},"author":2,"featured_media":201005,"comment_status":"","ping_status":"","sticky":false,"template":"","format":"standard","meta":{"footnotes":"","_share_on_mastodon":"0"},"categories":[20],"tags":[4842,49,47,41,40,38,39,185,184],"class_list":["post-201004","post","type-post","status-publish","format-standard","has-post-thumbnail","category-sport","tag-despartire","tag-dinamo","tag-georgi-milanov","tag-ro","tag-romana","tag-romania","tag-romanian","tag-sport","tag-sports"],"share_on_mastodon":{"url":"https:\/\/pubeurope.com\/@ro\/116721297847031362","error":""},"_links":{"self":[{"href":"https:\/\/www.europesays.com\/ro\/wp-json\/wp\/v2\/posts\/201004","targetHints":{"allow":["GET"]}}],"collection":[{"href":"https:\/\/www.europesays.com\/ro\/wp-json\/wp\/v2\/posts"}],"about":[{"href":"https:\/\/www.europesays.com\/ro\/wp-json\/wp\/v2\/types\/post"}],"author":[{"embeddable":true,"href":"https:\/\/www.europesays.com\/ro\/wp-json\/wp\/v2\/users\/2"}],"replies":[{"embeddable":true,"href":"https:\/\/www.europesays.com\/ro\/wp-json\/wp\/v2\/comments?post=201004"}],"version-history":[{"count":0,"href":"https:\/\/www.europesays.com\/ro\/wp-json\/wp\/v2\/posts\/201004\/revisions"}],"wp:featuredmedia":[{"embeddable":true,"href":"https:\/\/www.europesays.com\/ro\/wp-json\/wp\/v2\/media\/201005"}],"wp:attachment":[{"href":"https:\/\/www.europesays.com\/ro\/wp-json\/wp\/v2\/media?parent=201004"}],"wp:term":[{"taxonomy":"category","embeddable":true,"href":"https:\/\/www.europesays.com\/ro\/wp-json\/wp\/v2\/categories?post=201004"},{"taxonomy":"post_tag","embeddable":true,"href":"https:\/\/www.europesays.com\/ro\/wp-json\/wp\/v2\/tags?post=201004"}],"curies":[{"name":"wp","href":"https:\/\/api.w.org\/{rel}","templated":true}]}}