{"id":201361,"date":"2026-06-10T05:43:11","date_gmt":"2026-06-10T05:43:11","guid":{"rendered":"https:\/\/www.europesays.com\/ro\/201361\/"},"modified":"2026-06-10T05:43:11","modified_gmt":"2026-06-10T05:43:11","slug":"cabral-a-transmis-un-mesaj-emotionant-dupa-divortul-de-andreea-ibacka-am-zile-in-care-ma-tin-din-inertie","status":"publish","type":"post","link":"https:\/\/www.europesays.com\/ro\/201361\/","title":{"rendered":"Cabral a transmis un mesaj emo\u021bionant dup\u0103 divor\u021bul de Andreea Ibacka: \u201eAm zile \u00een care m\u0103 \u021bin din iner\u021bie\u201d"},"content":{"rendered":"<p class=\"isSelectedEnd\">Cabral a publicat un mesaj emo\u021bionant pe re\u021belele sociale, la scurt timp dup\u0103 divor\u021bul de Andreea Ibacka. Vedeta nu a vorbit direct despre separare, \u00eens\u0103 a scris despre gre\u0219eli, vulnerabilitate, lec\u021bii de via\u021b\u0103 \u0219i sprijinul pe care \u00eel prime\u0219te de la copiii s\u0103i.<\/p>\n<p class=\"isSelectedEnd\">Mesajul postat de Cabral a atras aten\u021bia urm\u0103ritorilor s\u0103i, mai ales \u00een contextul schimb\u0103rilor importante prin care trece \u00een plan personal. F\u0103r\u0103 s\u0103 ofere explica\u021bii despre divor\u021b sau despre motivele desp\u0103r\u021birii, prezentatorul a ales s\u0103 vorbeasc\u0103 despre perioada pe care o traverseaz\u0103 \u0219i despre felul \u00een care \u00eencearc\u0103 s\u0103 mearg\u0103 mai departe.<\/p>\n<p class=\"isSelectedEnd\">\u201eImperfect. C\u0103ut\u00e2nd, \u00eencerc\u00e2nd. Sprijin pentru Inoke, Namiko \u0219i Tiago. \u0218i sprijinit de ei. Cu ei. Mai gre\u0219esc. Mai \u00eencurc. Mai cred c\u0103 le \u0219tiu. Pe toate. Apoi via\u021ba \u00eemi demonstreaz\u0103 elegant c\u0103 nu. Am zile \u00een care m\u0103 simt puternic \u0219i zile \u00een care m\u0103 \u021bin din iner\u021bie. Zile \u00een care sunt eu cel care se ridic\u0103 \u0219i zile \u00een care sunt ridicat\u201d, a scris Cabral pe Instagram.<\/p>\n<p class=\"isSelectedEnd\">Postarea a fost interpretat\u0103 de mul\u021bi fani ca o reflec\u021bie sincer\u0103 asupra unei etape dificile. Cabral vorbe\u0219te despre momentele \u00een care se simte puternic, dar \u0219i despre zilele \u00een care are nevoie de sprijin. \u00cen centrul mesajului s\u0103u sunt copiii s\u0103i, Inoke, Namiko \u0219i Tiago, pe care \u00eei descrie ca fiind at\u00e2t o responsabilitate, c\u00e2t \u0219i un sprijin important.<\/p>\n<p><img decoding=\"async\" src=\"https:\/\/www.europesays.com\/ro\/wp-content\/uploads\/2026\/06\/ZyZ3PTgwMCZoYXNoPWQ2NzgzNmMxMWMzMDUwMGY5MzZiZTU3MGYyMjU0M2Q1.thumb.jpg\" alt=\"Screenshot 2026-06-09 at 15.45.05\" data-skip-htmlfix=\"1\" style=\"\"\/>   Cabral Ibacka \/\/ Surs\u0103 foto: Instagram Cabral \u0219i Andreea Ibacka au divor\u021bat dup\u0103 15 ani de c\u0103snicie<\/p>\n<p class=\"isSelectedEnd\">Mesajul vine dup\u0103 ce Cabral \u0219i Andreea Ibacka au anun\u021bat c\u0103 au decis s\u0103 mearg\u0103 pe drumuri separate, dup\u0103 18 ani de rela\u021bie \u0219i 15 ani de c\u0103snicie. Vestea a surprins lumea monden\u0103, cei doi fiind considera\u021bi mult timp unul dintre cele mai solide \u0219i discrete cupluri din showbizul rom\u00e2nesc.<\/p>\n<p class=\"isSelectedEnd\">\u00cen mesajul prin care au confirmat desp\u0103r\u021birea, Cabral \u0219i Andreea Ibacka au transmis c\u0103 separarea nu a fost provocat\u0103 de scandaluri, infidelit\u0103\u021bi sau conflicte grave. Cei doi au explicat c\u0103 rela\u021bia lor s-a schimbat \u00een timp \u0219i c\u0103, la un moment dat, au realizat c\u0103 drumurile lor nu mai merg \u00een aceea\u0219i direc\u021bie.<\/p>\n<p class=\"isSelectedEnd\">Chiar \u0219i dup\u0103 divor\u021b, Cabral \u0219i Andreea Ibacka au subliniat c\u0103 vor continua s\u0103 fie o echip\u0103 atunci c\u00e2nd vine vorba despre copiii lor. Am\u00e2ndoi au transmis c\u0103 familia r\u0103m\u00e2ne prioritatea principal\u0103 \u0219i c\u0103 \u00ee\u0219i doresc s\u0103 le ofere celor mici stabilitate \u0219i echilibru.<\/p>\n<p>Pute\u0163i urm\u0103ri \u0218tirile UTV \u015fi pe<br \/>\n                            <a href=\"https:\/\/news.google.com\/publications\/CAAqBwgKMPzSpgww4uDsAg?ceid=RO:ro&amp;oc=3\" target=\"_blank\" rel=\"nofollow noopener\">Google News<\/a>!\n                        <\/p>\n","protected":false},"excerpt":{"rendered":"Cabral a publicat un mesaj emo\u021bionant pe re\u021belele sociale, la scurt timp dup\u0103 divor\u021bul de Andreea Ibacka. Vedeta&hellip;\n","protected":false},"author":2,"featured_media":201362,"comment_status":"","ping_status":"","sticky":false,"template":"","format":"standard","meta":{"footnotes":"","_share_on_mastodon":"0"},"categories":[18],"tags":[50538,50539,16046,4842,171,170,2314,41,40,38,39],"class_list":["post-201361","post","type-post","status-publish","format-standard","has-post-thumbnail","category-divertisment","tag-andreea-ibacka","tag-cabral-ibacka","tag-cuplu","tag-despartire","tag-divertisment","tag-entertainment","tag-familie","tag-ro","tag-romana","tag-romania","tag-romanian"],"share_on_mastodon":{"url":"https:\/\/pubeurope.com\/@ro\/116724223695882975","error":""},"_links":{"self":[{"href":"https:\/\/www.europesays.com\/ro\/wp-json\/wp\/v2\/posts\/201361","targetHints":{"allow":["GET"]}}],"collection":[{"href":"https:\/\/www.europesays.com\/ro\/wp-json\/wp\/v2\/posts"}],"about":[{"href":"https:\/\/www.europesays.com\/ro\/wp-json\/wp\/v2\/types\/post"}],"author":[{"embeddable":true,"href":"https:\/\/www.europesays.com\/ro\/wp-json\/wp\/v2\/users\/2"}],"replies":[{"embeddable":true,"href":"https:\/\/www.europesays.com\/ro\/wp-json\/wp\/v2\/comments?post=201361"}],"version-history":[{"count":0,"href":"https:\/\/www.europesays.com\/ro\/wp-json\/wp\/v2\/posts\/201361\/revisions"}],"wp:featuredmedia":[{"embeddable":true,"href":"https:\/\/www.europesays.com\/ro\/wp-json\/wp\/v2\/media\/201362"}],"wp:attachment":[{"href":"https:\/\/www.europesays.com\/ro\/wp-json\/wp\/v2\/media?parent=201361"}],"wp:term":[{"taxonomy":"category","embeddable":true,"href":"https:\/\/www.europesays.com\/ro\/wp-json\/wp\/v2\/categories?post=201361"},{"taxonomy":"post_tag","embeddable":true,"href":"https:\/\/www.europesays.com\/ro\/wp-json\/wp\/v2\/tags?post=201361"}],"curies":[{"name":"wp","href":"https:\/\/api.w.org\/{rel}","templated":true}]}}