{"id":201443,"date":"2026-06-10T07:43:09","date_gmt":"2026-06-10T07:43:09","guid":{"rendered":"https:\/\/www.europesays.com\/ro\/201443\/"},"modified":"2026-06-10T07:43:09","modified_gmt":"2026-06-10T07:43:09","slug":"paok-i-a-gasit-inlocuitor-lui-razvan-lucescu-ivan-savvidis-vrea-sa-aduca-un-antrenor-din-rusia","status":"publish","type":"post","link":"https:\/\/www.europesays.com\/ro\/201443\/","title":{"rendered":"PAOK i-a g\u0103sit \u00eenlocuitor lui R\u0103zvan Lucescu! Ivan Savvidis vrea s\u0103 aduc\u0103 un antrenor din Rusia"},"content":{"rendered":"<p id=\"p-0\">Jurnali\u0219tii din Grecia anun\u021b\u0103 c\u0103 viitorul lui R\u0103zvan Lucescu (57 de ani) pe banca celor de la PAOK Salonic este incert, chiar dac\u0103 tehnicianul rom\u00e2n mai are contract \u00eenc\u0103 un an de zile cu forma\u021bia patronat\u0103 de controversatul Ivan Savvidis.<\/p>\n<p id=\"p-1\">Conform informa\u021biilor oferite de greci, se pare c\u0103 omul de afaceri a g\u0103sit deja un \u00eenlocuitor pentru R\u0103zvan Lucescu, iar o decizie final\u0103 va fi luat\u0103 chiar s\u0103pt\u0103m\u00e2na aceasta.<\/p>\n<p>S-a g\u0103sit \u00eenlocuitor pentru R\u0103zvan Lucescu<\/p>\n<p id=\"p-2\">R\u0103zvan Lucescu a declarat recent c\u0103 <a style=\"color: #0000ff;\" href=\"https:\/\/www.prosport.ro\/fotbal-extern\/razvan-lucescu-decizie-paok-20454003\" rel=\"nofollow noopener\" target=\"_blank\">nu se g\u00e2nde\u0219te la o eventual\u0103 desp\u0103r\u021bire de PAOK Salonic<\/a>, dar conducerea clubului pare c\u0103 are alte planuri pentru banca tehnic\u0103 a echipei.<\/p>\n<p>                <a href=\"https:\/\/www.prosport.ro\/poze\/paok-i-a-gasit-inlocuitor-lui-razvan-lucescu-ivan-savvidis-vrea-sa-aduca-un-antrenor-din-rusia-20457988\" rel=\"nofollow noopener\" target=\"_blank\">&#13;<br \/>\n                                            <img decoding=\"async\" loading=\"lazy\" fetchpriority=\"low\" src=\"https:\/\/www.europesays.com\/ro\/wp-content\/uploads\/2026\/06\/https:\/\/www.prosport.ro\/\/wp-content\/uploads\/2026\/06\/razvan-lucescu-echipa-africa.webp\" width=\"458\" height=\"305\"\/>&#13;<br \/>\n                                    <\/a><\/p>\n<p>                <a href=\"https:\/\/www.prosport.ro\/poze\/paok-i-a-gasit-inlocuitor-lui-razvan-lucescu-ivan-savvidis-vrea-sa-aduca-un-antrenor-din-rusia-20457988\" rel=\"nofollow noopener\" target=\"_blank\">&#13;<br \/>\n                                            <img decoding=\"async\" loading=\"lazy\" fetchpriority=\"low\" src=\"https:\/\/www.europesays.com\/ro\/wp-content\/uploads\/2026\/06\/https:\/\/www.prosport.ro\/\/wp-content\/uploads\/2026\/05\/razvan-lucescu-reactie-nae-constantin-fcsb-rapid.jpeg\" width=\"227\" height=\"151\"\/>&#13;<br \/>\n                                    <\/a><\/p>\n<p id=\"p-3\">Conform jurnali\u0219tilor din Grecia, se pare c\u0103 patronul Ivan Savvidis va luat o decizie final\u0103 chiar \u00een cursul zilei de miercuri, 10 iunie 2026, c\u00e2nd trebuie s\u0103 primeasc\u0103 un r\u0103spuns din partea antrenorului pe care vrea s\u0103 \u00eel instaleze \u00een locul lui R\u0103zvan Lucescu.<\/p>\n<p id=\"p-4\">\u00cen prezent, <a style=\"color: #0000ff;\" href=\"https:\/\/www.prosport.ro\/fotbal-extern\/razvan-lucescu-echipa-africa-20453024\" rel=\"nofollow noopener\" target=\"_blank\">tehnicianul \u00een v\u00e2rst\u0103 de 58 de ani<\/a> mare are contract cu PAOK Salonic pentru \u00eenc\u0103 un an de zile. Cu toate acestea, \u00een presa local\u0103 s-au vehiculat mai multe nume care l-ar putea \u00eenlocui pe R\u0103zvan Lucescu, chiar \u00een vara acestui an.<\/p>\n<p id=\"p-5\">\u00cen cazul \u00een care chiar vor decide s\u0103 \u00eel \u00eenlocuiasc\u0103 pe tehnicianul rom\u00e2n, grecii ar dori s\u0103 \u00ee\u0219i \u00eendrepte aten\u021bia spre \u0219coala de antrenori iberic\u0103 sau rus\u0103. \u00cenainte de a face acest lucru, Savvidis va fi nevoit s\u0103-i pl\u0103teasc\u0103 o sum\u0103 uria\u0219\u0103 de bani lui R\u0103zvan Lucescu.<\/p>\n<p id=\"p-6\">Este vorba despre clauza de reziliere pe care rom\u00e2nul o are \u00een contract, care se ridic\u0103 la suma de dou\u0103 milioane de euro, mai noteaz\u0103 grecii.<\/p>\n<p>Cine este favoritul lui Ivan Savvidis<\/p>\n<p id=\"p-7\">Conform informa\u021biilor oferite de jurnali\u0219tii de la <a style=\"color: #000000;\" href=\"https:\/\/www.novasports.gr\/\" rel=\"nofollow noopener\" target=\"_blank\">novasports.gr<\/a>, se pare c\u0103 Ivan Savvidis vrea s\u0103 \u00eel instaleze \u00een func\u021bia de antrenor pe Juan Carlos Carcedo, tehnicianul celor de la Spartak Moscova. Acesta mai are contract cu ru\u0219ii p\u00e2n\u0103 \u00een anul 2028.<\/p>\n<p id=\"p-8\">\u00cen v\u00e2rst\u0103 de 52 de ani, tehnicianul spaniol a preg\u0103tit-o pe Pafos \u00eenainte de a ajunge pe banca celor de la Spartak Moscova, la \u00eenceputul anului 2026.<\/p>\n<p id=\"p-9\">Al\u0103turi de forma\u021bia din Cipru, Juan Carlos Carcedo a c\u00e2\u0219tigat titlul \u0219i a participat \u00een faza principal\u0103 din UEFA Champions League. De men\u021bionat este c\u0103 acesta se afla pe banca tehnic\u0103 a celor de la Pafos la \u201edubla\u201d cu CFR Cluj, din urm\u0103 cu dou\u0103 sezoane.<\/p>\n<p id=\"p-10\">Atunci, cele dou\u0103 forma\u021bii s-au \u00eent\u00e2lnit \u00een play-off-ul UEFA Conference League. Ardelenii au c\u00e2\u0219tigat meciul tur, scor 1-0, dar au cedat \u00een Cipru, cu scorul categoric de 3-0.<\/p>\n","protected":false},"excerpt":{"rendered":"Jurnali\u0219tii din Grecia anun\u021b\u0103 c\u0103 viitorul lui R\u0103zvan Lucescu (57 de ani) pe banca celor de la PAOK&hellip;\n","protected":false},"author":2,"featured_media":201444,"comment_status":"","ping_status":"","sticky":false,"template":"","format":"standard","meta":{"footnotes":"","_share_on_mastodon":"0"},"categories":[20],"tags":[56974,683,4842,45396,28493,2466,41,40,38,39,17480,185,184],"class_list":["post-201443","post","type-post","status-publish","format-standard","has-post-thumbnail","category-sport","tag-antrenor-paok-salonic","tag-demitere","tag-despartire","tag-ivan-savvidis","tag-juan-carlos-carcedo","tag-razvan-lucescu","tag-ro","tag-romana","tag-romania","tag-romanian","tag-spartak-moscova","tag-sport","tag-sports"],"share_on_mastodon":{"url":"https:\/\/pubeurope.com\/@ro\/116724695407075887","error":""},"_links":{"self":[{"href":"https:\/\/www.europesays.com\/ro\/wp-json\/wp\/v2\/posts\/201443","targetHints":{"allow":["GET"]}}],"collection":[{"href":"https:\/\/www.europesays.com\/ro\/wp-json\/wp\/v2\/posts"}],"about":[{"href":"https:\/\/www.europesays.com\/ro\/wp-json\/wp\/v2\/types\/post"}],"author":[{"embeddable":true,"href":"https:\/\/www.europesays.com\/ro\/wp-json\/wp\/v2\/users\/2"}],"replies":[{"embeddable":true,"href":"https:\/\/www.europesays.com\/ro\/wp-json\/wp\/v2\/comments?post=201443"}],"version-history":[{"count":0,"href":"https:\/\/www.europesays.com\/ro\/wp-json\/wp\/v2\/posts\/201443\/revisions"}],"wp:featuredmedia":[{"embeddable":true,"href":"https:\/\/www.europesays.com\/ro\/wp-json\/wp\/v2\/media\/201444"}],"wp:attachment":[{"href":"https:\/\/www.europesays.com\/ro\/wp-json\/wp\/v2\/media?parent=201443"}],"wp:term":[{"taxonomy":"category","embeddable":true,"href":"https:\/\/www.europesays.com\/ro\/wp-json\/wp\/v2\/categories?post=201443"},{"taxonomy":"post_tag","embeddable":true,"href":"https:\/\/www.europesays.com\/ro\/wp-json\/wp\/v2\/tags?post=201443"}],"curies":[{"name":"wp","href":"https:\/\/api.w.org\/{rel}","templated":true}]}}