{"id":201623,"date":"2026-06-10T11:19:18","date_gmt":"2026-06-10T11:19:18","guid":{"rendered":"https:\/\/www.europesays.com\/ro\/201623\/"},"modified":"2026-06-10T11:19:18","modified_gmt":"2026-06-10T11:19:18","slug":"anca-dinicu-si-georgian-paun-s-au-despartit-actrita-a-facut-anuntul-la-un-an-si-jumatate-dupa-ce-a-devenit-mama","status":"publish","type":"post","link":"https:\/\/www.europesays.com\/ro\/201623\/","title":{"rendered":"Anca Dinicu \u0219i Georgian P\u0103un s-au desp\u0103r\u021bit. Actri\u021ba a f\u0103cut anun\u021bul la un an \u0219i jum\u0103tate dup\u0103 ce a devenit mam\u0103"},"content":{"rendered":"<p data-start=\"471\" data-end=\"733\">Anca Dinicu \u0219i Georgian P\u0103un au decis s\u0103 mearg\u0103 pe drumuri separate. Actri\u021ba a f\u0103cut anun\u021bul pe Instagram, printr-un mesaj \u00een care a transmis c\u0103 ea \u0219i tat\u0103l copilului ei r\u0103m\u00e2n \u00een rela\u021bii bune \u0219i vor forma \u00een continuare o echip\u0103 pentru fiul lor, Radu.<\/p>\n<p class=\"isSelectedEnd\">Cei doi au avut o rela\u021bie discret\u0103 \u0219i au ap\u0103rut rar \u00eempreun\u0103 \u00een spa\u021biul public, motiv pentru care vestea i-a surprins pe fani. Anca Dinicu a transmis \u00eens\u0103 c\u0103 nu este vorba despre un conflict sau despre o desp\u0103r\u021bire tensionat\u0103, ci despre o decizie luat\u0103 cu maturitate.<\/p>\n<p class=\"isSelectedEnd\">\u201eO mic\u0103 schimbare \u00een povestea noastr\u0103: eu \u0219i Georgian am ales s\u0103 trecem de la statutul de iubi\u021bi la cel de buni prieteni. Suntem absolut ok, nu e loc de nicio dram\u0103, pur \u0219i simplu am realizat c\u0103 aceasta e cea mai bun\u0103 form\u0103 prin care ne putem continua drumul. Form\u0103m o echip\u0103 \u00een cre\u0219terea copilului nostru \u0219i asta e tot ce conteaz\u0103. Mul\u021bumim pentru g\u00e2ndurile bune! \u00cen caz c\u0103 exist\u0103\u201d, a scris Anca Dinicu pe Instagram.<\/p>\n<p class=\"isSelectedEnd\">Anun\u021bul vine la aproximativ un an \u0219i jum\u0103tate dup\u0103 ce actri\u021ba a devenit mam\u0103. Anca Dinicu \u0219i Georgian P\u0103un au \u00eempreun\u0103 un b\u0103ie\u021bel, Radu, iar actri\u021ba a subliniat c\u0103 prioritatea lor r\u0103m\u00e2ne cre\u0219terea copilului.<\/p>\n<p><img decoding=\"async\" src=\"https:\/\/www.europesays.com\/ro\/wp-content\/uploads\/2026\/06\/Jmhhc2g9NDEwZGQ3NjY0MDViODU5YzFiNDFiNGU3OGNiYTJkNzQ=.thumb.jpg\" alt=\"anca-dinicu4\" data-skip-htmlfix=\"1\" style=\"\"\/>   Anca Dinicu \u0219i P\u0103un Georgian \/\/ Sursa foto: Instagram Desp\u0103r\u021birea vine dup\u0103 ce actri\u021ba vorbise despre planurile de nunt\u0103<\/p>\n<p class=\"isSelectedEnd\">Desp\u0103r\u021birea vine la c\u00e2teva luni dup\u0103 ce Anca Dinicu vorbise despre planurile de viitor al\u0103turi de Georgian P\u0103un. Actri\u021ba declara atunci c\u0103 fusese cerut\u0103 \u00een c\u0103s\u0103torie \u00een timpul unei vacan\u021be \u00een Thailanda, \u00eens\u0103 cei doi nu stabiliser\u0103 o dat\u0103 pentru nunt\u0103.<\/p>\n<p class=\"isSelectedEnd\">\u201eN-am stabilit o dat\u0103. Momentan suntem implica\u021bi \u00een tot felul de proiecte \u0219i lucruri care ne cer toat\u0103 energia. Georgian m-a cerut vara trecut\u0103, \u00een Thailanda, a fost un moment frumos. Evenimentul nu mi-l doresc neap\u0103rat fastuos. Sau, mai bine zis, n-am visat niciodat\u0103 la o nunt\u0103 cu artificii \u0219i candelabre uria\u0219e. Doar c\u0103, realist vorbind, e imposibil s\u0103 fie ceva restr\u00e2ns. La ziua mea, am vrut s\u0103 chem 20 de oameni \u0219i, \u00een aceea\u0219i sear\u0103, s-au str\u00e2ns 50. V\u0103 da\u021bi seama ce-ar \u00eensemna o nunt\u0103!\u201d, spunea Anca Dinicu, potrivit<a href=\"https:\/\/ziare.com\/anca-dinicu\/georgian-paun-despartire-actrita-anunt-online-2017586\" data-skip-linkfix=\"1\" target=\"_blank\" rel=\"nofollow noopener\"> Ziare.com.<\/a><\/p>\n<p class=\"isSelectedEnd\">\u00cen urm\u0103 cu c\u00e2teva luni, actri\u021ba a vorbit \u0219i despre perioada dificil\u0103 de dup\u0103 na\u0219tere. Invitat\u0103 \u00een podcastul lui Speak, Anca Dinicu povestea c\u0103 a ajuns la un medic psihiatru, la recomandarea unui endocrinolog, dup\u0103 o perioad\u0103 \u00een care s-a confruntat cu lipsa somnului \u0219i epuizare.<\/p>\n<p class=\"isSelectedEnd\">\u201eMi-a dat ni\u0219te pastilu\u021be pe baz\u0103 de plante, deci hai s\u0103 ne lini\u0219tim\u2026 Ceva cu \u0219ofran. Nu m-am dus eu direct, mi-a recomandat un alt doctor. Eu m-am dus la endocrinolog. Am zis s\u0103 fac ni\u0219te analize hormonale, c\u0103 trebuie\u2026 Eu sunt \u0219i pu\u021bin ipohondr\u0103 \u0219i \u00eemi place s\u0103 verific, s\u0103 m\u0103 \u0219tiu eu bine\u2026 Mi-a zis endocrinologul s\u0103 m\u0103 duc la psihiatru, c\u0103ci crede c\u0103 este vorba despre un burnout. \u0218i m-am dus, am vorbit vreo or\u0103, nu au fost 2-3 \u00eentreb\u0103ri\u2026 \u00cen ultimul an nu am dormit deloc. Lipsa somnului m-a dus aici. Am avut un an nebun\u201d, declara Anca Dinicu.<\/p>\n<p>Pute\u0163i urm\u0103ri \u0218tirile UTV \u015fi pe<br \/>\n                            <a href=\"https:\/\/news.google.com\/publications\/CAAqBwgKMPzSpgww4uDsAg?ceid=RO:ro&amp;oc=3\" target=\"_blank\" rel=\"nofollow noopener\">Google News<\/a>!\n                        <\/p>\n","protected":false},"excerpt":{"rendered":"Anca Dinicu \u0219i Georgian P\u0103un au decis s\u0103 mearg\u0103 pe drumuri separate. Actri\u021ba a f\u0103cut anun\u021bul pe Instagram,&hellip;\n","protected":false},"author":2,"featured_media":201624,"comment_status":"","ping_status":"","sticky":false,"template":"","format":"standard","meta":{"footnotes":"","_share_on_mastodon":"0"},"categories":[5],"tags":[52554,57026,32,33,31,16046,4842,2314,36,37,57027,27,34,35,25,7311,41,40,38,39,26,28,29,30],"class_list":["post-201623","post","type-post","status-publish","format-standard","has-post-thumbnail","category-titluri","tag-actori-romani","tag-anca-dinicu","tag-breaking-news","tag-breakingnews","tag-cele-mai-populare-subiecte","tag-cuplu","tag-despartire","tag-familie","tag-featured-news","tag-featurednews","tag-georgian-paun","tag-headlines","tag-latest-news","tag-latestnews","tag-news","tag-relatie","tag-ro","tag-romana","tag-romania","tag-romanian","tag-stiri","tag-titluri","tag-top-stories","tag-topstories"],"share_on_mastodon":{"url":"https:\/\/pubeurope.com\/@ro\/116725545273275390","error":""},"_links":{"self":[{"href":"https:\/\/www.europesays.com\/ro\/wp-json\/wp\/v2\/posts\/201623","targetHints":{"allow":["GET"]}}],"collection":[{"href":"https:\/\/www.europesays.com\/ro\/wp-json\/wp\/v2\/posts"}],"about":[{"href":"https:\/\/www.europesays.com\/ro\/wp-json\/wp\/v2\/types\/post"}],"author":[{"embeddable":true,"href":"https:\/\/www.europesays.com\/ro\/wp-json\/wp\/v2\/users\/2"}],"replies":[{"embeddable":true,"href":"https:\/\/www.europesays.com\/ro\/wp-json\/wp\/v2\/comments?post=201623"}],"version-history":[{"count":0,"href":"https:\/\/www.europesays.com\/ro\/wp-json\/wp\/v2\/posts\/201623\/revisions"}],"wp:featuredmedia":[{"embeddable":true,"href":"https:\/\/www.europesays.com\/ro\/wp-json\/wp\/v2\/media\/201624"}],"wp:attachment":[{"href":"https:\/\/www.europesays.com\/ro\/wp-json\/wp\/v2\/media?parent=201623"}],"wp:term":[{"taxonomy":"category","embeddable":true,"href":"https:\/\/www.europesays.com\/ro\/wp-json\/wp\/v2\/categories?post=201623"},{"taxonomy":"post_tag","embeddable":true,"href":"https:\/\/www.europesays.com\/ro\/wp-json\/wp\/v2\/tags?post=201623"}],"curies":[{"name":"wp","href":"https:\/\/api.w.org\/{rel}","templated":true}]}}