{"id":201679,"date":"2026-06-10T12:43:14","date_gmt":"2026-06-10T12:43:14","guid":{"rendered":"https:\/\/www.europesays.com\/ro\/201679\/"},"modified":"2026-06-10T12:43:14","modified_gmt":"2026-06-10T12:43:14","slug":"ore-cruciale-pentru-razvan-lucescu-la-paok-astazi-e-discutia-decisiva-grecii-i-au-gasit-deja-inlocuitor","status":"publish","type":"post","link":"https:\/\/www.europesays.com\/ro\/201679\/","title":{"rendered":"Ore cruciale pentru R\u0103zvan Lucescu la PAOK: ast\u0103zi e discu\u021bia decisiv\u0103! \u00bb Grecii i-au g\u0103sit deja \u00eenlocuitor"},"content":{"rendered":"<p>\n            Articol de <a rel=\"author nofollow noopener\" href=\"https:\/\/www.gsp.ro\/autor\/daniel-scorpie-62.html\" target=\"_blank\">Daniel Scorpie<\/a>            &#8211; Publicat miercuri, 10 iunie 2026,  11:39            \/ Actualizat miercuri, 10 iunie 2026 12:15                    <\/p>\n<p>R\u0103zvan Lucescu (57 de ani) \u0219i-ar putea \u00eencheia dup\u0103 cinci sezoane al doilea mandat la <a target=\"_blank\" class=\"editor-link autolink-enabled\" href=\"https:\/\/www.gsp.ro\/rezultate-live\/echipa-teamname-553\" data-resource-id=\"553\" data-resource-type=\"team\" data-sport=\"football\" rel=\"nofollow noopener\">PAOK<\/a>, cu un an mai devreme dec\u00e2t finalul contractului. Presa elen\u0103 a scris despre discu\u021bia pe care antrenorul rom\u00e2n o va purta cu conducerea clubului ast\u0103zi, c\u00e2nd se va lua decizia \u00een privin\u021ba plec\u0103rii sau a r\u0103m\u00e2nerii sale pe banca tehnic\u0103 a \u201ealb-negrilor\u201d.<\/p>\n<p class=\"do-not-hide\">Dup\u0103 specula\u021biile ap\u0103rute \u00een ultimele s\u0103pt\u0103m\u00e2ni legate de o posibil\u0103 mutare \u00een Turcia, la Be\u0219ikta\u0219, care au fost \u0219i dezmin\u021bite de R\u0103zvan Lucescu, \u00eenaintea vacan\u021bei se anun\u021b\u0103 ore de foc pentru antrenorul care mai are contract cu PAOK p\u00e2n\u0103 pe 30 iunie 2027.<\/p>\n<p>\u201eObiectivul lui R\u0103zvan Lucescu este s\u0103 r\u0103m\u00e2n\u0103 la PAOK, spun\u00e2nd c\u0103 o preg\u0103te\u0219te deja pentru noul sezon\u201d<\/p>\n<p>At\u00e2t Sport24.gr, c\u00e2t \u0219i cotidianul Metrosport au publicat \u00een aceast\u0103 diminea\u021b\u0103 informa\u021bii despre discu\u021bia crucial\u0103 pe care tehnicianul rom\u00e2n o va avea cu \u0219efii clubului din Salonic. \u201e\u00cen urm\u0103toarele 24 de ore se va clarifica situa\u021bia lui R\u0103zvan Lucescu la PAOK\u201d, anun\u021b\u0103 prima publica\u021bie online.<\/p>\n<p><img decoding=\"async\" src=\"https:\/\/www.europesays.com\/ro\/wp-content\/uploads\/2026\/06\/93bcee1f-cf07-457e-9788-ff651cdb308c.jpg\" loading=\"lazy\" title=\"R\u0103zvan Lucescu s-a aflat pe lista lui Be\u0219ikta\u0219\/ FOTO: Imago Images\" alt=\"Ore cruciale pentru R\u0103zvan Lucescu la PAOK: ast\u0103zi e discu\u021bia decisiv\u0103! \u00bb Grecii i-au g\u0103sit deja \u00eenlocuitor\" width=\"738\" height=\"502\"\/><\/p>\n<p>R\u0103zvan Lucescu s-a aflat pe lista lui Be\u0219ikta\u0219\/ FOTO: Imago Images<\/p>\n<p>\u201eSpecula\u021bii intense au ap\u0103rut mar\u021bi sear\u0103 cu privire la r\u0103m\u00e2nerea sau nu a lui R\u0103zvan Lucescu. Dar \u00een orice ipotez\u0103, cazul antrenorului rom\u00e2n, care \u0219i-a legat numele de cele mai mari succese ale clubului, e a\u0219teptat s\u0103 fie rezolvat imediat ce se vor lua deciziile finale de c\u0103tre conducerii lui PAOK.<\/p>\n<p>De zile \u00eentregi, se pare c\u0103, \u00een ciuda declara\u021biilor publice date de Lucescu din Rom\u00e2nia, problema r\u0103m\u00e2ne deschis\u0103. Antrenorul a reiterat c\u0103 are un contract \u00een derulare cu PAOK, subliniind \u00een acela\u0219i timp c\u0103 deciziile privind viitorul unui parteneriat se iau de comun acord cu conducerea.<\/p>\n<p>Aceast\u0103 atitudine a men\u021binut incertitudinea \u0219i, de fapt, ieri au existat diverse scenarii care l-au adus aproape de u\u0219a de ie\u0219ire. Au ap\u0103rut inclusiv nume ale posibililor candida\u021bi pentru a-l \u00eenlocui, clubul neconfirm\u00e2nd nimic din toate acestea.<\/p>\n<p>\u00censu\u0219i Lucescu, \u00eentr-o declara\u021bie recent\u0103, a sus\u021binut ieri c\u0103 obiectivul s\u0103u e s\u0103 r\u0103m\u00e2n\u0103 la echip\u0103, spun\u00e2nd totodat\u0103 c\u0103 o preg\u0103te\u0219te deja pe PAOK pentru noul sezon\u201d, explic\u0103 <a target=\"_blank\" class=\"editor-link\" href=\"https:\/\/www.sport24.gr\/football\/paok-xekatharizei-oristika-mesa-sta-epomena-24ora-to-thema-loutseskou\/\" rel=\"nofollow noopener\">Sport24.gr.<\/a><\/p>\n<p>Metrosport a aflat numele posibilului \u00eenlocuitor al lui R\u0103zvan Lucescu: este un spaniol de la Spartak Moscova, ex-Pafos<\/p>\n<p><a target=\"_blank\" class=\"editor-link\" href=\"https:\/\/www.metrosport.gr\/paok-to-krisimo-24oro-gia-to-thema-loytseskoy-1315354\" rel=\"nofollow noopener\">Metrosport <\/a>merge mai departe pe firul culiselor \u0219i dezv\u0103luie informa\u021bii conform c\u0103rora clubul alb-negru a sondat inten\u021biile lui Juan Carlos Carcedo, \u00een func\u021bie dac\u0103 PAOK ar trebui s\u0103 caute un antrenor sau va continua cu R\u0103zvan Lucescu. <\/p>\n<p><img decoding=\"async\" src=\"https:\/\/www.europesays.com\/ro\/wp-content\/uploads\/2026\/06\/d6e6ffe2-0a59-4692-a81f-e41fcaa43214.jpg\" loading=\"lazy\" title=\"Juan Carlos Carcedo are 17 meciuri la Spartak Moscova, dup\u0103 ce a antrenat-o pe Pafos timp de doi ani \u0219i jum\u0103tate, c\u00e2\u0219tig\u00e2nd titlul \u0219i Cupa Ciprului \/ Foto: GettyImages\" alt=\"Ore cruciale pentru R\u0103zvan Lucescu la PAOK: ast\u0103zi e discu\u021bia decisiv\u0103! \u00bb Grecii i-au g\u0103sit deja \u00eenlocuitor\" width=\"738\" height=\"502\"\/><\/p>\n<p>Juan Carlos Carcedo are 17 meciuri la Spartak Moscova, dup\u0103 ce a antrenat-o pe Pafos timp de doi ani \u0219i jum\u0103tate, c\u00e2\u0219tig\u00e2nd titlul \u0219i Cupa Ciprului \/ Foto: GettyImages<\/p>\n<p>Spaniolul de 52 de ani a plecat \u00een ianuarie de la Pafos, echipa lui Vlad Dragomir, pe care a condus-o \u00een grupa Ligii Campionilor, \u0219i a semnat cu Spartak Moscova un contract p\u00e2n\u0103 \u00een 2028. Carcedo a fost ;i asistentul lui Unai Emery la PSG.<\/p>\n<p>\u201eAcum, al doilea scenariu, \u0219i anume plecarea rom\u00e2nului de pe banca lui PAOK, e cel care circul\u0103 tot mai puternic \u0219i r\u0103m\u00e2ne de v\u0103zut ce se va \u00eent\u00e2mpla odat\u0103 ce va fi confirmat\u201d, precizeaz\u0103 cotidianul grec.<\/p>\n<p>Problema antrenorului e urgent\u0103, clubul afl\u00e2ndu-se \u00een ultima faz\u0103 pentru a stabili meciurile amicale din Olanda programate \u00eentre 29 iunie \u0219i 12 iulie, iar informa\u021biile sugereaz\u0103 c\u0103 PAOK va avea patru adversari pentru preg\u0103tirea noului sezon. Cu sau f\u0103r\u0103 R\u0103zvan Lucescu.<\/p>\n","protected":false},"excerpt":{"rendered":"Articol de Daniel Scorpie &#8211; Publicat miercuri, 10 iunie 2026, 11:39 \/ Actualizat miercuri, 10 iunie 2026 12:15&hellip;\n","protected":false},"author":2,"featured_media":201680,"comment_status":"","ping_status":"","sticky":false,"template":"","format":"standard","meta":{"footnotes":"","_share_on_mastodon":"0"},"categories":[5],"tags":[32,33,31,4842,36,37,27,28493,34,35,25,2385,2466,41,40,38,39,17480,26,28,29,30],"class_list":["post-201679","post","type-post","status-publish","format-standard","has-post-thumbnail","category-titluri","tag-breaking-news","tag-breakingnews","tag-cele-mai-populare-subiecte","tag-despartire","tag-featured-news","tag-featurednews","tag-headlines","tag-juan-carlos-carcedo","tag-latest-news","tag-latestnews","tag-news","tag-paok","tag-razvan-lucescu","tag-ro","tag-romana","tag-romania","tag-romanian","tag-spartak-moscova","tag-stiri","tag-titluri","tag-top-stories","tag-topstories"],"share_on_mastodon":{"url":"https:\/\/pubeurope.com\/@ro\/116725875239418512","error":""},"_links":{"self":[{"href":"https:\/\/www.europesays.com\/ro\/wp-json\/wp\/v2\/posts\/201679","targetHints":{"allow":["GET"]}}],"collection":[{"href":"https:\/\/www.europesays.com\/ro\/wp-json\/wp\/v2\/posts"}],"about":[{"href":"https:\/\/www.europesays.com\/ro\/wp-json\/wp\/v2\/types\/post"}],"author":[{"embeddable":true,"href":"https:\/\/www.europesays.com\/ro\/wp-json\/wp\/v2\/users\/2"}],"replies":[{"embeddable":true,"href":"https:\/\/www.europesays.com\/ro\/wp-json\/wp\/v2\/comments?post=201679"}],"version-history":[{"count":0,"href":"https:\/\/www.europesays.com\/ro\/wp-json\/wp\/v2\/posts\/201679\/revisions"}],"wp:featuredmedia":[{"embeddable":true,"href":"https:\/\/www.europesays.com\/ro\/wp-json\/wp\/v2\/media\/201680"}],"wp:attachment":[{"href":"https:\/\/www.europesays.com\/ro\/wp-json\/wp\/v2\/media?parent=201679"}],"wp:term":[{"taxonomy":"category","embeddable":true,"href":"https:\/\/www.europesays.com\/ro\/wp-json\/wp\/v2\/categories?post=201679"},{"taxonomy":"post_tag","embeddable":true,"href":"https:\/\/www.europesays.com\/ro\/wp-json\/wp\/v2\/tags?post=201679"}],"curies":[{"name":"wp","href":"https:\/\/api.w.org\/{rel}","templated":true}]}}