{"id":203850,"date":"2026-06-12T20:09:07","date_gmt":"2026-06-12T20:09:07","guid":{"rendered":"https:\/\/www.europesays.com\/ro\/203850\/"},"modified":"2026-06-12T20:09:07","modified_gmt":"2026-06-12T20:09:07","slug":"concordia-chiajna-s-a-despartit-de-andrei-cristea-si-a-numit-imediat-noul-antrenor","status":"publish","type":"post","link":"https:\/\/www.europesays.com\/ro\/203850\/","title":{"rendered":"Concordia Chiajna s-a desp\u0103r\u021bit de Andrei Cristea \u0219i a numit imediat noul antrenor"},"content":{"rendered":"<p>\n            Articol de <a rel=\"author nofollow noopener\" href=\"https:\/\/www.gsp.ro\/autor\/alexandru-stanciu-3977.html\" target=\"_blank\">Alexandru Stanciu<\/a>            &#8211; Publicat vineri, 12 iunie 2026,  19:24            \/ Actualizat vineri, 12 iunie 2026 19:48                    <\/p>\n<p>Dup\u0103 ce a terminat sezonul precedent din Liga 2 pe locul secund \u00een grupa B a play-out-ului, Concordia Chiajna s-a desp\u0103r\u021bit de antrenorul Andrei Cristea (42 de ani). Adrian Scarlatache (39 de ani) a fost desemnat \u00eenlocuitor.<\/p>\n<p class=\"do-not-hide\">Scarlatache i-a fost \u201esecund\u201d lui Andrei Cristea \u00een mandatul de la Concordia Chiajna, iar acum \u00eel va \u00eenlocui \u00een func\u021bia de antrenor principal. Cei doi au fost coechipieri la Dinamo \u0219i Mioveni \u0219i au jucat \u00eempreun\u0103 49 de meciuri \u00een toate competi\u021biile.<\/p>\n<p class=\"do-not-hide\">Pentru Adrian Scarlatache va fi prima aventur\u0103 ca antrenor principal, \u00een timp ce Andrei Cristea le-a mai antrenat p\u00e2n\u0103 acum pe Poli Ia\u0219i, ACS Dinamo, \u00cenainte Modelu \u0219i Pope\u0219ti-Leordeni.<\/p>\n<p>Andrei Cristea, \u00eenlocuit de \u201esecundul\u201d Adrian Scarlatache pe banca tehnic\u0103 a Concordiei Chiajna<\/p>\n<p>\u201eMul\u021bumim, Andrei Cristea! Clubul Sportiv Concordia Chiajna anun\u021b\u0103 \u00eencheierea colabor\u0103rii cu Andrei Cristea, care a \u00eendeplinit func\u021bia de antrenor principal al echipei de seniori, p\u00e2n\u0103 la data de 31.05.2026, c\u00e2nd i s-a \u00eencheiat contractul. \u00cei mul\u021bumim pe aceast\u0103 cale \u0219i \u00eei ur\u0103m succes \u00een continuare\u201d, se arat\u0103 \u00een primul <a target=\"_blank\" class=\"editor-link\" href=\"https:\/\/www.facebook.com\/story.php?story_fbid=1687579086701240&amp;id=100063474940021&amp;mibextid=wwXIfr&amp;rdid=arzvR9bwOlMDh0eV#\" rel=\"nofollow noopener\">comunicat emis de Concordia Chiajna<\/a>.<\/p>\n<p>Dup\u0103 doar 4 minute, <a target=\"_blank\" class=\"editor-link\" href=\"https:\/\/www.facebook.com\/story.php?story_fbid=1687580043367811&amp;id=100063474940021&amp;mibextid=wwXIfr&amp;rdid=TkCpkYDiVl1QZESt#\" rel=\"nofollow noopener\">a venit \u0219i anun\u021bul numirii lui Adrian Scarlatache pe banca tehnic\u0103 a echipei<\/a>: \u201eAdrian Scarlatache, noul antrenor principal! Conducerea Clubului Sportiv Concordia Chiajna anun\u021b\u0103 oficial c\u0103 \u00eencep\u00e2nd de ast\u0103zi, Adrian Scarlatache este noul antrenor principal al forma\u021biei noastre. Acesta a activat ca antrenor secund la echipa noastr\u0103 \u00een mandatul lui Andrei Cristea. <\/p>\n<p>Al\u0103turi de el, din staff-ul tehnic vor mai face parte Paul Batin, antrenor secund, \u0219i Florin Matache, antrenor responsabil cu preg\u0103tirea portarilor. \u00cen zilele urm\u0103toare, staff-ul tehnic al echipei noastre va fi completat cu un preparator fizic. Le ur\u0103m mult succes \u00een aceast\u0103 nou\u0103 provocare \u0219i suntem convin\u0219i c\u0103 \u00eempreun\u0103 vor forma o echip\u0103 unit\u0103, dedicat\u0103 \u0219i capabil\u0103 s\u0103 lupte pentru obiectivele clubului nostru!\u201d.<\/p>\n","protected":false},"excerpt":{"rendered":"Articol de Alexandru Stanciu &#8211; Publicat vineri, 12 iunie 2026, 19:24 \/ Actualizat vineri, 12 iunie 2026 19:48&hellip;\n","protected":false},"author":2,"featured_media":203851,"comment_status":"","ping_status":"","sticky":false,"template":"","format":"standard","meta":{"footnotes":"","_share_on_mastodon":"0"},"categories":[5],"tags":[57515,2701,32,33,31,1620,36,37,27,34,35,25,41,40,38,39,26,28,29,30],"class_list":["post-203850","post","type-post","status-publish","format-standard","has-post-thumbnail","category-titluri","tag-adrian-scarlatache","tag-andrei-cristea","tag-breaking-news","tag-breakingnews","tag-cele-mai-populare-subiecte","tag-concordia-chiajna","tag-featured-news","tag-featurednews","tag-headlines","tag-latest-news","tag-latestnews","tag-news","tag-ro","tag-romana","tag-romania","tag-romanian","tag-stiri","tag-titluri","tag-top-stories","tag-topstories"],"share_on_mastodon":{"url":"https:\/\/pubeurope.com\/@ro\/116738953368643751","error":""},"_links":{"self":[{"href":"https:\/\/www.europesays.com\/ro\/wp-json\/wp\/v2\/posts\/203850","targetHints":{"allow":["GET"]}}],"collection":[{"href":"https:\/\/www.europesays.com\/ro\/wp-json\/wp\/v2\/posts"}],"about":[{"href":"https:\/\/www.europesays.com\/ro\/wp-json\/wp\/v2\/types\/post"}],"author":[{"embeddable":true,"href":"https:\/\/www.europesays.com\/ro\/wp-json\/wp\/v2\/users\/2"}],"replies":[{"embeddable":true,"href":"https:\/\/www.europesays.com\/ro\/wp-json\/wp\/v2\/comments?post=203850"}],"version-history":[{"count":0,"href":"https:\/\/www.europesays.com\/ro\/wp-json\/wp\/v2\/posts\/203850\/revisions"}],"wp:featuredmedia":[{"embeddable":true,"href":"https:\/\/www.europesays.com\/ro\/wp-json\/wp\/v2\/media\/203851"}],"wp:attachment":[{"href":"https:\/\/www.europesays.com\/ro\/wp-json\/wp\/v2\/media?parent=203850"}],"wp:term":[{"taxonomy":"category","embeddable":true,"href":"https:\/\/www.europesays.com\/ro\/wp-json\/wp\/v2\/categories?post=203850"},{"taxonomy":"post_tag","embeddable":true,"href":"https:\/\/www.europesays.com\/ro\/wp-json\/wp\/v2\/tags?post=203850"}],"curies":[{"name":"wp","href":"https:\/\/api.w.org\/{rel}","templated":true}]}}