{"id":205020,"date":"2026-06-14T10:17:16","date_gmt":"2026-06-14T10:17:16","guid":{"rendered":"https:\/\/www.europesays.com\/ro\/205020\/"},"modified":"2026-06-14T10:17:16","modified_gmt":"2026-06-14T10:17:16","slug":"cristian-paun-penibilul-de-tomac-a-cedat-reactie-dupa-desemnarea-lui-adrian-vestea-pentru-functia-de-premier","status":"publish","type":"post","link":"https:\/\/www.europesays.com\/ro\/205020\/","title":{"rendered":"Cristian P\u0103un: \u201ePenibilul de Tomac a cedat\u201d. Reac\u021bie dup\u0103 desemnarea lui Adrian Ve\u0219tea pentru func\u021bia de premier"},"content":{"rendered":"<p>Duminica, 14 Iunie 2026, ora 11:55<\/p>\n<p>3476 citiri<\/p>\n<p><a class=\"news__image\" data-href=\"https:\/\/s1.ziareromania.ro\/?mmid=6687156a93c801637a\" data-size=\"659x399\" title=\"Cristian P\u0103un: \u201ePenibilul de Tomac a cedat\u201d. Reac\u021bie dup\u0103 desemnarea lui Adrian Ve\u0219tea pentru func\u021bia de premier\"><img decoding=\"async\" src=\"https:\/\/www.europesays.com\/ro\/wp-content\/uploads\/2026\/06\/Cristian-P--un-----Penibilul-de-Tomac-a-cedat-----Reac--ie-dup---desemnarea-lui-Adrian-Ve--tea-pentr.jpeg\" alt=\"Cristian P\u0103un: \u201ePenibilul de Tomac a cedat\u201d. Reac\u021bie dup\u0103 desemnarea lui Adrian Ve\u0219tea pentru func\u021bia de premier\" title=\"Cristian P\u0103un: \u201ePenibilul de Tomac a cedat\u201d. Reac\u021bie dup\u0103 desemnarea lui Adrian Ve\u0219tea pentru func\u021bia de premier\" class=\"img-responsive\"\/><\/a><\/p>\n<p>Cristian P\u0103un, profesor de economie la ASE FOTO Facebook\/Cristian P\u0103un<\/p>\n<p>Desemnarea lui Adrian Ve\u0219tea pentru func\u021bia de prim-ministru continu\u0103 s\u0103 st\u00e2rneasc\u0103 reac\u021bii \u00een mediul politic \u0219i \u00een spa\u021biul public. Printre cei care au comentat decizia se num\u0103r\u0103 \u0219i economistul Cristian P\u0103un, profesor universitar \u0219i una dintre vocile apropiate de zona liberal\u0103, care a publicat un mesaj tran\u0219ant pe <a href=\"https:\/\/ziare.com\/facebook\/\" title=\"Facebook\" rel=\"nofollow noopener\" target=\"_blank\">Facebook<\/a>.<\/p>\n<p>\u00cen opinia sa, retragerea lui <a href=\"https:\/\/ziare.com\/eugen-tomac\/\" title=\"Eugen Tomac\" rel=\"nofollow noopener\" target=\"_blank\">Eugen Tomac<\/a> din cursa pentru \u0219efia Guvernului reprezint\u0103 o concesie f\u0103cut\u0103 \u00eentr-un moment politic complicat, iar Partidul Na\u021bional Liberal se afl\u0103 acum \u00een fa\u021ba unei decizii importante privind direc\u021bia pe care o va urma.<\/p>\n<p>\u00cen mesajul s\u0103u, Cristian P\u0103un l-a criticat pe Eugen Tomac \u0219i a f\u0103cut referire la dezbaterile din ultimele s\u0103pt\u0103m\u00e2ni privind taxele \u0219i m\u0103surile economice care ar fi putut fi adoptate de viitorul Executiv.<\/p>\n<p>\u201ePenibilul de Tomac a cedat. Nu cre\u0219tea nicio tax\u0103, dar nici nu sc\u0103dea vreuna. C\u0103 nu putea. Dac\u0103 \u00eencepea cu asta, &#8222;junk&#8221; ar fi scris pe noi. Fix ca atunci c\u00e2nd &#8222;le-a crescut Bolojan&#8221;.\u201d<\/p>\n<p>Economistul sus\u021bine c\u0103 adev\u0103rata provocare \u00eencepe acum, odat\u0103 cu desemnarea lui Adrian Ve\u0219tea \u0219i cu negocierile pentru formarea unei majorit\u0103\u021bi parlamentare.<\/p>\n<p><a href=\"#seriesEventsArticles\">Citeste toate stirile despre Adrian Ve\u0219tea a fost desemnat premier<\/a>Ce a\u0219tept\u0103ri are de la Adrian Ve\u0219tea<\/p>\n<p>Cristian P\u0103un consider\u0103 c\u0103 noul <a href=\"https:\/\/ziare.com\/politica\/premier\/\" title=\"premier\" rel=\"nofollow noopener\" target=\"_blank\">premier<\/a> desemnat ar trebui s\u0103 \u00ee\u0219i asume mandatul f\u0103r\u0103 compromisuri politice \u0219i s\u0103 r\u0103m\u00e2n\u0103 fidel principiilor liberale.<\/p>\n<p>\u201eLa orizont, alt pericol. \u00cen mod logic, Ve\u0219tea ar trebui s\u0103 ia mandatul \u0219i s\u0103 \u00eel depun\u0103 \u00een bra\u021bele lui ND, cu liderii coali\u021biei trimi\u0219i la plimbare de <a href=\"https:\/\/ziare.com\/psd\/\" title=\"PSD\" rel=\"nofollow noopener\" target=\"_blank\">PSD<\/a> \u00een spatele lui. \u0218i cu sigla <a href=\"https:\/\/ziare.com\/pnl\/\" title=\"PNL\" rel=\"nofollow noopener\" target=\"_blank\">PNL<\/a>, la butonier\u0103 \u0219i un portret al Br\u0103tienilor pentru Muzeul Cotrocenilor. Asta \u00eenseamn\u0103 s\u0103 ai principii, s\u0103 fii liberal.\u201d<\/p>\n<p>\u00cen finalul post\u0103rii, Cristian P\u0103un a transmis c\u0103 deciziile pe care le vor lua liberalii \u00een perioada urm\u0103toare vor avea o importan\u021b\u0103 major\u0103 pentru viitorul partidului.<\/p>\n<p>\u201eNu exist\u0103 alt scenariu! Liberalii dau acum un test istoric!\u201d, a mai spus P\u0103un.<\/p>\n<p>\u021ai-a pl\u0103cut articolul?<\/p>\n<p> Vrem s\u0103 producem mai multe, \u00eens\u0103 avem nevoie de sus\u021binerea ta. Orice dona\u021bie conteaz\u0103 pentru jurnalismul independent <\/p>\n<p> Adrian Ve\u0219tea a fost desemnat premier <\/p>\n","protected":false},"excerpt":{"rendered":"Duminica, 14 Iunie 2026, ora 11:55 3476 citiri Cristian P\u0103un, profesor de economie la ASE FOTO Facebook\/Cristian P\u0103un&hellip;\n","protected":false},"author":2,"featured_media":205021,"comment_status":"","ping_status":"","sticky":false,"template":"","format":"standard","meta":{"footnotes":"","_share_on_mastodon":"0"},"categories":[10],"tags":[57786,32,33,31,4077,12094,36,37,27,34,35,25,41,40,38,39,26,28,29,30],"class_list":["post-205020","post","type-post","status-publish","format-standard","has-post-thumbnail","category-romania","tag-adrian-vestea-desemnat-premier","tag-breaking-news","tag-breakingnews","tag-cele-mai-populare-subiecte","tag-cristian-paun","tag-eugen-tomac","tag-featured-news","tag-featurednews","tag-headlines","tag-latest-news","tag-latestnews","tag-news","tag-ro","tag-romana","tag-romania","tag-romanian","tag-stiri","tag-titluri","tag-top-stories","tag-topstories"],"share_on_mastodon":{"url":"https:\/\/pubeurope.com\/@ro\/116747950375243285","error":""},"_links":{"self":[{"href":"https:\/\/www.europesays.com\/ro\/wp-json\/wp\/v2\/posts\/205020","targetHints":{"allow":["GET"]}}],"collection":[{"href":"https:\/\/www.europesays.com\/ro\/wp-json\/wp\/v2\/posts"}],"about":[{"href":"https:\/\/www.europesays.com\/ro\/wp-json\/wp\/v2\/types\/post"}],"author":[{"embeddable":true,"href":"https:\/\/www.europesays.com\/ro\/wp-json\/wp\/v2\/users\/2"}],"replies":[{"embeddable":true,"href":"https:\/\/www.europesays.com\/ro\/wp-json\/wp\/v2\/comments?post=205020"}],"version-history":[{"count":0,"href":"https:\/\/www.europesays.com\/ro\/wp-json\/wp\/v2\/posts\/205020\/revisions"}],"wp:featuredmedia":[{"embeddable":true,"href":"https:\/\/www.europesays.com\/ro\/wp-json\/wp\/v2\/media\/205021"}],"wp:attachment":[{"href":"https:\/\/www.europesays.com\/ro\/wp-json\/wp\/v2\/media?parent=205020"}],"wp:term":[{"taxonomy":"category","embeddable":true,"href":"https:\/\/www.europesays.com\/ro\/wp-json\/wp\/v2\/categories?post=205020"},{"taxonomy":"post_tag","embeddable":true,"href":"https:\/\/www.europesays.com\/ro\/wp-json\/wp\/v2\/tags?post=205020"}],"curies":[{"name":"wp","href":"https:\/\/api.w.org\/{rel}","templated":true}]}}