{"id":205361,"date":"2026-06-14T20:41:10","date_gmt":"2026-06-14T20:41:10","guid":{"rendered":"https:\/\/www.europesays.com\/ro\/205361\/"},"modified":"2026-06-14T20:41:10","modified_gmt":"2026-06-14T20:41:10","slug":"avertisment-de-la-oxford-asistam-la-o-dinamica-periculoasa-corneliu-bjola-compara-manevrele-lui-nicusor-dan-cu-tacticile-lui-carol-al-ii-lea","status":"publish","type":"post","link":"https:\/\/www.europesays.com\/ro\/205361\/","title":{"rendered":"Avertisment de la Oxford: \u201eAsist\u0103m la o dinamic\u0103 periculoas\u0103\u201d. Corneliu Bjola compar\u0103 manevrele lui Nicu\u0219or Dan cu tacticile lui Carol al II-lea"},"content":{"rendered":"<p>Desemnarea lui\u00a0<a href=\"https:\/\/adevarul.ro\/politica\/nicusor-dan-declaratii-in-ziua-in-care-eugen-2536309.html\" rel=\"nofollow noopener\" target=\"_blank\">Adrian Ve\u0219tea pentru func\u021bia de prim-ministru<\/a>, f\u0103r\u0103 o consultare prealabil\u0103 cu conducerea PNL, a generat controverse care dep\u0103\u0219esc calculele parlamentare ale momentului. Corneliu Bjola, profesor de Studii Diplomatice la Colegiul St. Cross al Universit\u0103\u021bii Oxford, sus\u021bine, \u00eentr-o analiz\u0103 pentru \u201eAdev\u0103rul\u201d, c\u0103 Rom\u00e2nia traverseaz\u0103 o perioad\u0103 de tensiuni politice care ridic\u0103 semne de \u00eentrebare cu privire la func\u021bionarea mecanismelor democratice \u0219i la raportul dintre pre\u0219edinte \u0219i partidele politice.<\/p>\n<p>\t\t\t<img decoding=\"async\" src=\"https:\/\/www.europesays.com\/ro\/wp-content\/uploads\/2026\/06\/1781469670_339_index.jpeg\" alt=\"Pre\u0219edintele Nicu\u0219or Dan sus\u021bine o declara\u021bie de pres\u0103 la Palatul Cotroceni\" width=\"1400\" height=\"750\" loading=\"eager\" fetchpriority=\"high\" class=\"svelte-h45upf\"\/><\/p>\n<p>Nicu\u0219or Dan anun\u021b\u0103 desemnarea lui Adrian Ve\u0219tea pentru func\u021bia de prim-ministru. FOTO: Presidency.ro<\/p>\n<p>publicitate&#8221;); background-position: center center; background-repeat: no-repeat;&#8221;&gt;<\/p>\n<p>Pre\u0219edintele Nicu\u0219or Dan a anun\u021bat duminic\u0103 diminea\u021b\u0103, \u00eentr-o declara\u021bie de pres\u0103 sus\u021binut\u0103 la Palatul Cotroceni, desemnarea lui Adrian Ve\u0219tea pentru func\u021bia de prim-ministru, dup\u0103 ce Eugen Tomac a renun\u021bat la mandatul de formare a guvernului primit pe 4 iunie.<\/p>\n<p>Prim-vicepre\u0219edinte al PNL \u0219i fost ministru al Dezvolt\u0103rii, Adrian Ve\u0219tea a acceptat nominalizarea f\u0103r\u0103 un mandat explicit din partea conducerii partidului, decizie care a generat reac\u021bii critice \u00een interiorul forma\u021biunii, inclusiv din partea liderului liberal Ilie Bolojan.<\/p>\n<p>\u201e\u00cencercarea de a impune unui partid un premier din r\u00e2ndurile sale, f\u0103r\u0103 a avea m\u0103car o consultare prealabil\u0103 \u0219i dup\u0103 toate deciziile luate \u00een unanimitate de forurile partidului, \u00eencalc\u0103 orice principiu de colaborare politic\u0103 loial\u0103\u201d, a transmis Ilie Bolojan.<\/p>\n<p>\t\t\t\u201eExact tipul de politic\u0103 de culise pe care o condamna \u00een campanie\u201d<\/p>\n<p> Corneliu Bjola vede o contradic\u021bie \u00eentre mesajele care au stat la baza campaniei electorale a lui Nicu\u0219or Dan \u0219i deciziile politice din prezent.<\/p>\n<p>\u201eM\u0103 tem c\u0103 asist\u0103m la un moment de inflexiune politic\u0103 deosebit de grav. Pre\u0219edintele practic\u0103 ast\u0103zi exact tipul de politic\u0103 de culise pe care o condamna \u00een campanie, c\u00e2nd promitea un nou contract social \u00eentemeiat pe respectarea cuv\u00e2ntului dat \u0219i pe respingerea virajelor de 180 de grade imediat dup\u0103 c\u00e2\u0219tigarea alegerilor. Explica atunci foarte clar c\u0103 ascensiunea extremismului \u0219i polarizarea societ\u0103\u021bii sunt consecin\u021ba modului \u00een care statul a fost condus \u0219i a rupturii dintre elita politic\u0103 \u0219i cet\u0103\u021beni. Ast\u0103zi, prin jocurile de culise pe care le patroneaz\u0103, risc\u0103 s\u0103 devin\u0103 parte a exact aceleia\u0219i probleme\u201d, afirm\u0103 Corneliu Bjola.<\/p>\n<p>publicitate&#8221;); background-position: center center; background-repeat: no-repeat;&#8221;&gt;<\/p>\n<p>\u00cen opinia sa, miza dep\u0103\u0219e\u0219te stabilitatea unui viitor cabinet \u0219i vizeaz\u0103 \u00eens\u0103\u0219i credibilitatea proiectului politic care a stat la baza victoriei electorale a actualului pre\u0219edinte.<\/p>\n<p>\u201ePericolul nu const\u0103 doar \u00een posibilitatea apari\u021biei unui guvern instabil. Miza este mult mai mare: erodarea credibilit\u0103\u021bii singurului lider care a reu\u0219it, dup\u0103 anularea alegerilor din 2024, s\u0103 coaguleze un front democratic anti-extremist. Dac\u0103 pre\u0219edintele care a c\u00e2\u0219tigat pe o platform\u0103 de integritate \u0219i de ruptur\u0103 cu \u00absistemul\u00bb \u00eencepe s\u0103 practice aceea\u0219i combinatoric\u0103 de culise, mesajul transmis electoratului este c\u0103 nu exist\u0103, \u00een realitate, nicio alternativ\u0103 la cinismul politic. Iar acest lucru alimenteaz\u0103 exact radicalizarea pe care pretinde c\u0103 vrea s\u0103 o combat\u0103\u201d, sus\u021bine profesorul de Studii Diplomatice.<\/p>\n<p>\t\t\tParalel\u0103 cu Carol al II-lea<\/p>\n<p>Corneliu Bjola consider\u0103 c\u0103 cea mai problematic\u0103 evolu\u021bie din acest moment este tentativa de reconfigurare a echilibrelor interne din PNL prin sus\u021binerea lui Adrian Ve\u0219tea.<\/p>\n<p>\u201eCea mai grav\u0103 mi\u0219care din acest moment este tentativa de a fractura PNL prin promovarea unor lideri de rang secund, convenabili Cotroceniului, dar lipsi\u021bi de legitimitate intern\u0103. Opera\u021biunea aminte\u0219te, inevitabil, de practicile lui Carol al II-lea. \u00cen anii &#8217;30, regele a sl\u0103bit deliberat sistemul de partide prin \u00eencurajarea fac\u021biunilor minoritare, stimularea disiden\u021belor \u0219i promovarea propriilor favori\u021bi, cu scopul de a transforma partidele istorice \u00een simple extensii ale voin\u021bei sale. Ulterior, dup\u0103 experien\u021ba guvern\u0103rii T\u0103t\u0103rescu, Carol a mers \u0219i mai departe, numindu-l prim-ministru pe Octavian Goga, liderul unui partid clasat pe locul patru \u00een alegeri, folosind acel guvern minoritar drept ramp\u0103 de lansare pentru lovitura de stat din februarie 1938, suspendarea Constitu\u021biei \u0219i instaurarea dictaturii regale\u201d, afirm\u0103 Bjola.<\/p>\n<p>\t\t\t<a class=\"related-inline svelte-1t8qpgs\" data-gtrack=\"{&quot;event&quot;:&quot;utm_click&quot;,&quot;data&quot;:{&quot;event_category&quot;:&quot;article_related&quot;}}\" href=\"https:\/\/adevarul.ro\/politica\/mizele-din-spatele-desemnarii-lui-adrian-vestea-2536364.html\" title=\"Alt articol de interes pentru tine\" rel=\"nofollow noopener\" target=\"_blank\"><br \/>\n                    Mizele din spatele desemn\u0103rii lui Adrian Ve\u0219tea. Cum vrea Nicu\u0219or Dan s\u0103 blocheze anticipatele \u0219i s\u0103 izoleze AUR<\/p>\n<p>                <\/a><\/p>\n<p>Profesorul precizeaz\u0103 \u00eens\u0103 c\u0103 paralela istoric\u0103 are limitele sale.<\/p>\n<p>\u201eNu suntem \u00een acel punct \u0219i nu trebuie for\u021bat\u0103 analogia. Totu\u0219i, linia de for\u021b\u0103 este clar\u0103: atunci c\u00e2nd \u0219eful statului \u00ee\u0219i consolideaz\u0103 influen\u021ba prin sl\u0103birea deliberat\u0103 a partidelor \u0219i prin promovarea unor lideri \u00abde buzunar\u00bb, \u00een afara voin\u021bei propriilor organiza\u021bii, intr\u0103m \u00eentr-o dinamic\u0103 periculoas\u0103 de personalizare a puterii\u201d, avertizeaz\u0103 profesorul de la Oxford.<\/p>\n<p>publicitate&#8221;); background-position: center center; background-repeat: no-repeat;&#8221;&gt;<\/p>\n<p>Dincolo de disputa politic\u0103, Corneliu Bjola spune c\u0103 exist\u0103 \u0219i o serie de \u00eentreb\u0103ri legate de func\u021bionarea institu\u021biilor cu atribu\u021bii \u00een domeniul securit\u0103\u021bii na\u021bionale.<\/p>\n<p>\u201eNu avem \u00eenc\u0103 toate datele pentru a \u00een\u021belege ce se petrece \u00een spatele scenei. Totu\u0219i, o serie de episoade ridic\u0103 semne de \u00eentrebare: gestionarea dosarului Georgescu, prelungirea repetat\u0103 a interimatului la conducerea serviciilor de informa\u021bii, lipsa unor clarific\u0103ri conving\u0103toare privind alegerile din noiembrie 2024, \u00eent\u00e2rzierile \u0219i contradic\u021biile institu\u021bionale pe teme de securitate, incapacitatea demonstrat\u0103 de a r\u0103spunde adecvat la incidentele cu drone \u0219i ignorarea aproape complet\u0103 a dimensiunii r\u0103zboiului hibrid. Privite \u00eempreun\u0103, aceste elemente sugereaz\u0103 existen\u021ba unor tensiuni \u0219i disfunc\u021bionalit\u0103\u021bi serioase \u00een interiorul aparatului de securitate al statului, pe care Pre\u0219edin\u021bia fie nu le mai poate controla, fie nu reu\u0219e\u0219te s\u0103 le gestioneze eficient\u201d, afirm\u0103 acesta.<\/p>\n<p>\t\t\tRiscul unui \u201ecarlism reambalat\u201d<\/p>\n<p>Concluzia profesorului este c\u0103 pericolul nu vine dintr-o ruptur\u0103 brusc\u0103 a ordinii democratice, ci din acumularea unor practici care pot duce la concentrarea treptat\u0103 a puterii.<\/p>\n<p>\u201ePericolul cel mai mare nu este c\u0103 m\u00e2ine se va instaura o dictatur\u0103. Pericolul este c\u0103, pas cu pas, se coaguleaz\u0103 un regim personalist \u00absoft\u00bb: un pre\u0219edinte ales pe o platform\u0103 reformist\u0103, care \u00ee\u0219i justific\u0103 toate compromisurile cu \u00absistemul\u00bb prin necesitatea ap\u0103r\u0103rii orient\u0103rii \u00aboccidentale\u00bb \u0219i a bloc\u0103rii extremismului, \u00een timp ce efectele concrete ale ac\u021biunilor sale submineaz\u0103 tocmai aceste obiective. Carol al II-lea \u0219i-a justificat la r\u00e2ndul s\u0103u concentrarea puterii prin argumentul salv\u0103rii democra\u021biei de haosul partidelor \u0219i de extremisme. Rezultatul a fost \u00eens\u0103 decredibilizarea complet\u0103 a regimului democratic \u0219i deschiderea drumului c\u0103tre decenii de autoritarism \u0219i totalitarism\u201d, afirm\u0103 Corneliu Bjola.<\/p>\n<p>\t\t\t<a class=\"related-inline svelte-1t8qpgs\" data-gtrack=\"{&quot;event&quot;:&quot;utm_click&quot;,&quot;data&quot;:{&quot;event_category&quot;:&quot;article_related&quot;}}\" href=\"https:\/\/adevarul.ro\/politica\/cand-i-a-propus-nicusor-dan-lui-adrian-vestea-sa-2536408.html\" title=\"Alt articol de interes pentru tine\" rel=\"nofollow noopener\" target=\"_blank\"><br \/>\n                    C\u00e2nd i-a propus Nicu\u0219or Dan lui Adrian Ve\u0219tea s\u0103 fie premier: i-a dat peste cap planul de a pleca pe Muntele Athos<\/p>\n<p>                <\/a><\/p>\n<p>\u00cen opinia sa, o ie\u0219ire din aceast\u0103 situa\u021bie este posibil\u0103, \u00eens\u0103 presupune o schimbare de abordare a pre\u0219edintelui Nicu\u0219or Dan.<\/p>\n<p>\u201eSingurul gest cu adev\u0103rat responsabil ar fi o pauz\u0103 de reflec\u021bie \u0219i recalibrare. Pre\u0219edintele ar trebui s\u0103 se distan\u021beze de cercul yes-menilor \u0219i al consilierilor din umbr\u0103 care \u00eentre\u021bin retorica anti-partide, s\u0103 abandoneze orice tentativ\u0103 de fragmentare a PNL, s\u0103 resping\u0103 explicit orice folosire politic\u0103 a justi\u021biei sau a serviciilor de informa\u021bii \u0219i s\u0103 reia dialogul cu societatea civil\u0103. Aceasta presupune asumarea public\u0103 a gre\u0219elilor de p\u00e2n\u0103 acum \u0219i reancorarea mandatului \u00een promisiunile care i-au adus victoria, nu \u00een calcule de supravie\u021buire politic\u0103 \u0219i \u00een logica fatalist\u0103 a lui \u00abnu exist\u0103 alt\u0103 solu\u021bie\u00bb\u201d, conchide profesorul de Studii Diplomatice de la Universitatea Oxford.<\/p>\n<p>publicitate&#8221;); background-position: center center; background-repeat: no-repeat;&#8221;&gt;<\/p>\n","protected":false},"excerpt":{"rendered":"Desemnarea lui\u00a0Adrian Ve\u0219tea pentru func\u021bia de prim-ministru, f\u0103r\u0103 o consultare prealabil\u0103 cu conducerea PNL, a generat controverse care&hellip;\n","protected":false},"author":2,"featured_media":205362,"comment_status":"","ping_status":"","sticky":false,"template":"","format":"standard","meta":{"footnotes":"","_share_on_mastodon":"0"},"categories":[5],"tags":[31508,1126,32,33,31,49580,12094,36,37,859,27,34,35,25,358,1124,41,40,38,39,26,28,29,30],"class_list":["post-205361","post","type-post","status-publish","format-standard","has-post-thumbnail","category-titluri","tag-adrian-vestea","tag-analiza","tag-breaking-news","tag-breakingnews","tag-cele-mai-populare-subiecte","tag-criza-politica-2026","tag-eugen-tomac","tag-featured-news","tag-featurednews","tag-guvern","tag-headlines","tag-latest-news","tag-latestnews","tag-news","tag-nicusor-dan","tag-pnl","tag-ro","tag-romana","tag-romania","tag-romanian","tag-stiri","tag-titluri","tag-top-stories","tag-topstories"],"share_on_mastodon":{"url":"https:\/\/pubeurope.com\/@ro\/116750403944718064","error":""},"_links":{"self":[{"href":"https:\/\/www.europesays.com\/ro\/wp-json\/wp\/v2\/posts\/205361","targetHints":{"allow":["GET"]}}],"collection":[{"href":"https:\/\/www.europesays.com\/ro\/wp-json\/wp\/v2\/posts"}],"about":[{"href":"https:\/\/www.europesays.com\/ro\/wp-json\/wp\/v2\/types\/post"}],"author":[{"embeddable":true,"href":"https:\/\/www.europesays.com\/ro\/wp-json\/wp\/v2\/users\/2"}],"replies":[{"embeddable":true,"href":"https:\/\/www.europesays.com\/ro\/wp-json\/wp\/v2\/comments?post=205361"}],"version-history":[{"count":0,"href":"https:\/\/www.europesays.com\/ro\/wp-json\/wp\/v2\/posts\/205361\/revisions"}],"wp:featuredmedia":[{"embeddable":true,"href":"https:\/\/www.europesays.com\/ro\/wp-json\/wp\/v2\/media\/205362"}],"wp:attachment":[{"href":"https:\/\/www.europesays.com\/ro\/wp-json\/wp\/v2\/media?parent=205361"}],"wp:term":[{"taxonomy":"category","embeddable":true,"href":"https:\/\/www.europesays.com\/ro\/wp-json\/wp\/v2\/categories?post=205361"},{"taxonomy":"post_tag","embeddable":true,"href":"https:\/\/www.europesays.com\/ro\/wp-json\/wp\/v2\/tags?post=205361"}],"curies":[{"name":"wp","href":"https:\/\/api.w.org\/{rel}","templated":true}]}}