{"id":205908,"date":"2026-06-15T13:44:08","date_gmt":"2026-06-15T13:44:08","guid":{"rendered":"https:\/\/www.europesays.com\/ro\/205908\/"},"modified":"2026-06-15T13:44:08","modified_gmt":"2026-06-15T13:44:08","slug":"razvan-lucescu-pleaca-de-la-paok-romanul-s-a-inteles-cu-patronul-ivan-savvidis-pentru-reziliere-ce-scrie-presa-din-grecia-despre-divort","status":"publish","type":"post","link":"https:\/\/www.europesays.com\/ro\/205908\/","title":{"rendered":"R\u0103zvan Lucescu pleac\u0103 de la PAOK.\u00a0Rom\u00e2nul s-a \u00een\u021beles cu patronul Ivan Savvidis pentru reziliere. Ce scrie presa din Grecia despre \u201edivor\u021b\u201d"},"content":{"rendered":"<ul class=\"bullets\">&#13;<\/p>\n<li>Cel de-al doilea mandat al lui R\u0103zvan Lucescu (57 de ani) pe banca lui PAOK a ajuns la final.<\/li>\n<p>&#13;<br \/>\n&#13;<\/p>\n<li>Antrenorul a ajuns la o \u00een\u021belegere cu patronul Ivan Savvidis (67 de ani) pentru rezilierea contractului, care expira \u00een 2027. Tot ce mai lipse\u0219te este anun\u021bul oficial.<\/li>\n<p>&#13;\n<\/ul>\n<p><a id=\"google-source-button\" class=\"google-favorite\" target=\"_blank\" href=\"https:\/\/www.google.com\/preferences\/source?q=golazo.ro\" rel=\"nofollow noopener\"><\/p>\n<p>        <img decoding=\"async\" src=\"https:\/\/golazo.ro\/images\/google-logo.svg\" alt=\"\"\/><br \/>\n        <img decoding=\"async\" src=\"https:\/\/golazo.ro\/images\/check-icon-2.svg\" alt=\"\"\/><\/p>\n<p>    Adaug\u0103 GOLAZO.ro la favorite<\/p>\n<p><\/a><\/p>\n<p class=\"\">Situa\u021bia a fost tot mai delicat\u0103 pentru R\u0103zvan Lucescu \u00een ultima perioad\u0103. Rom\u00e2nul nu a putut ajunge\u00a0la un numitor comun cu patronul echipei pentru continuarea mandatului. Inclusiv\u00a0<a href=\"https:\/\/golazo.ro\/razvan-lucescu-grecia-paok-salonic-antrenor-ivan-savvidis-176816\" target=\"_blank\" rel=\"noreferrer noopener nofollow\">fiii acestuia s-au opus r\u0103m\u00e2nerii lui Lucescu<\/a>.<\/p>\n<p>R\u0103zvan Lucescu se desparte de PAOK<\/p>\n<p class=\"\">Conform informa\u021biilor GOLAZO.ro, R\u0103zvan Lucescu se va desp\u0103r\u021bi de PAOK \u00een decursul zilei de luni, forma\u021bie pe care a antrenat-o \u00een ultimele 5 sezoane.<\/p>\n<p class=\"\">Antrenorul rom\u00e2n a ajuns la o \u00een\u021belegere cu patronul Ivan Savvidis pentru rezilierea contractului, care urma s\u0103 expire anul viitor.<\/p>\n<p>    <img decoding=\"async\" src=\"https:\/\/www.europesays.com\/ro\/wp-content\/uploads\/2026\/06\/WhatsApp-Image-2025-05-26-at-18.55.08.jpeg\" alt=\"Razvan Lucescu, invitat la evenimentul ce a consemnat lansarea romanului \u201e\u201eC\u00e2teva nop\u021bi \u0219i \u00eenc\u0103 una\u201d\/ Foto: Iosif Popescu - GOLAZO.ro.jpeg\" data-blur=\"https:\/\/www.europesays.com\/ro\/wp-content\/uploads\/2026\/06\/WhatsApp-Image-2025-05-26-at-18.55.08.jpeg\" width=\"684\" height=\"879\" class=\"blur\" loading=\"lazy\"\/><\/p>\n<p>            <img decoding=\"async\" src=\"https:\/\/www.europesays.com\/ro\/wp-content\/uploads\/2026\/06\/1781531048_208_WhatsApp-Image-2025-05-26-at-18.55.08.jpeg\" loading=\"lazy\" alt=\"Razvan Lucescu, invitat la evenimentul ce a consemnat lansarea romanului \u201e\u201eC\u00e2teva nop\u021bi \u0219i \u00eenc\u0103 una\u201d\/ Foto: Iosif Popescu - GOLAZO.ro.jpeg\" width=\"684\" height=\"879\"\/><\/p>\n<p>        Galerie foto (14 imagini)<\/p>\n<p>                    <a href=\"https:\/\/golazo.ro\/razvan-lucescu-invitat-la-evenimentul-ce-a-consemnat-lansarea-romanului-cateva-nopti-si-inca-una-foto-iosif-popescu-golazoro-137149-g1?articleSource=177300\" class=\"gallery-link\" aria-label=\"Show gallery\" rel=\"nofollow noopener\" target=\"_blank\"><\/p>\n<p>                +14 Foto<br \/>\n            <\/a><\/p>\n<p>    <a href=\"https:\/\/golazo.ro\/razvan-lucescu-invitat-la-evenimentul-ce-a-consemnat-lansarea-romanului-cateva-nopti-si-inca-una-foto-iosif-popescu-golazoro-137149-g1\/razvan-lucescu-invitat-la-evenimentul-ce-a-consemnat-lansarea-romanului-cateva-nopti-si-inca-una-foto-iosif-popescu-golazorojpeg-141933?articleSource=177300\" class=\"link\" rel=\"nofollow noopener\" target=\"_blank\">labels.photo-gallery<\/a><\/p>\n<p class=\"\">\u201eSf\u00e2r\u0219itul unei epoci: au mai r\u0103mas doar formalit\u0103\u021bile pentru \u00abdivor\u021bul\u00bb dintre PAOK \u0219i Lucescu! Dincolo de trofee, tehnicianul rom\u00e2n a reu\u0219it s\u0103 creeze o leg\u0103tur\u0103 special\u0103 cu suporterii lui PAOK, cu ora\u0219ul Salonic \u0219i cu \u00eentregul club. O rela\u021bie care, de multe ori, a dep\u0103\u0219it limitele unei simple colabor\u0103ri.<\/p>\n<p class=\"\">\u00cen ultima perioad\u0103, \u00eens\u0103, devenise evident c\u0103 cele dou\u0103 p\u0103r\u021bi \u00eent\u00e2mpinau dificult\u0103\u021bi \u00een a g\u0103si o direc\u021bie comun\u0103 pentru viitor. <\/p>\n<p class=\"\">Schimb\u0103rile preg\u0103tite la nivel administrativ \u0219i organizatoric, viziunile diferite asupra proiectului sportiv, sezonul precedent dezam\u0103gitor \u0219i procesul amplu de restructurare aflat \u00een desf\u0103\u0219urare au dus \u00een cele din urm\u0103 la decizia de a \u00eencheia acest capitol\u201d, a scris \u0219i publica\u021bia greceasc\u0103 <a target=\"_blank\" href=\"https:\/\/www.gazzetta.gr\/football\/superleague\/2547128\/telos-epohis-mono-ta-typika-gia-diazygio-paok-loytseskoy\" rel=\"nofollow noopener\">gazzetta.gr<\/a>.<\/p>\n<p class=\"\">Ivan Savvidis a \u00eenceput, astfel, s\u0103 efectueze schimb\u0103ri importante \u00een cadrul clubului, odat\u0103 cu desp\u0103r\u021birea de R\u0103zvan Lucescu.<\/p>\n<p class=\"\">Patronul lui PAOK vrea s\u0103 continue \u0219i cu accelerarea proiectelor legate de noul centru de preg\u0103tire \u0219i noul stadion Toumba.<\/p>\n<p class=\"\">Urm\u0103torul pas pentru echipa din Salonic ar fi g\u0103sirea unui \u00eenlocuitor pentru Lucescu, mai scrie presa din Grecia.<\/p>\n<p class=\"\">\u00cen cele dou\u0103 mandate petrecute la PAOK (august 2017 &#8211; iunie 2019, iulie 2021 &#8211; iunie 2026), R\u0103zvan Lucescu a cucerit dou\u0103 titluri de campion \u0219i dou\u0103 Cupe ale Greciei, a bifat dou\u0103 sferturi de final\u0103 \u00een Conference League, dar a \u0219i pierdut 3 finale de cup\u0103, inclusiv \u00een sezonul recent \u00eencheiat.<\/p>\n<p>350 de meciuri<\/p>\n<p>a adunat R\u0103zvan Lucescu pe banca lui PAOK, \u00een cele dou\u0103 mandate<\/p>\n<p class=\"\">De-a lungul carierei sale, R\u0103zvan Lucescu le-a mai antrenat pe FC Bra\u0219ov, Rapid, El-Jaish, Petrolul, Xanthi \u0219i Al-Hilal. A fost \u0219i selec\u021bionerul Rom\u00e2niei \u00een perioada 2009-2011.<\/p>\n<p>Cite\u0219te \u0219i<\/p>\n<p>VIDEO: cele mai noi imagini din sport<\/p>\n","protected":false},"excerpt":{"rendered":"&#13; Cel de-al doilea mandat al lui R\u0103zvan Lucescu (57 de ani) pe banca lui PAOK a ajuns&hellip;\n","protected":false},"author":2,"featured_media":202126,"comment_status":"","ping_status":"","sticky":false,"template":"","format":"standard","meta":{"footnotes":"","_share_on_mastodon":"0"},"categories":[20],"tags":[4842,449,45396,2385,2466,41,40,38,39,185,184],"class_list":["post-205908","post","type-post","status-publish","format-standard","has-post-thumbnail","category-sport","tag-despartire","tag-grecia","tag-ivan-savvidis","tag-paok","tag-razvan-lucescu","tag-ro","tag-romana","tag-romania","tag-romanian","tag-sport","tag-sports"],"share_on_mastodon":{"url":"https:\/\/pubeurope.com\/@ro\/116754426573683158","error":""},"_links":{"self":[{"href":"https:\/\/www.europesays.com\/ro\/wp-json\/wp\/v2\/posts\/205908","targetHints":{"allow":["GET"]}}],"collection":[{"href":"https:\/\/www.europesays.com\/ro\/wp-json\/wp\/v2\/posts"}],"about":[{"href":"https:\/\/www.europesays.com\/ro\/wp-json\/wp\/v2\/types\/post"}],"author":[{"embeddable":true,"href":"https:\/\/www.europesays.com\/ro\/wp-json\/wp\/v2\/users\/2"}],"replies":[{"embeddable":true,"href":"https:\/\/www.europesays.com\/ro\/wp-json\/wp\/v2\/comments?post=205908"}],"version-history":[{"count":0,"href":"https:\/\/www.europesays.com\/ro\/wp-json\/wp\/v2\/posts\/205908\/revisions"}],"wp:featuredmedia":[{"embeddable":true,"href":"https:\/\/www.europesays.com\/ro\/wp-json\/wp\/v2\/media\/202126"}],"wp:attachment":[{"href":"https:\/\/www.europesays.com\/ro\/wp-json\/wp\/v2\/media?parent=205908"}],"wp:term":[{"taxonomy":"category","embeddable":true,"href":"https:\/\/www.europesays.com\/ro\/wp-json\/wp\/v2\/categories?post=205908"},{"taxonomy":"post_tag","embeddable":true,"href":"https:\/\/www.europesays.com\/ro\/wp-json\/wp\/v2\/tags?post=205908"}],"curies":[{"name":"wp","href":"https:\/\/api.w.org\/{rel}","templated":true}]}}