{"id":205993,"date":"2026-06-15T15:15:10","date_gmt":"2026-06-15T15:15:10","guid":{"rendered":"https:\/\/www.europesays.com\/ro\/205993\/"},"modified":"2026-06-15T15:15:10","modified_gmt":"2026-06-15T15:15:10","slug":"grecii-anunta-plecarea-lui-razvan-lucescu-patronul-ivan-savvidis-si-a-dat-acordul","status":"publish","type":"post","link":"https:\/\/www.europesays.com\/ro\/205993\/","title":{"rendered":"Grecii anun\u021b\u0103 plecarea lui R\u0103zvan Lucescu! Patronul Ivan Savvidis \u0219i-a dat acordul"},"content":{"rendered":"<p>\n            Articol de <a rel=\"author nofollow noopener\" href=\"https:\/\/www.gsp.ro\/autor\/aurelian-botezatu-80.html\" target=\"_blank\">Aurelian Botezatu<\/a>            &#8211; Publicat luni, 15 iunie 2026,  14:33            \/ Actualizat luni, 15 iunie 2026 14:39                    <\/p>\n<p>Cotidianul Gazzetta.gr confirm\u0103 ceea ce s-a scris \u00een ultimele zile, anume c\u0103 R\u0103zvan Lucescu (57 de ani) \u0219i PAOK se \u00eendreapt\u0103 spre sf\u00e2r\u0219itul parteneriatului lor.<\/p>\n<p class=\"do-not-hide\">Publica\u021bia amintit\u0103 scrie c\u0103 R\u0103zvan Lucescu a avut mai multe discu\u021bii cu patronul Ivan Savvidis \u0219i c\u0103 \u201ecele dou\u0103 p\u0103r\u021bi au ajuns la o decizie comun\u0103, aceea de divor\u021b, prin care se \u00eenchide unul dintre cele mai de succes cicluri din istoria clubului\u201d.<\/p>\n<p>Gazzetta.gr: \u201eR\u0103zvan Lucescu, cel mai de succes antrenor din istoria lui PAOK\u201d<\/p>\n<p>Acela\u0219i cotidian puncteaz\u0103 c\u0103 \u201edup\u0103 cinci ani \u00een al doilea mandat \u0219i aproape \u0219apte \u00een total pe banca echipei, rom\u00e2nul \u00een v\u00e2rst\u0103 de 57 de ani p\u0103r\u0103se\u0219te clubul ca cel mai de succes antrenor din istoria lui PAOK\u201d.<\/p>\n<p>R\u0103zvan a c\u00e2\u0219tigat dou\u0103 campionate ale Greciei, unul ne\u00eenvins, \u00een sezonul 2018 &#8211; 2019, dou\u0103 Cupe ale Greciei, a condus PAOK \u00een multe nop\u021bi europene istorice \u0219i \u0219i-a legat numele de cea mai de succes perioad\u0103 din istoria modern\u0103 a clubului, care poart\u0103 semn\u0103tura lui Ivan Savvidis.<\/p>\n<p>Gazzetta.gr: \u201eA devenit clar c\u0103 cele dou\u0103 p\u0103r\u021bi \u00eent\u00e2mpin\u0103 dificult\u0103\u021bi \u00een g\u0103sirea unei c\u0103i comune pentru viitor\u201d<\/p>\n<p>\u201eDincolo de titluri, antrenorul rom\u00e2n a reu\u0219it s\u0103 creeze o rela\u021bie special\u0103 cu comunitatea PAOK, cu Salonicul \u0219i cu clubul \u00een ansamblu. O rela\u021bie care a dep\u0103\u0219it adesea limitele unei colabor\u0103ri profesionale. Recent, \u00eens\u0103, a devenit clar c\u0103 cele dou\u0103 p\u0103r\u021bi \u00eent\u00e2mpin\u0103 dificult\u0103\u021bi \u00een g\u0103sirea unei c\u0103i comune pentru viitor.<\/p>\n<p>Schimb\u0103rile care au loc la nivel administrativ \u0219i organiza\u021bional, abordarea diferit\u0103 a proiectului competitiv, sezonul e\u0219uat de anul trecut \u0219i restructurarea general\u0103 care este \u00een curs de desf\u0103\u0219urare au dus \u00een cele din urm\u0103 la decizia de a \u00eenchide ciclul de cooperare\u201d, explic\u0103 Gazzetta.gr situa\u021bia de ansamblu care a dus la ruperea contractului cu 12 luni \u00eenainte de \u00eencheierea lui propriu-zis\u0103.<\/p>\n<p>Por\u021bi larg deschise pentru R\u0103zvan Lucescu la Al-Sadd<\/p>\n<p>Conform unor surse GPP, Lucescu junior se \u00eendreapt\u0103 c\u0103tre un angajament la Al-Sadd. S\u00e2mb\u0103t\u0103 sear\u0103 s-a oficializat desp\u0103r\u021birea lui Roberto Mancini de clubul din Qatar, italianul urm\u00e2nd s\u0103 accepte, foarte probabil, oferta de reveni ca selec\u021bioner al \u201eSquadrei Azzurra\u201d. Astfel c\u0103 por\u021bile transferului \u00een Qatar al lui R\u0103zvan Lucescu se deschid \u0219i mai larg.<\/p>\n<p>Surse consultate de GSP.ro sus\u021bin c\u0103 Al-Sadd a intensificat discu\u021biile cu antrenorul lui PAOK \u0219i va face pa\u0219i concre\u021bi \u00een orele urm\u0103toare \u00een direc\u021bia angaj\u0103rii lui. Plata celor 4 milioane de euro, c\u00e2t reprezint\u0103 clauza de reziliere a acordului lui Lucescu, nu poate fi o problem\u0103.<\/p>\n","protected":false},"excerpt":{"rendered":"Articol de Aurelian Botezatu &#8211; Publicat luni, 15 iunie 2026, 14:33 \/ Actualizat luni, 15 iunie 2026 14:39&hellip;\n","protected":false},"author":2,"featured_media":202405,"comment_status":"","ping_status":"","sticky":false,"template":"","format":"standard","meta":{"footnotes":"","_share_on_mastodon":"0"},"categories":[20],"tags":[45913,528,4842,2385,2466,41,40,38,39,185,184],"class_list":["post-205993","post","type-post","status-publish","format-standard","has-post-thumbnail","category-sport","tag-al-sadd","tag-contract","tag-despartire","tag-paok","tag-razvan-lucescu","tag-ro","tag-romana","tag-romania","tag-romanian","tag-sport","tag-sports"],"share_on_mastodon":{"url":"https:\/\/pubeurope.com\/@ro\/116754784283527764","error":""},"_links":{"self":[{"href":"https:\/\/www.europesays.com\/ro\/wp-json\/wp\/v2\/posts\/205993","targetHints":{"allow":["GET"]}}],"collection":[{"href":"https:\/\/www.europesays.com\/ro\/wp-json\/wp\/v2\/posts"}],"about":[{"href":"https:\/\/www.europesays.com\/ro\/wp-json\/wp\/v2\/types\/post"}],"author":[{"embeddable":true,"href":"https:\/\/www.europesays.com\/ro\/wp-json\/wp\/v2\/users\/2"}],"replies":[{"embeddable":true,"href":"https:\/\/www.europesays.com\/ro\/wp-json\/wp\/v2\/comments?post=205993"}],"version-history":[{"count":0,"href":"https:\/\/www.europesays.com\/ro\/wp-json\/wp\/v2\/posts\/205993\/revisions"}],"wp:featuredmedia":[{"embeddable":true,"href":"https:\/\/www.europesays.com\/ro\/wp-json\/wp\/v2\/media\/202405"}],"wp:attachment":[{"href":"https:\/\/www.europesays.com\/ro\/wp-json\/wp\/v2\/media?parent=205993"}],"wp:term":[{"taxonomy":"category","embeddable":true,"href":"https:\/\/www.europesays.com\/ro\/wp-json\/wp\/v2\/categories?post=205993"},{"taxonomy":"post_tag","embeddable":true,"href":"https:\/\/www.europesays.com\/ro\/wp-json\/wp\/v2\/tags?post=205993"}],"curies":[{"name":"wp","href":"https:\/\/api.w.org\/{rel}","templated":true}]}}