{"id":206042,"date":"2026-06-15T16:10:16","date_gmt":"2026-06-15T16:10:16","guid":{"rendered":"https:\/\/www.europesays.com\/ro\/206042\/"},"modified":"2026-06-15T16:10:16","modified_gmt":"2026-06-15T16:10:16","slug":"antonia-este-mandra-de-mama-ei-denise-iacobescu-a-absolvit-facultatea-de-psihologie-la-aproape-60-de-ani","status":"publish","type":"post","link":"https:\/\/www.europesays.com\/ro\/206042\/","title":{"rendered":"Antonia este m\u00e2ndr\u0103 de mama ei. Denise Iacobescu a absolvit Facultatea de Psihologie la aproape 60 de ani"},"content":{"rendered":"<p class=\"isSelectedEnd\">Antonia a avut parte de un moment emo\u021bionant \u00een familie. Mama artistei, Denise Iacobescu, a absolvit Facultatea de Psihologie din cadrul Universit\u0103\u021bii Hyperion din Bucure\u0219ti, la aproape 60 de ani.<\/p>\n<p class=\"isSelectedEnd\">Artista a fost prezent\u0103 la festivitatea de absolvire \u0219i a \u021binut s\u0103 marcheze public reu\u0219ita mamei sale. Antonia a publicat imagini de la eveniment pe re\u021belele de socializare \u0219i i-a transmis un mesaj scurt, dar plin de emo\u021bie.<\/p>\n<p class=\"isSelectedEnd\">\u201eFelicit\u0103ri, mami. Te iubesc. Sunt m\u00e2ndr\u0103 de tine\u201d, a scris Antonia pe Insta Story.<\/p>\n<p class=\"isSelectedEnd\">Pentru Denise Iacobescu, absolvirea marcheaz\u0103 finalul unei etape importante de preg\u0103tire \u0219i dezvoltare profesional\u0103. Mama artistei a ales s\u0103 studieze psihologia dup\u0103 ce, de-a lungul timpului, a activat \u00een mai multe domenii \u0219i \u0219i-a construit un parcurs profesional divers.<\/p>\n<p><img decoding=\"async\" src=\"https:\/\/www.europesays.com\/ro\/wp-content\/uploads\/2026\/06\/NzYwZTEyNDc0YmQ5YzQ4MTAxMWUzMTdiODExMGQ=.thumb.jpg\" alt=\"https___wwwinstagramcom_p_DZf7ayuO13T_\" data-skip-htmlfix=\"1\" style=\"\"\/>   Denise Iacobescu \u0219i Antonia \/\/ Surs\u0103 foto: Instagram Denise Iacobescu a transmis un mesaj despre reinventare<\/p>\n<p class=\"isSelectedEnd\">Denise Iacobescu a vorbit \u0219i ea despre aceast\u0103 reu\u0219it\u0103 \u0219i a transmis un mesaj pentru cei care cred c\u0103 exist\u0103 o limit\u0103 de v\u00e2rst\u0103 atunci c\u00e2nd vine vorba despre educa\u021bie sau schimb\u0103ri profesionale.<\/p>\n<p class=\"isSelectedEnd\">\u201eNiciodat\u0103 nu este prea t\u00e2rziu s\u0103 te reinventezi profesional\u201d, a transmis Denise Iacobescu.<\/p>\n<p class=\"isSelectedEnd\">Mama Antoniei s-a \u00eentors \u00een Rom\u00e2nia din Statele Unite ale Americii \u00een 2007, iar de atunci a trecut prin mai multe etape profesionale. A fost implicat\u0103 \u00een antreprenoriat, activit\u0103\u021bi comerciale \u0219i industria cosmetic\u0103, dar \u0219i \u00een proiecte creative.<\/p>\n<p class=\"isSelectedEnd\">De-a lungul timpului, Denise Iacobescu \u0219i-a cultivat pasiunea pentru pictur\u0103 \u0219i obiecte hand-made, iar la un moment dat a lansat \u0219i o mic\u0103 afacere cu br\u0103\u021b\u0103ri realizate manual.<\/p>\n<p>Pute\u0163i urm\u0103ri \u0218tirile UTV \u015fi pe<br \/>\n                            <a href=\"https:\/\/news.google.com\/publications\/CAAqBwgKMPzSpgww4uDsAg?ceid=RO:ro&amp;oc=3\" target=\"_blank\" rel=\"nofollow noopener\">Google News<\/a>!\n                        <\/p>\n","protected":false},"excerpt":{"rendered":"Antonia a avut parte de un moment emo\u021bionant \u00een familie. Mama artistei, Denise Iacobescu, a absolvit Facultatea de&hellip;\n","protected":false},"author":2,"featured_media":206043,"comment_status":"","ping_status":"","sticky":false,"template":"","format":"standard","meta":{"footnotes":"","_share_on_mastodon":"0"},"categories":[5],"tags":[14033,32,33,31,58014,2314,36,37,27,34,35,25,41,40,38,39,26,28,29,30],"class_list":["post-206042","post","type-post","status-publish","format-standard","has-post-thumbnail","category-titluri","tag-antonia","tag-breaking-news","tag-breakingnews","tag-cele-mai-populare-subiecte","tag-denise-iacobescu","tag-familie","tag-featured-news","tag-featurednews","tag-headlines","tag-latest-news","tag-latestnews","tag-news","tag-ro","tag-romana","tag-romania","tag-romanian","tag-stiri","tag-titluri","tag-top-stories","tag-topstories"],"share_on_mastodon":{"url":"https:\/\/pubeurope.com\/@ro\/116755001079198669","error":""},"_links":{"self":[{"href":"https:\/\/www.europesays.com\/ro\/wp-json\/wp\/v2\/posts\/206042","targetHints":{"allow":["GET"]}}],"collection":[{"href":"https:\/\/www.europesays.com\/ro\/wp-json\/wp\/v2\/posts"}],"about":[{"href":"https:\/\/www.europesays.com\/ro\/wp-json\/wp\/v2\/types\/post"}],"author":[{"embeddable":true,"href":"https:\/\/www.europesays.com\/ro\/wp-json\/wp\/v2\/users\/2"}],"replies":[{"embeddable":true,"href":"https:\/\/www.europesays.com\/ro\/wp-json\/wp\/v2\/comments?post=206042"}],"version-history":[{"count":0,"href":"https:\/\/www.europesays.com\/ro\/wp-json\/wp\/v2\/posts\/206042\/revisions"}],"wp:featuredmedia":[{"embeddable":true,"href":"https:\/\/www.europesays.com\/ro\/wp-json\/wp\/v2\/media\/206043"}],"wp:attachment":[{"href":"https:\/\/www.europesays.com\/ro\/wp-json\/wp\/v2\/media?parent=206042"}],"wp:term":[{"taxonomy":"category","embeddable":true,"href":"https:\/\/www.europesays.com\/ro\/wp-json\/wp\/v2\/categories?post=206042"},{"taxonomy":"post_tag","embeddable":true,"href":"https:\/\/www.europesays.com\/ro\/wp-json\/wp\/v2\/tags?post=206042"}],"curies":[{"name":"wp","href":"https:\/\/api.w.org\/{rel}","templated":true}]}}