{"id":206224,"date":"2026-06-15T20:28:16","date_gmt":"2026-06-15T20:28:16","guid":{"rendered":"https:\/\/www.europesays.com\/ro\/206224\/"},"modified":"2026-06-15T20:28:16","modified_gmt":"2026-06-15T20:28:16","slug":"avertisment-pentru-gica-hagi-viitoarea-adversara-a-romaniei-a-defilat-la-mondiale-o-adevarata-amenintare","status":"publish","type":"post","link":"https:\/\/www.europesays.com\/ro\/206224\/","title":{"rendered":"Avertisment pentru Gic\u0103 Hagi. Viitoarea adversar\u0103 a Rom\u00e2niei a defilat la Mondiale: \u201dO adev\u0103rat\u0103 amenin\u021bare\u201d"},"content":{"rendered":"<p>Luni, 15 Iunie 2026, ora 11:38<\/p>\n<p>1278 citiri<\/p>\n<p><a class=\"news__image\" data-href=\"https:\/\/s1.ziareromania.ro\/?mmid=1601856b19990fa597\" data-size=\"462x310\" title=\"Avertisment pentru Gic\u0103 Hagi. Viitoarea adversar\u0103 a Rom\u00e2niei a defilat la Mondiale: \u201dO adev\u0103rat\u0103 amenin\u021bare\u201d\"><img decoding=\"async\" src=\"https:\/\/www.europesays.com\/ro\/wp-content\/uploads\/2026\/06\/Avertisment-pentru-Gic---Hagi--Viitoarea-adversar---a-Rom--niei-a-defilat-la-Mondiale-----O-adev--ra.jpeg\" alt=\"Avertisment pentru Gic\u0103 Hagi. Viitoarea adversar\u0103 a Rom\u00e2niei a defilat la Mondiale: \u201dO adev\u0103rat\u0103 amenin\u021bare\u201d\" title=\"Avertisment pentru Gic\u0103 Hagi. Viitoarea adversar\u0103 a Rom\u00e2niei a defilat la Mondiale: \u201dO adev\u0103rat\u0103 amenin\u021bare\u201d\" class=\"img-responsive\"\/><\/a><\/p>\n<p>Isak (dreapta) \u0219i Gyokeres FOTO X Brfootball<\/p>\n<p>Antrenorul Suediei, Graham Potter, a l\u0103udat chimia dintre atacan\u021bii Alexander Isak \u0219i Viktor Gyokeres, dup\u0103 ce ace\u0219tia au distrus ap\u0103rarea Tunisiei (5-1), duminic\u0103, \u00een meciul de deschidere al scandinavilor la Cupa Mondial\u0103, scrie EFE.<\/p>\n<p>Suedia, care e viitoarea adversar\u0103 a Rom\u00e2niei selec\u021bionerului Gic\u0103 Hagi, la 25 septembrie, \u00een deplasare, \u00een primul meci din Liga Na\u021biunilor, s-a impus clar prin golurile marcate de Yasin Ayari (7, 90+6), Alexander Isak (30), Viktor Gyokeres (59), Mattias Svanberg (86). Pentru &#8221;Vulturii din Cartagina&#8221; a punctat Omar Rekik (43).<\/p>\n<p>Isak \u0219i Gyokeres au reprezentat principala amenin\u021bare pentru Tunisia pe tot parcursul meciului, ambii marc\u00e2nd c\u00e2te un gol \u0219i au creat o serie de alte ocazii, suedezii ajung\u00e2nd cu u\u0219urin\u021b\u0103 la prima lor victorie \u00een Grupa F.<\/p>\n<p>&#8221;Individual, desigur, sunt juc\u0103tori de top, dar cred c\u0103 \u00eempreun\u0103 pot fi o adev\u0103rat\u0103 amenin\u021bare, a declarat Potter \u00eentr-o conferin\u021b\u0103 de pres\u0103. Cred c\u0103 vor deveni din ce \u00een ce mai buni cu c\u00e2t joac\u0103 mai mult; se completeaz\u0103 foarte bine. Sunt foarte mul\u021bumit de juc\u0103tori. \u0218tim calitatea individual\u0103 din pozi\u021biile de atac, dar aveau nevoie de o echip\u0103 pentru a func\u021biona. Nu am fost perfec\u021bi; \u0219tiam c\u0103 nu vom fi. Dar la \u00eenceputul meciului, cred c\u0103 am avut un bun control.&#8221;<\/p>\n<p>Suedia \u0219i Tunisia s-au \u00eent\u00e2lnit \u00een premier\u0103 la Cupa Mondial\u0103.<\/p>\n<p>Tunisia nu primise niciun gol \u00een calific\u0103ri, dar duminic\u0103 a marcat un gol \u00een al doilea meci consecutiv \u00een care primiser\u0103 cinci goluri, dup\u0103 ce au pierdut cu \u00een fa\u021ba Belgiei (0-5) \u00eentr-un meci de preg\u0103tire \u00eenainte de turneu.<\/p>\n<p>Urm\u0103toarele <a href=\"https:\/\/ziare.com\/fotbal\/meciuri\/\" title=\"meciuri\" rel=\"nofollow noopener\" target=\"_blank\">meciuri<\/a> al Suediei sunt \u00eempotriva Olandei, pe 20 iunie, la Houston \u0219i Japoniei (26 iunie), Tunisia urm\u00e2nd s\u0103 \u00eenfrunte Japonia (21 iunie) \u0219i Olanda (26 iunie).<\/p>\n<p>&#8221;Urm\u0103torul nostru adversar este unul dintre favori\u021bi \u0219i ne preg\u0103tim s\u0103 le oferim un meci grozav. \u0218tim c\u0103 vom \u00eent\u00e2lni o echip\u0103 de top \u0219i trebuie s\u0103 fim preg\u0103ti\u021bi pentru asta&#8221;, a spus Potter, vizavi de meciul cu olandezii.<\/p>\n<p>Suedezii conduc Grupa F cu trei puncte, cu dou\u0103 mai mult dec\u00e2t Olanda \u0219i Japonia, care au remizat duminic\u0103.<\/p>\n<p>\u021ai-a pl\u0103cut articolul?<\/p>\n<p> Vrem s\u0103 producem mai multe, \u00eens\u0103 avem nevoie de sus\u021binerea ta. Orice dona\u021bie conteaz\u0103 pentru jurnalismul independent <\/p>\n","protected":false},"excerpt":{"rendered":"Luni, 15 Iunie 2026, ora 11:38 1278 citiri Isak (dreapta) \u0219i Gyokeres FOTO X Brfootball Antrenorul Suediei, Graham&hellip;\n","protected":false},"author":2,"featured_media":206225,"comment_status":"","ping_status":"","sticky":false,"template":"","format":"standard","meta":{"footnotes":"","_share_on_mastodon":"0"},"categories":[20],"tags":[10279,1418,8854,878,41,40,38,39,185,184,4547],"class_list":["post-206224","post","type-post","status-publish","format-standard","has-post-thumbnail","category-sport","tag-adversara","tag-avertisment","tag-campionatul-mondial-2026","tag-gica-hagi","tag-ro","tag-romana","tag-romania","tag-romanian","tag-sport","tag-sports","tag-suedia"],"share_on_mastodon":{"url":"https:\/\/pubeurope.com\/@ro\/116756015264497348","error":""},"_links":{"self":[{"href":"https:\/\/www.europesays.com\/ro\/wp-json\/wp\/v2\/posts\/206224","targetHints":{"allow":["GET"]}}],"collection":[{"href":"https:\/\/www.europesays.com\/ro\/wp-json\/wp\/v2\/posts"}],"about":[{"href":"https:\/\/www.europesays.com\/ro\/wp-json\/wp\/v2\/types\/post"}],"author":[{"embeddable":true,"href":"https:\/\/www.europesays.com\/ro\/wp-json\/wp\/v2\/users\/2"}],"replies":[{"embeddable":true,"href":"https:\/\/www.europesays.com\/ro\/wp-json\/wp\/v2\/comments?post=206224"}],"version-history":[{"count":0,"href":"https:\/\/www.europesays.com\/ro\/wp-json\/wp\/v2\/posts\/206224\/revisions"}],"wp:featuredmedia":[{"embeddable":true,"href":"https:\/\/www.europesays.com\/ro\/wp-json\/wp\/v2\/media\/206225"}],"wp:attachment":[{"href":"https:\/\/www.europesays.com\/ro\/wp-json\/wp\/v2\/media?parent=206224"}],"wp:term":[{"taxonomy":"category","embeddable":true,"href":"https:\/\/www.europesays.com\/ro\/wp-json\/wp\/v2\/categories?post=206224"},{"taxonomy":"post_tag","embeddable":true,"href":"https:\/\/www.europesays.com\/ro\/wp-json\/wp\/v2\/tags?post=206224"}],"curies":[{"name":"wp","href":"https:\/\/api.w.org\/{rel}","templated":true}]}}